{"id":52224,"date":"2025-07-04T08:20:37","date_gmt":"2025-07-04T06:20:37","guid":{"rendered":"https:\/\/edublog.educastur.es\/ixuxu\/?p=52224"},"modified":"2025-07-05T11:52:07","modified_gmt":"2025-07-05T09:52:07","slug":"estau-del-tiempu-sabadu-04-xunetu","status":"publish","type":"post","link":"https:\/\/edublog.educastur.es\/ixuxu\/2025\/07\/estau-del-tiempu-sabadu-04-xunetu\/","title":{"rendered":"Est\u00e1u del tiempu: s\u00e1badu 04 xunetu"},"content":{"rendered":"<div class=\"html-div xdj266r xat24cr x1lziwak xexx8yu xyri2b x18d9i69 x1c1uobl x78zum5 x2lah0s xqtp20y x1xegmmw\">\n<div class=\"x1vqgdyp x100vrsf\">\n<div class=\"\"><\/div>\n<\/div>\n<\/div>\n<div class=\"html-div xdj266r x14z9mp xat24cr x1lziwak xexx8yu xyri2b x18d9i69 x1c1uobl x1iyjqo2 xeuugli\">\n<div class=\"x78zum5 xdt5ytf xz62fqu x16ldp7u\">\n<div class=\"xu06os2 x1ok221b\">\n<div class=\"html-div xdj266r x14z9mp xat24cr x1lziwak xexx8yu xyri2b x18d9i69 x1c1uobl\" data-ad-rendering-role=\"profile_name\">\n<ul>\n<li id=\"_r_10v_\" class=\"html-h2 x14z9mp xat24cr x1lziwak xexx8yu xyri2b x18d9i69 x1c1uobl x1vvkbs x1heor9g x1qlqyl8 x1pd3egz x1a2a7pz x1gslohp x1yc453h\"><span class=\"xt0psk2\"><span class=\"xjp7ctv\"><a class=\"x1i10hfl xjbqb8w x1ejq31n x18oe1m7 x1sy0etr xstzfhl x972fbf x10w94by x1qhh985 x14e42zd x9f619 x1ypdohk xt0psk2 xe8uvvx xdj266r x14z9mp xat24cr x1lziwak xexx8yu xyri2b x18d9i69 x1c1uobl x16tdsg8 x1hl2dhg xggy1nq x1a2a7pz xkrqix3 x1sur9pj xzsf02u x1s688f\" role=\"link\" href=\"https:\/\/www.facebook.com\/eltiempuenasturies?__cft__[0]=AZWFv__HVjkP3QJtvvOOarZ6grYeIf_U-aTTu5DbmIA6aYfXzC0Tzpghj33ktIapYTsHRuEUz3fBYqrn-EaHC_r1J2_aZIX2ZSDVQYfeVobMXs5O3JMH3fewJ20Kz-L_Tm55P8wuVqzRswqwACyVVerSzT2h3dCPzDZBZnV3WtBC-9V_1FEU-w3WSsGp8bOlMI9587SN0P8StCUMf9rmF215&amp;__tn__=-UC%2CP-R\"><strong class=\"html-strong xdj266r x14z9mp xat24cr x1lziwak xexx8yu xyri2b x18d9i69 x1c1uobl x1hl2dhg x16tdsg8 x1vvkbs x1s688f\"><span class=\"html-span xdj266r x14z9mp xat24cr x1lziwak xexx8yu xyri2b x18d9i69 x1c1uobl x1hl2dhg x16tdsg8 x1vvkbs\">El Tiempu n&#8217;Asturies.<\/span><\/strong><\/a><\/span><\/span><\/li>\n<\/ul>\n<\/div>\n<\/div>\n<div class=\"xu06os2 x1ok221b\"><\/div>\n<\/div>\n<\/div>\n<div class=\"html-div xdj266r x14z9mp xat24cr x1lziwak xexx8yu xyri2b x18d9i69 x1c1uobl\" dir=\"auto\">\n<div class=\"html-div xdj266r x14z9mp xat24cr x1lziwak xexx8yu xyri2b x18d9i69 x1c1uobl\" data-ad-rendering-role=\"story_message\">\n<div id=\"_r_111_\" class=\"x1l90r2v x1iorvi4 x1g0dm76 xpdmqnj\" data-ad-comet-preview=\"message\" data-ad-preview=\"message\">\n<div class=\"x78zum5 xdt5ytf xz62fqu x16ldp7u\">\n<div class=\"xu06os2 x1ok221b\">\n<div class=\"html-div xdj266r x14z9mp xat24cr x1lziwak xexx8yu xyri2b x18d9i69 x1c1uobl\">\n<div class=\"x14z9mp xat24cr x1lziwak x1vvkbs xtlvy1s x126k92a\">\n<ul>\n<li dir=\"auto\"><strong><span style=\"color: #008080\">Alborecemos<\/span><\/strong> con nubosid\u00e1 baxa y delles nublines pela costa, tando escampl\u00e1u pela cordelera con unes temperatures que tan alrodiu de los 18\u00baC, rexistr\u00e1ndose nel puirtu Payares 12,5\u00baC.<\/li>\n<\/ul>\n<\/div>\n<div class=\"x14z9mp xat24cr x1lziwak x1vvkbs xtlvy1s x126k92a\">\n<ul>\n<li dir=\"auto\"><strong><span style=\"color: #008080\">G\u00fcei<\/span><\/strong> pali que pali van dir dixebr\u00e1ndose los borrinos y nublines del alborecer pa dexanos un d\u00eda soleyeru y perguapu con unes temperatures n&#8217;ascensu que sedr\u00e1 m\u00e1s acus\u00e1u nel interior. Al atapecer tornar\u00e1 la nubosid\u00e1 estratificada a la fastera central asturiana y ye mui probable que tengamos nublines d&#8217;advenci\u00f3n na primer llinea de costa que puen ser persistentes na fastera m\u00e1s ocidental y menos probables alrodiu del cabu Pe\u00f1es. L&#8217;aire sedr\u00e1 sele en xeneral de componente norte.<\/li>\n<\/ul>\n<p><!--more--><\/p>\n<\/div>\n<div class=\"x14z9mp xat24cr x1lziwak x1vvkbs xtlvy1s x126k92a\">\n<ul>\n<li dir=\"auto\"><strong><span style=\"color: #008080\">Ma\u00f1ana domingu<\/span><\/strong> vamos tener dalguna nube m\u00e1s, sobre too pel llitoral ocidental, abriendo&#8217;l d\u00eda nel restu mentantu alrodiu la cordelera van tener el cielu escampl\u00e1u con unes temperatures en llixeru descensu. Al atapecer aumentar\u00e1 la nubosid\u00e1 y mos dexar\u00e1 col camudu&#8217;l d\u00eda precipitaciones en forma d&#8217;orp\u00edn.<\/li>\n<\/ul>\n<\/div>\n<div class=\"x14z9mp xat24cr x1lziwak x1vvkbs xtlvy1s x126k92a\">\n<ul>\n<li dir=\"auto\"><strong><span style=\"color: #008080\">El llunes<\/span><\/strong> va tar el cielu mui nuboso con precipitaciones febles pela ma\u00f1ana, am\u00e1s les temperatures descender\u00e1n moderadamente y l&#8217;aire sedr\u00e1 de componente norte.<\/li>\n<\/ul>\n<\/div>\n<div class=\"x14z9mp xat24cr x1lziwak x1vvkbs xtlvy1s x126k92a\">\n<ul>\n<li dir=\"auto\"><strong><span style=\"color: #008080\">L&#8217;alborecer del martes<\/span><\/strong> toca chaquetina, les temperatures van baxar hasta los 12-13\u00baC na mayor parte d&#8217;Asturies anque dempu\u00e9s la llume del sol calecer\u00e1 l&#8217;ambiente y paez que tendremos una selmana seliquina y braniega.<\/li>\n<\/ul>\n<\/div>\n<\/div>\n<\/div>\n<\/div>\n<\/div>\n<\/div>\n<\/div>\n<p>&nbsp;<\/p>\n","protected":false},"excerpt":{"rendered":"<p>El Tiempu n&#8217;Asturies. Alborecemos con nubosid\u00e1 baxa y delles nublines pela costa, tando escampl\u00e1u pela cordelera con unes temperatures que tan alrodiu de los 18\u00baC, rexistr\u00e1ndose nel puirtu Payares 12,5\u00baC. G\u00fcei pali que pali van dir dixebr\u00e1ndose los borrinos y nublines del alborecer pa dexanos un d\u00eda soleyeru y perguapu con unes temperatures n&#8217;ascensu que [&hellip;]<\/p>\n","protected":false},"author":117,"featured_media":0,"comment_status":"closed","ping_status":"open","sticky":false,"template":"","format":"standard","meta":{"footnotes":""},"categories":[5],"tags":[],"class_list":["post-52224","post","type-post","status-publish","format-standard","hentry","category-tiempu"],"_links":{"self":[{"href":"https:\/\/edublog.educastur.es\/ixuxu\/wp-json\/wp\/v2\/posts\/52224","targetHints":{"allow":["GET"]}}],"collection":[{"href":"https:\/\/edublog.educastur.es\/ixuxu\/wp-json\/wp\/v2\/posts"}],"about":[{"href":"https:\/\/edublog.educastur.es\/ixuxu\/wp-json\/wp\/v2\/types\/post"}],"author":[{"embeddable":true,"href":"https:\/\/edublog.educastur.es\/ixuxu\/wp-json\/wp\/v2\/users\/117"}],"replies":[{"embeddable":true,"href":"https:\/\/edublog.educastur.es\/ixuxu\/wp-json\/wp\/v2\/comments?post=52224"}],"version-history":[{"count":1,"href":"https:\/\/edublog.educastur.es\/ixuxu\/wp-json\/wp\/v2\/posts\/52224\/revisions"}],"predecessor-version":[{"id":52225,"href":"https:\/\/edublog.educastur.es\/ixuxu\/wp-json\/wp\/v2\/posts\/52224\/revisions\/52225"}],"wp:attachment":[{"href":"https:\/\/edublog.educastur.es\/ixuxu\/wp-json\/wp\/v2\/media?parent=52224"}],"wp:term":[{"taxonomy":"category","embeddable":true,"href":"https:\/\/edublog.educastur.es\/ixuxu\/wp-json\/wp\/v2\/categories?post=52224"},{"taxonomy":"post_tag","embeddable":true,"href":"https:\/\/edublog.educastur.es\/ixuxu\/wp-json\/wp\/v2\/tags?post=52224"}],"curies":[{"name":"wp","href":"https:\/\/api.w.org\/{rel}","templated":true}]}}