{"id":52226,"date":"2025-07-04T08:52:13","date_gmt":"2025-07-04T06:52:13","guid":{"rendered":"https:\/\/edublog.educastur.es\/ixuxu\/?p=52226"},"modified":"2025-07-05T11:54:50","modified_gmt":"2025-07-05T09:54:50","slug":"el-tiempu-el-comercio-83","status":"publish","type":"post","link":"https:\/\/edublog.educastur.es\/ixuxu\/2025\/07\/el-tiempu-el-comercio-83\/","title":{"rendered":"El tiempu (El Comercio)"},"content":{"rendered":"<p><a href=\"https:\/\/s2.ppllstatics.com\/elcomercio\/www\/multimedia\/2025\/07\/03\/prevision-tiempo-asturias-kYF-U2301948938566Ca-1200x860@El%20Comercio.jpg\"><img loading=\"lazy\" decoding=\"async\" class=\"aligncenter size-large\" src=\"https:\/\/s2.ppllstatics.com\/elcomercio\/www\/multimedia\/2025\/07\/03\/prevision-tiempo-asturias-kYF-U2301948938566Ca-1200x860@El%20Comercio.jpg\" width=\"1200\" height=\"860\" \/><\/a><\/p>\n<p>Esperamos cielos bien nublos polo xeneral con posibilid\u00e1 de delles precipitaciones d\u00e9biles. <strong>A lo llargo de la tarde<\/strong> prevese que les nubes s\u00edan cada vez menos compactes y puedan dise abriendo claros nel cielu, sobremanera na mari\u00f1a y zones de la met\u00e1 norte asturiana.<strong> La probabilid\u00e1 d&#8217;ag\u00fces<\/strong> pela tarde va ser m\u00e1s baxa, pero asina tou nun se refuga qu&#8217;ent\u00e1 puedan escapase dellos bastios nel cordal. <strong>Tocantes a les temperatures<\/strong>,<strong> les m\u00e1ximes<\/strong> van xubir de forma xeneralizada. Esta xubida va ser muncho m\u00e1s significativa cuanto m\u00e1s movamos escontra&#8217;l sur de la rex\u00f3n. Nel cordal van xubir hasta 6 \u00baC, nel restu del interior hasta 4 o 5 \u00baC, y na mari\u00f1a y zones pr\u00f3ximes hasta 2 o 3 \u00baC. <strong>Les m\u00ednimes<\/strong> van xubir llixeramente en puntos del interior occidental y nel sur d&#8217;Asturies, calteni\u00e9ndose ensin cambeos nel restu.<\/p>\n<p><!--more--><\/p>\n<ul>\n<li><strong>El s\u00e1badu<\/strong> volveremos tener nubosid\u00e1 pela ma\u00f1ana pero con posibilid\u00e1 de delles escamplaes pela tarde. Les precipitaciones, nel casu de dase, van ser d\u00e9biles y ensin importancia. Les temperatures van ser bien similares, salvo nel cordal onde podr\u00eden baxar un poco.<\/li>\n<li><strong>Pocos cambeos para&#8217;l domingu<\/strong>, pero&#8217;l llunes va ser un d\u00eda bien paec\u00edu a esti mi\u00e9rcoles pas\u00e1u con nubes, ag\u00fces y un descensu t\u00e9rmicu notable.<\/li>\n<\/ul>\n","protected":false},"excerpt":{"rendered":"<p>Esperamos cielos bien nublos polo xeneral con posibilid\u00e1 de delles precipitaciones d\u00e9biles. A lo llargo de la tarde prevese que les nubes s\u00edan cada vez menos compactes y puedan dise abriendo claros nel cielu, sobremanera na mari\u00f1a y zones de la met\u00e1 norte asturiana. La probabilid\u00e1 d&#8217;ag\u00fces pela tarde va ser m\u00e1s baxa, pero asina [&hellip;]<\/p>\n","protected":false},"author":117,"featured_media":0,"comment_status":"closed","ping_status":"open","sticky":false,"template":"","format":"standard","meta":{"footnotes":""},"categories":[5],"tags":[],"class_list":["post-52226","post","type-post","status-publish","format-standard","hentry","category-tiempu"],"_links":{"self":[{"href":"https:\/\/edublog.educastur.es\/ixuxu\/wp-json\/wp\/v2\/posts\/52226","targetHints":{"allow":["GET"]}}],"collection":[{"href":"https:\/\/edublog.educastur.es\/ixuxu\/wp-json\/wp\/v2\/posts"}],"about":[{"href":"https:\/\/edublog.educastur.es\/ixuxu\/wp-json\/wp\/v2\/types\/post"}],"author":[{"embeddable":true,"href":"https:\/\/edublog.educastur.es\/ixuxu\/wp-json\/wp\/v2\/users\/117"}],"replies":[{"embeddable":true,"href":"https:\/\/edublog.educastur.es\/ixuxu\/wp-json\/wp\/v2\/comments?post=52226"}],"version-history":[{"count":3,"href":"https:\/\/edublog.educastur.es\/ixuxu\/wp-json\/wp\/v2\/posts\/52226\/revisions"}],"predecessor-version":[{"id":52229,"href":"https:\/\/edublog.educastur.es\/ixuxu\/wp-json\/wp\/v2\/posts\/52226\/revisions\/52229"}],"wp:attachment":[{"href":"https:\/\/edublog.educastur.es\/ixuxu\/wp-json\/wp\/v2\/media?parent=52226"}],"wp:term":[{"taxonomy":"category","embeddable":true,"href":"https:\/\/edublog.educastur.es\/ixuxu\/wp-json\/wp\/v2\/categories?post=52226"},{"taxonomy":"post_tag","embeddable":true,"href":"https:\/\/edublog.educastur.es\/ixuxu\/wp-json\/wp\/v2\/tags?post=52226"}],"curies":[{"name":"wp","href":"https:\/\/api.w.org\/{rel}","templated":true}]}}