{"id":52234,"date":"2025-07-04T20:00:58","date_gmt":"2025-07-04T18:00:58","guid":{"rendered":"https:\/\/edublog.educastur.es\/ixuxu\/?p=52234"},"modified":"2025-07-05T23:48:36","modified_gmt":"2025-07-05T21:48:36","slug":"52234","status":"publish","type":"post","link":"https:\/\/edublog.educastur.es\/ixuxu\/2025\/07\/52234\/","title":{"rendered":"Videuarte de la obra \u00abEl xard\u00edn de les delicies\u00bb d&#8217;El Bosco"},"content":{"rendered":"<div class=\"html-div xdj266r x14z9mp xat24cr x1lziwak xexx8yu xyri2b x18d9i69 x1c1uobl\" dir=\"auto\">\n<div class=\"html-div xdj266r x14z9mp xat24cr x1lziwak xexx8yu xyri2b x18d9i69 x1c1uobl\" data-ad-rendering-role=\"story_message\">\n<div id=\"_r_35v_\" class=\"x1l90r2v x1iorvi4 x1g0dm76 xpdmqnj\" data-ad-comet-preview=\"message\" data-ad-preview=\"message\">\n<div class=\"x78zum5 xdt5ytf xz62fqu x16ldp7u\">\n<div class=\"xu06os2 x1ok221b\">\n<div class=\"html-div xdj266r x14z9mp xat24cr x1lziwak xexx8yu xyri2b x18d9i69 x1c1uobl\">\n<div class=\"xdj266r x14z9mp xat24cr x1lziwak x1vvkbs x126k92a\">\n<div dir=\"auto\"><span class=\"html-span xexx8yu xyri2b x18d9i69 x1c1uobl x1hl2dhg x16tdsg8 x1vvkbs x3nfvp2 x1j61x8r x1fcty0u xdj266r xat24cr xm2jcoa x1mpyi22 xxymvpz xlup9mm x1kky2od\"><img loading=\"lazy\" decoding=\"async\" class=\"xz74otr x15mokao x1ga7v0g x16uus16 xbiv7yw\" src=\"https:\/\/static.xx.fbcdn.net\/images\/emoji.php\/v9\/t2d\/1\/16\/1f3ac.png\" alt=\"\ud83c\udfac\" width=\"16\" height=\"16\" \/><\/span> El tr\u00edu d&#8217;artistes neerlandeses \u00abSmack\u00bb reinterpreten en Speculum\u00a0 la ic\u00f3nica obra pict\u00f3rica<span style=\"color: #008080\"><strong> \u00abEl xard\u00edn de les delicies\u00bb<\/strong> d&#8217;El Bosco<\/span>, afaci\u00e9ndola al imaxinariu visual del sieglu XXI.<\/div>\n<div dir=\"auto\"><\/div>\n<div dir=\"auto\">Al travi\u00e9s d&#8217;un tr\u00edpticu impactante de videuarte, la pieza tresllada la complexa carga simb\u00f3lica del cuadru flamencu a la era dixital, convirti\u00e9ndolo nun espeyu de la socied\u00e1 contempor\u00e1nea. <span style=\"color: #008080\">Tres partes: l&#8217;<strong>Ed\u00e9n<\/strong><\/span> (Slicon Valley dixital), el <strong><span style=\"color: #008080\">Para\u00edsu<\/span><\/strong> (un mundu sum\u00edu pola imaxe, el consumismu y la superficialid\u00e1), L&#8217;<strong><span style=\"color: #008080\">Infiernu<\/span><\/strong> (sobreesposici\u00f3n en redes sociales, dependencia de los algoritmos y mercantilizaci\u00f3n de la identid\u00e1 dixital). Les mases nun mundu apoder\u00e1u pola tecnolox\u00eda y consumu. Perguapu Videuarte onde la utop\u00eda, el placer y el caos conviven nun problematicu equilibriu.<\/div>\n<\/div>\n<\/div>\n<\/div>\n<\/div>\n<\/div>\n<\/div>\n<\/div>\n<p><!--more--><\/p>\n<p style=\"text-align: center\">\n<!-- iframe plugin v.6.0 wordpress.org\/plugins\/iframe\/ -->\n<iframe loading=\"lazy\" src=\"https:\/\/www.facebook.com\/plugins\/post.php?href=https%3A%2F%2Fwww.facebook.com%2Fisa.lobo.35%2Fposts%2Fpfbid02arRXRcZ78aDiBk7STR2oeHDdnHrDU4jCSvXJdRVuwPUWA9f8FKnfugkqReGTcLW3l&#038;show_text=true&#038;width=500\" width=\"500\" height=\"0\" style=\"border:none;overflow:hidden\" scrolling=\"no\" frameborder=\"0\" allowfullscreen=\"true\" allow=\"autoplay; clipboard-write; encrypted-media; picture-in-picture; web-share\" 0=\"\/iframe\" class=\"iframe-class\"><\/iframe>\n<\/p>\n","protected":false},"excerpt":{"rendered":"<p>El tr\u00edu d&#8217;artistes neerlandeses \u00abSmack\u00bb reinterpreten en Speculum\u00a0 la ic\u00f3nica obra pict\u00f3rica \u00abEl xard\u00edn de les delicies\u00bb d&#8217;El Bosco, afaci\u00e9ndola al imaxinariu visual del sieglu XXI. Al travi\u00e9s d&#8217;un tr\u00edpticu impactante de videuarte, la pieza tresllada la complexa carga simb\u00f3lica del cuadru flamencu a la era dixital, convirti\u00e9ndolo nun espeyu de la socied\u00e1 contempor\u00e1nea. Tres [&hellip;]<\/p>\n","protected":false},"author":117,"featured_media":0,"comment_status":"closed","ping_status":"open","sticky":false,"template":"","format":"standard","meta":{"footnotes":""},"categories":[89,14],"tags":[],"class_list":["post-52234","post","type-post","status-publish","format-standard","hentry","category-arte","category-esposiciones"],"_links":{"self":[{"href":"https:\/\/edublog.educastur.es\/ixuxu\/wp-json\/wp\/v2\/posts\/52234","targetHints":{"allow":["GET"]}}],"collection":[{"href":"https:\/\/edublog.educastur.es\/ixuxu\/wp-json\/wp\/v2\/posts"}],"about":[{"href":"https:\/\/edublog.educastur.es\/ixuxu\/wp-json\/wp\/v2\/types\/post"}],"author":[{"embeddable":true,"href":"https:\/\/edublog.educastur.es\/ixuxu\/wp-json\/wp\/v2\/users\/117"}],"replies":[{"embeddable":true,"href":"https:\/\/edublog.educastur.es\/ixuxu\/wp-json\/wp\/v2\/comments?post=52234"}],"version-history":[{"count":8,"href":"https:\/\/edublog.educastur.es\/ixuxu\/wp-json\/wp\/v2\/posts\/52234\/revisions"}],"predecessor-version":[{"id":52279,"href":"https:\/\/edublog.educastur.es\/ixuxu\/wp-json\/wp\/v2\/posts\/52234\/revisions\/52279"}],"wp:attachment":[{"href":"https:\/\/edublog.educastur.es\/ixuxu\/wp-json\/wp\/v2\/media?parent=52234"}],"wp:term":[{"taxonomy":"category","embeddable":true,"href":"https:\/\/edublog.educastur.es\/ixuxu\/wp-json\/wp\/v2\/categories?post=52234"},{"taxonomy":"post_tag","embeddable":true,"href":"https:\/\/edublog.educastur.es\/ixuxu\/wp-json\/wp\/v2\/tags?post=52234"}],"curies":[{"name":"wp","href":"https:\/\/api.w.org\/{rel}","templated":true}]}}