{"id":52283,"date":"2025-07-05T20:15:55","date_gmt":"2025-07-05T18:15:55","guid":{"rendered":"https:\/\/edublog.educastur.es\/ixuxu\/?p=52283"},"modified":"2025-07-06T13:56:55","modified_gmt":"2025-07-06T11:56:55","slug":"cultura-impulsa-la-modernizacion-de-valgrande-payares","status":"publish","type":"post","link":"https:\/\/edublog.educastur.es\/ixuxu\/2025\/07\/cultura-impulsa-la-modernizacion-de-valgrande-payares\/","title":{"rendered":"Cultura impulsa la modernizaci\u00f3n de Valgrande Payares"},"content":{"rendered":"<div class=\"html-div xdj266r xat24cr x1lziwak xexx8yu xyri2b x18d9i69 x1c1uobl x78zum5 x2lah0s xqtp20y x1xegmmw\">\n<div class=\"x1vqgdyp x100vrsf\">\n<div class=\"\" style=\"text-align: center\"><a href=\"https:\/\/www.rtpa.es\/fotos\/\/25\/07\/20250705151130_RTPA6815378.webp\"><img loading=\"lazy\" decoding=\"async\" class=\"aligncenter size-large\" src=\"https:\/\/www.rtpa.es\/fotos\/\/25\/07\/20250705151130_RTPA6815378.webp\" width=\"853\" height=\"480\" \/><\/a><\/div>\n<\/div>\n<\/div>\n<div class=\"html-div xdj266r x14z9mp xat24cr x1lziwak xexx8yu xyri2b x18d9i69 x1c1uobl x1iyjqo2 xeuugli\">\n<div class=\"x78zum5 xdt5ytf xz62fqu x16ldp7u\">\n<div class=\"xu06os2 x1ok221b\">\n<div class=\"html-div xdj266r x14z9mp xat24cr x1lziwak xexx8yu xyri2b x18d9i69 x1c1uobl\" data-ad-rendering-role=\"profile_name\">\n<ul>\n<li id=\"_r_4io_\" class=\"html-h2 x14z9mp xat24cr x1lziwak xexx8yu xyri2b x18d9i69 x1c1uobl x1vvkbs x1heor9g x1qlqyl8 x1pd3egz x1a2a7pz x1gslohp x1yc453h\"><span class=\"xt0psk2\"><span class=\"xjp7ctv\"><a class=\"x1i10hfl xjbqb8w x1ejq31n x18oe1m7 x1sy0etr xstzfhl x972fbf x10w94by x1qhh985 x14e42zd x9f619 x1ypdohk xt0psk2 xe8uvvx xdj266r x14z9mp xat24cr x1lziwak xexx8yu xyri2b x18d9i69 x1c1uobl x16tdsg8 x1hl2dhg xggy1nq x1a2a7pz xkrqix3 x1sur9pj xzsf02u x1s688f\" role=\"link\" href=\"https:\/\/www.facebook.com\/RTPAoficial?__cft__[0]=AZVC4GTZnf3fZpWzq4VhqbsPgYbAM41BjzF7JCINq1cVcxZ-XHbOMKbCl7PoxZwMIQjHaU2Cs4_eklDMfft9H9vsVDy4pd3rmrr6PjPjVfBi5_Pp9gRtNELHxnFSn8nL3g3V39VdKE_2VVG_mfRi_3ixNVnMhH5TsLj8gTWf1HEd9yCHUpMN-GcWZXFcR4HgYoCd2E14Xyt2IMRGmC_hndij&amp;__tn__=-UC%2CP-R\"><strong class=\"html-strong xdj266r x14z9mp xat24cr x1lziwak xexx8yu xyri2b x18d9i69 x1c1uobl x1hl2dhg x16tdsg8 x1vvkbs x1s688f\"><span class=\"html-span xdj266r x14z9mp xat24cr x1lziwak xexx8yu xyri2b x18d9i69 x1c1uobl x1hl2dhg x16tdsg8 x1vvkbs\">RTPA<\/span><\/strong><\/a><\/span><\/span>\/ <a href=\"https:\/\/www.rtpa.es\/noticias-sociedad\/2025-07-05\/Primer-festival-de-monta%C3%B1a-en-Payares_111751719990.html?fbclid=IwY2xjawLWfZ1leHRuA2FlbQIxMQBicmlkETBlMmNJOUFZV2VmYUNCTmVCAR7RVYHUuWTCpI-qQRrbpRfNeTFPkD3RPjjhYvWvpK_r4l8M3ETtAsU8Y5bcyg_aem_wlyjrVPceHsUW-yk-9e9yA\">Noticia<\/a>\/ <a href=\"https:\/\/actualidad.asturias.es\/-\/el-gobierno-de-asturias-impulsa-la-modernizaci%C3%B3n-de-valgrande-pajares-con-una-inversi%C3%B3n-de-750.000-euros?redirect=%2Fnoticias\">Actualid\u00e1 Asturies<\/a> \/<\/li>\n<\/ul>\n<\/div>\n<\/div>\n<\/div>\n<\/div>\n<div class=\"html-div xdj266r x14z9mp xat24cr x1lziwak xexx8yu xyri2b x18d9i69 x1c1uobl\" dir=\"auto\">\n<div class=\"html-div xdj266r x14z9mp xat24cr x1lziwak xexx8yu xyri2b x18d9i69 x1c1uobl\" data-ad-rendering-role=\"story_message\">\n<div id=\"_r_4iq_\" class=\"x1l90r2v x1iorvi4 x1g0dm76 xpdmqnj\" data-ad-comet-preview=\"message\" data-ad-preview=\"message\">\n<div class=\"x78zum5 xdt5ytf xz62fqu x16ldp7u\">\n<div class=\"xu06os2 x1ok221b\">\n<div class=\"html-div xdj266r x14z9mp xat24cr x1lziwak xexx8yu xyri2b x18d9i69 x1c1uobl\">\n<div class=\"xdj266r x14z9mp xat24cr x1lziwak x1vvkbs x126k92a\">\n<div dir=\"auto\">\n<p><strong>Cultura impulsa la modernizaci\u00f3n de Valgrande Payares<\/strong> con una inversi\u00f3n de 750.000 euros. La conseyera de Cultura, Pol\u00edtica Lling\u00fc\u00edstica y Deporte, Vanessa Guti\u00e9rrez, anunci\u00f3 esti s\u00e1badu una inversi\u00f3n de 750.000 euros na Estaci\u00f3n Iverniza y de Monte Valgrande-Payares <strong>para favorecer la desestacionalizaci\u00f3n y atraer visitantes al equipamientu l.lenizu mientres tol a\u00f1u<\/strong>, que los sos primeros trabayos van empezar a finales d&#8217;esti exerciciu.<\/p>\n<p><!--more--><\/p>\n<p>Valgrande-Payares, dende la so apertura fai y\u00e1 m\u00e1s de setenta a\u00f1os, foi \u00abmotor de desenvolvimientu\u00bb para&#8217;l territoriu, se\u00f1ala l&#8217;Executivu n&#8217;una nota, na que considera \u00abprioritaria\u00bb la so adecuaci\u00f3n por que pueda ser esfrutada en periodu branizu cola pr\u00e1ctica de too tipu d&#8217;actividaes al campu, am\u00e1s de siguir siendo una estaci\u00f3n referencial para practicar deportes d&#8217;iviernu.<\/p>\n<p>La titular de Cultura esplic\u00f3 que con esti oxetivu ellabor\u00f3 un \u00abambiciosu\u00bb plan d&#8217;actuaciones qu&#8217;empez\u00f3 con una inversi\u00f3n cercana a los diez millones na telecabina, inaugurada a finales de 2022, y que sigue agora coles primeres actuaciones de la segunda fase.<br \/>\nPublicid\u00e1<\/p>\n<p>Eses intervenciones van implicar un gastu de 750.000 euros para ampliar la ufierta de la estaci\u00f3n, modernizala y convertila nun exemplu de diversificaci\u00f3n y desenvolvimientu sostenible.<\/p>\n<p>\u00abUna amuesa del convencimientu y el compromisu con un futuru que s&#8217;escribe con palabres qu&#8217;esti gobiernu siempres traduz fechos\u00bb, apunt\u00f3 la conseyera.<\/p>\n<p><span style=\"color: #008080\"><em>Ente les principales actuaciones previstes incl\u00fayense les sifuientes:<\/em><\/span><\/p>\n<ul>\n<li><span style=\"color: #008080\"><em>El dise\u00f1u d&#8217;un bikepark integr\u00e1u na redolada natural.<\/em><\/span><\/li>\n<li><span style=\"color: #008080\"><em>L&#8217;adecuaci\u00f3n y meyora d&#8217;accesos pa facilitar la llegada de toles persones.<\/em><\/span><\/li>\n<li><span style=\"color: #008080\"><em>La renaturalizaci\u00f3n de zones verdes y recuperaci\u00f3n paisax\u00edstica.<\/em><\/span><\/li>\n<li><span style=\"color: #008080\"><em>El refuerzu de la rede de senderos y pistes pa bicicleta de monte.<\/em><\/span><\/li>\n<li><span style=\"color: #008080\"><em>La creaci\u00f3n de rutes accesibles y nuevos miradores panor\u00e1micos.<\/em><\/span><\/li>\n<li><span style=\"color: #008080\"><em>El dise\u00f1u y creaci\u00f3n d&#8217;una pista d&#8217;esqu\u00ed de fondu que va ampliar les posibilidaes deportives de la estaci\u00f3n.<\/em><\/span><\/li>\n<\/ul>\n<p>Esta inversi\u00f3n va dexar desenvolver un paquete de proyectos clave para modernizar la estaci\u00f3n y diversificar la so ufierta m\u00e1s all\u00e1 de la temporada de nieve, <strong>con meyores n&#8217;infraestructures, accesibilid\u00e1 y programaci\u00f3n d&#8217;actividaes para faer del equipamientu un dest\u00edn curiosu en cualquier d\u00f3mina del a\u00f1u.<\/strong><\/p>\n<p>Ente les principales actuaciones previstes incl\u00fayense&#8217;l dise\u00f1u d&#8217;un bikepark integr\u00e1u na redolada natural; l&#8217;adecuaci\u00f3n y meyora d&#8217;accesos pa facilitar la llegada de toles persones; la renaturalizaci\u00f3n de zones verdes y recuperaci\u00f3n paisax\u00edstica; y el refuerzu de la rede de senderos y pistes pa bicicleta de monte.<\/p>\n<p>Am\u00e1s, preve la creaci\u00f3n de rutes accesibles y nuevos miradores panor\u00e1micos; y el dise\u00f1u y creaci\u00f3n d&#8217;una pista d&#8217;esqu\u00ed de fondu que va ampliar les posibilidaes deportives de la estaci\u00f3n.<\/p>\n<p>Parte d&#8217;estes actuaciones van empezar y\u00e1 esta seronda, respetando l&#8217;activid\u00e1 braniza y la temporada de nieve, y l&#8217;execuci\u00f3n va completarase en 2026.<\/p>\n<p>La visita de la conseyera coincidi\u00f3 cola celebraci\u00f3n del primer Festival de Monte nel complexu l.lenizu, un eventu qu&#8217;a\u00fana cultura, naturaleza y activid\u00e1 deportiva nuna redolada d&#8217;altu monte, y que s&#8217;enmarca na estratexa de reactivaci\u00f3n braniza del equipamientu y de la programaci\u00f3n &#8216;Veranu en Payares&#8217;.<\/p>\n<p>La C\u00e1mara de Comerciu d&#8217;Uvi\u00e9u sorray\u00f3 esti s\u00e1badu que l&#8217;apueste del Princip\u00e1u pola desestacionalizaci\u00f3n de la Estaci\u00f3n Iverniza y de Monte Valgrande-Payares, incorporando nuevos usos tur\u00edsticos, deportivos y naturales mientres el periodu branizu, constit\u00fai xuna estratexa \u00abacertada\u00bb y alliniada colos retos de diversificaci\u00f3n econ\u00f3mica y cohesi\u00f3n territorial qu&#8217;encara Asturies.<\/p>\n<p>La entid\u00e1 cameral espres\u00f3 asina&#8217;l so respaldu firme y decid\u00edo\u00bb al anunciu realiz\u00e1u g\u00fcei pola conseyera en relaci\u00f3n cola segunda fase del procesu de tresformamientu del equipamientu.<\/p>\n<p>La inversi\u00f3n anunciada, dotada con 750.000 euros, \u00abnon solo demuestra un compromisu sosten\u00edu\u00bb del Gobiernu auton\u00f3micu cola modernizaci\u00f3n de la estaci\u00f3n, sin\u00f3n que \u00abdefine con clarid\u00e1 un nuevu horizonte\u00bb pa Payares, abond\u00f3&#8217;l presidente la C\u00e1mara, Carlos Paniceres.<\/p>\n<p>Nesti sent\u00edu, consider\u00f3 que la creaci\u00f3n d&#8217;un bikepark, la meyora de senderos y pistes BTT, la renaturalizaci\u00f3n de la redolada, l&#8217;adecuaci\u00f3n d&#8217;accesos o la instalaci\u00f3n de miradores y senderos accesibles son actuaciones que refuercen el potencial tur\u00edstico y deportivo del conceyu de L.lena y del conxuntu de la \u00e1rea central asturiana.<\/p>\n<p>La C\u00e1mara de Comerciu d&#8217;Uvi\u00e9u valora \u00abespecialmente\u00bb qu&#8217;esti procesu plantegase dende una visi\u00f3n integral, respetando la convivencia ente la temporada de nieve y les nueves actividaes branices, y apostando por una execuci\u00f3n bia\u00f1al que dexe \u00abplaniar con rigor y perspectiva\u00bb de futuru.<\/p>\n<p>&nbsp;<\/p>\n<\/div>\n<\/div>\n<\/div>\n<\/div>\n<\/div>\n<\/div>\n<\/div>\n<\/div>\n<p>&nbsp;<\/p>\n","protected":false},"excerpt":{"rendered":"<p>RTPA\/ Noticia\/ Actualid\u00e1 Asturies \/ Cultura impulsa la modernizaci\u00f3n de Valgrande Payares con una inversi\u00f3n de 750.000 euros. La conseyera de Cultura, Pol\u00edtica Lling\u00fc\u00edstica y Deporte, Vanessa Guti\u00e9rrez, anunci\u00f3 esti s\u00e1badu una inversi\u00f3n de 750.000 euros na Estaci\u00f3n Iverniza y de Monte Valgrande-Payares para favorecer la desestacionalizaci\u00f3n y atraer visitantes al equipamientu l.lenizu mientres tol [&hellip;]<\/p>\n","protected":false},"author":117,"featured_media":0,"comment_status":"closed","ping_status":"open","sticky":false,"template":"","format":"standard","meta":{"footnotes":""},"categories":[311],"tags":[],"class_list":["post-52283","post","type-post","status-publish","format-standard","hentry","category-montes"],"_links":{"self":[{"href":"https:\/\/edublog.educastur.es\/ixuxu\/wp-json\/wp\/v2\/posts\/52283","targetHints":{"allow":["GET"]}}],"collection":[{"href":"https:\/\/edublog.educastur.es\/ixuxu\/wp-json\/wp\/v2\/posts"}],"about":[{"href":"https:\/\/edublog.educastur.es\/ixuxu\/wp-json\/wp\/v2\/types\/post"}],"author":[{"embeddable":true,"href":"https:\/\/edublog.educastur.es\/ixuxu\/wp-json\/wp\/v2\/users\/117"}],"replies":[{"embeddable":true,"href":"https:\/\/edublog.educastur.es\/ixuxu\/wp-json\/wp\/v2\/comments?post=52283"}],"version-history":[{"count":3,"href":"https:\/\/edublog.educastur.es\/ixuxu\/wp-json\/wp\/v2\/posts\/52283\/revisions"}],"predecessor-version":[{"id":52309,"href":"https:\/\/edublog.educastur.es\/ixuxu\/wp-json\/wp\/v2\/posts\/52283\/revisions\/52309"}],"wp:attachment":[{"href":"https:\/\/edublog.educastur.es\/ixuxu\/wp-json\/wp\/v2\/media?parent=52283"}],"wp:term":[{"taxonomy":"category","embeddable":true,"href":"https:\/\/edublog.educastur.es\/ixuxu\/wp-json\/wp\/v2\/categories?post=52283"},{"taxonomy":"post_tag","embeddable":true,"href":"https:\/\/edublog.educastur.es\/ixuxu\/wp-json\/wp\/v2\/tags?post=52283"}],"curies":[{"name":"wp","href":"https:\/\/api.w.org\/{rel}","templated":true}]}}