{"id":52289,"date":"2025-07-06T13:02:14","date_gmt":"2025-07-06T11:02:14","guid":{"rendered":"https:\/\/edublog.educastur.es\/ixuxu\/?p=52289"},"modified":"2025-07-07T21:23:05","modified_gmt":"2025-07-07T19:23:05","slug":"educacion-va-invertir-para-impartir-asturianu-nel-segundu-ciclu-dinfantil","status":"publish","type":"post","link":"https:\/\/edublog.educastur.es\/ixuxu\/2025\/07\/educacion-va-invertir-para-impartir-asturianu-nel-segundu-ciclu-dinfantil\/","title":{"rendered":"Educaci\u00f3n va invertir para impartir asturianu nel segundu ciclu d&#8217;Infantil"},"content":{"rendered":"<p style=\"text-align: center\"><a href=\"https:\/\/actualidad.asturias.es\/documents\/537115\/2672990\/2025_07_05+Consejera+Educacion+Oficialida+Bimenes+1.jpg\/430cd7e8-07fb-9fbf-5842-696d165678f1?t=1751719099225\"><img loading=\"lazy\" decoding=\"async\" class=\"aligncenter size-large\" src=\"https:\/\/actualidad.asturias.es\/documents\/537115\/2672990\/2025_07_05+Consejera+Educacion+Oficialida+Bimenes+1.jpg\/430cd7e8-07fb-9fbf-5842-696d165678f1?t=1751719099225\" width=\"2710\" height=\"2562\" \/><\/a><\/p>\n<p>Educaci\u00f3n va invertir cinco millones para impartir asturianu nel segundu ciclu d&#8217;Infantil. La midida va suponer la contrataci\u00f3n d&#8217;un centenar de profesores de llingua y va aplicase tami\u00e9n a la Escuela Oficial d&#8217;Idiomes.<\/p>\n<ul>\n<li>Fonte:<a href=\"https:\/\/www.elcomercio.es\/asturias\/educacion-invertira-cinco-millones-impartir-asturiano-segundo-20250706221323-nt.html\"> El Comercio<\/a> \/<a href=\"https:\/\/actualidad.asturias.es\/-\/educaci\u00f3n-ultima-el-desarrollo-normativo-para-introducir-el-asturiano-en-el-segundo-ciclo-de-infantil-y-en-las-escuelas-oficiales-de-idiomas?redirect=%2Fnoticias\"> Actualid\u00e1 Asturies<\/a> \/<\/li>\n<\/ul>\n<p><!--more--><\/p>\n<p style=\"text-align: center\"><a href=\"https:\/\/s2.ppllstatics.com\/elcomercio\/www\/multimedia\/2025\/07\/05\/106537987-kotB--1200x840@El%20Comercio.jpg\"><img loading=\"lazy\" decoding=\"async\" class=\"aligncenter size-large\" src=\"https:\/\/s2.ppllstatics.com\/elcomercio\/www\/multimedia\/2025\/07\/05\/106537987-kotB--1200x840@El%20Comercio.jpg\" width=\"1200\" height=\"840\" \/><\/a><\/p>\n<p style=\"text-align: center\"><em>L&#8217;alcalde de Bimenes, Aitor Garc\u00eda, el de Nava, Juan Ca\u00f1al; el director xeneral d&#8217;Acci\u00f3n C. y Normalizaci\u00f3n Lling\u00fc\u00edstica, Ant\u00f3n Garc\u00eda; los conceyal de Bimenes Isabel Montes y Jos\u00e9 Luis S\u00e1nchez, y la conseyera d&#8217;Educaci\u00f3n, Eva Ledo. Y. C.<\/em><\/p>\n<p>La conseyera d&#8217;Educaci\u00f3n, Eva Ledo, anunci\u00f3 en Bimenes que&#8217;l Gobiernu d&#8217;Asturies ta peracabando&#8217;l desenvolvimientu normativu para empezar a ufiertar el pr\u00f3ximu cursu l&#8217;asturianu nel segundu ciclu d&#8217;Infantil y na Escuela Oficial d&#8217;Idiomes. \u00abva dexanos ampliar la ufierta y responder a lo que dicta&#8217;l Plan d&#8217;Usu y Normalizaci\u00f3n del Asturianu, que ye un pres\u00e9u que promueve l&#8217;empl\u00e9u y l&#8217;espardimientu de les nueses lling\u00fces en diversos \u00e1mbitos\u00bb, coment\u00f3 la conseyera.<\/p>\n<p>Ledo asisti\u00f3 ayeri en Martimporra a los actos de <span style=\"color: #008080\"><strong>XXIX Fiesta de la Oficialid\u00e1 de la Llingua<\/strong><\/span>, nel primer conceyu que declar\u00f3 oficial l&#8217;asturianu, fai 29 a\u00f1os, nun xestu simb\u00f3lico y reivindicativo. <em>\u00abTamos, poro, nel meyor escenariu pa esplicar les principales mid\u00edes y meyores de la Conseyer\u00eda na defensa y promoci\u00f3n del asturianu y l&#8217;eonaviego nes nueses aules\u00bb<\/em>, espres\u00f3 la conseyera.<\/p>\n<p>Ledo precis\u00f3 qu&#8217;esi primer aproximamientu al asturianu o&#8217;l eonaviego n&#8217;Infantil \u00abva tener calter voluntariu\u00bb y va llevase a cabu, de forma simult\u00e1nea, nos tr\u00e9s cursos del segundu ciclu, <strong>na \u00e1rea denominada Comunicaci\u00f3n y Representaci\u00f3n de la Realid\u00e1<\/strong>. Esta iniciativa va suponer l&#8217;empl\u00e9u d&#8217;una partida presupuestaria de cinco millones d&#8217;euros contemplada nes cuentes rexonales d&#8217;angua\u00f1o\u2013 y la contrataci\u00f3n d&#8217;un centenar de docentes.<\/p>\n<p>La conseyer\u00eda unvi\u00f3 un formulariu a los centros pa conocer l&#8217;inter\u00e9s qu&#8217;espierta esta nueva ufierta educativa. Colos datos arrexuntaos d&#8217;alredor de 200 colexos, la inscripci\u00f3n, seg\u00fan cifres apurr\u00edes pola conseyer\u00eda, supera los 6.000 estudiantes, que representen m\u00e1s del 60% de los posibles. \u00abEnt\u00e1 ye llueu pa saber la respuesta esacta de les families, pero, en principiu, la valoraci\u00f3n que faemos ye positiva\u00bb, dixo la conseyera.<\/p>\n<p>\u00a1Norabona, y\u00e1 yes suscriptor! Mantente al d\u00eda coles noticies que t&#8217;importen y afonda nel anal\u00eds de l&#8217;actualid\u00e1, y munches m\u00e1s ventayes. Faite parte d&#8217;esta esperiencia \u00fanica al travi\u00e9s de les nueses p\u00e1xines y dende cualquier dispositivu.<\/p>\n<p><strong>\u00a0La especialid\u00e1 docente.\u00a0<\/strong>Per otru llau, Ledo fixo referencia al pactu Asturies Educa, robl\u00e1u esta selmana con cuatro organizaciones sindicales, onde figura&#8217;l compromisu de volver treslladar al ministeriu que se reconoza la especialid\u00e1 docente de Llingua Asturiana, una hist\u00f3rica demanda del profesor\u00e1u.<\/p>\n<p>Les novedaes del pr\u00f3ximu cursu enmarquense nuna pol\u00edtica de gobiernu desenvuelta nos \u00faltimos a\u00f1os. Otres iniciatives fueron la recuperaci\u00f3n el cursu pas\u00e1u de l&#8217;<strong>Axenda Did\u00e1utica<\/strong>, en collaboraci\u00f3n cola Conseyer\u00eda de Cultura, Pol\u00edtica Lling\u00fc\u00edstica y Turismu, con un programa d&#8217;actividaes pa la promoci\u00f3n social del asturianu y l&#8217;eonaviego. Y angua\u00f1o incorpor\u00e1ronse per primer vegada dos distinciones a la conocencia del asturianu y l&#8217;eonaviego nos premios estraordinarios al rendimientu acad\u00e9micu.<\/p>\n<p>La conseyera apurri\u00f3 un \u00faltimu datu \u00abque demuestra l&#8217;inter\u00e9s escontra la conocencia d&#8217;asturianu\u00bb. La inscripci\u00f3n pa realizar en septiembre les pruebes llibres de certificaci\u00f3n d&#8217;asturianu nos tr\u00e9s niveles ufiertaos (A2, B2 y C1) dobl\u00f3se con al respective de la convocatoria anterior, pasando de 121 a 246 persones inscrites. \u00abEsto paez demostrar que caminamos na direcci\u00f3n fayadiza\u00bb, concluy\u00f3.<\/p>\n<p style=\"text-align: center\"><a href=\"https:\/\/actualidad.asturias.es\/documents\/537115\/2672521\/2025_07_05+Consejera+Educacion+Oficialida+Bimenes+7.jpg\/7e0edcdb-1c92-c64c-b153-d2b37ec65148?t=1751714515368\"><img loading=\"lazy\" decoding=\"async\" class=\"aligncenter size-large\" src=\"https:\/\/actualidad.asturias.es\/documents\/537115\/2672521\/2025_07_05+Consejera+Educacion+Oficialida+Bimenes+7.jpg\/7e0edcdb-1c92-c64c-b153-d2b37ec65148?t=1751714515368\" width=\"4000\" height=\"3000\" \/><\/a><\/p>\n","protected":false},"excerpt":{"rendered":"<p>Educaci\u00f3n va invertir cinco millones para impartir asturianu nel segundu ciclu d&#8217;Infantil. La midida va suponer la contrataci\u00f3n d&#8217;un centenar de profesores de llingua y va aplicase tami\u00e9n a la Escuela Oficial d&#8217;Idiomes. Fonte: El Comercio \/ Actualid\u00e1 Asturies \/<\/p>\n","protected":false},"author":117,"featured_media":0,"comment_status":"closed","ping_status":"open","sticky":false,"template":"","format":"standard","meta":{"footnotes":""},"categories":[44,132,21],"tags":[],"class_list":["post-52289","post","type-post","status-publish","format-standard","hentry","category-asturianu","category-educastur","category-fiestes"],"_links":{"self":[{"href":"https:\/\/edublog.educastur.es\/ixuxu\/wp-json\/wp\/v2\/posts\/52289","targetHints":{"allow":["GET"]}}],"collection":[{"href":"https:\/\/edublog.educastur.es\/ixuxu\/wp-json\/wp\/v2\/posts"}],"about":[{"href":"https:\/\/edublog.educastur.es\/ixuxu\/wp-json\/wp\/v2\/types\/post"}],"author":[{"embeddable":true,"href":"https:\/\/edublog.educastur.es\/ixuxu\/wp-json\/wp\/v2\/users\/117"}],"replies":[{"embeddable":true,"href":"https:\/\/edublog.educastur.es\/ixuxu\/wp-json\/wp\/v2\/comments?post=52289"}],"version-history":[{"count":4,"href":"https:\/\/edublog.educastur.es\/ixuxu\/wp-json\/wp\/v2\/posts\/52289\/revisions"}],"predecessor-version":[{"id":52344,"href":"https:\/\/edublog.educastur.es\/ixuxu\/wp-json\/wp\/v2\/posts\/52289\/revisions\/52344"}],"wp:attachment":[{"href":"https:\/\/edublog.educastur.es\/ixuxu\/wp-json\/wp\/v2\/media?parent=52289"}],"wp:term":[{"taxonomy":"category","embeddable":true,"href":"https:\/\/edublog.educastur.es\/ixuxu\/wp-json\/wp\/v2\/categories?post=52289"},{"taxonomy":"post_tag","embeddable":true,"href":"https:\/\/edublog.educastur.es\/ixuxu\/wp-json\/wp\/v2\/tags?post=52289"}],"curies":[{"name":"wp","href":"https:\/\/api.w.org\/{rel}","templated":true}]}}