{"id":5229,"date":"2021-04-07T10:00:28","date_gmt":"2021-04-07T08:00:28","guid":{"rendered":"https:\/\/edublog.educastur.es\/ixuxu\/?p=5229"},"modified":"2021-04-10T20:52:19","modified_gmt":"2021-04-10T18:52:19","slug":"mec-va-incluyir-a-escritores-nasturianu-nos-programes-de-fomentu-de-llectura","status":"publish","type":"post","link":"https:\/\/edublog.educastur.es\/ixuxu\/2021\/04\/mec-va-incluyir-a-escritores-nasturianu-nos-programes-de-fomentu-de-llectura\/","title":{"rendered":"MEC va incluyir a escritores n&#8217;asturianu nos programes de fomentu de llectura"},"content":{"rendered":"<p><img loading=\"lazy\" decoding=\"async\" class=\"aligncenter\" src=\"http:\/\/legal-innovation.com\/wp-content\/uploads\/2017\/05\/logo-europapress.jpg\" width=\"552\" height=\"138\" \/><\/p>\n<ul>\n<li class=\"titular\"><a href=\"https:\/\/www.europapress.es\/asturianu\/noticia-ministeriu-cultura-va-incluyir-escritores-nasturianu-gallego-asturianu-nos-programes-fomentu-llectura-20210407201330.html\">NOTICIA: El Ministeriu de Cultura va incluyir a escritores n&#8217;asturianu y gallego-asturianu nos programes de fomentu de llectura<\/a><\/li>\n<\/ul>\n<div>\n<div>\n<p>PARTICIPACI\u00d3N EN CAMPA\u00d1ES Y BIBLIOTEQUES<\/p>\n<p>Per otru llau, nel contestu del programa Afinidades electivas, la lliteratura asturiana va tener presencia n&#8217;actividaes pa impulsar la programaci\u00f3n de llibrer\u00edes independientes y apoyar la creaci\u00f3n lliteraria, destacando la pluralid\u00e1 lling\u00fc\u00edstica d&#8217;Espa\u00f1a, favoreciendo&#8217;l di\u00e1logu ente distintes lling\u00fces y contribuyendo al espardimientu d&#8217;obres de distintos territorios. Esta iniciativa consiste na organizaci\u00f3n d&#8217;alcuentros en llibrer\u00edes independientes ente dos escritores y traductores, que tienen que falar del trabayu y obra del otru, buscando semeyances, conexones y mesmos caminos diverxentes. A la inclusi\u00f3n de la lliteratura escrita n&#8217;asturianu y en gallego-asturianu nos programes ministeriales, va a\u00f1adise tami\u00e9n la so participaci\u00f3n nos Alcuentros de Verines que cada a\u00f1u se celebren en Pendueles (Llanes), en collaboraci\u00f3n cola Universid\u00e1 de Salamanca.<\/p>\n<p>Leer m\u00e1s: <a href=\"https:\/\/www.europapress.es\/asturianu\/noticia-ministeriu-cultura-va-incluyir-escritores-nasturianu-gallego-asturianu-nos-programes-fomentu-llectura-20210407201330.html\">https:\/\/www.europapress.es\/asturianu\/noticia-ministeriu-cultura-va-incluyir-escritores-nasturianu-gallego-asturianu-nos-programes-fomentu-llectura-20210407201330.html<\/a><\/p>\n<\/div>\n<\/div>\n","protected":false},"excerpt":{"rendered":"<p>NOTICIA: El Ministeriu de Cultura va incluyir a escritores n&#8217;asturianu y gallego-asturianu nos programes de fomentu de llectura PARTICIPACI\u00d3N EN CAMPA\u00d1ES Y BIBLIOTEQUES Per otru llau, nel contestu del programa Afinidades electivas, la lliteratura asturiana va tener presencia n&#8217;actividaes pa impulsar la programaci\u00f3n de llibrer\u00edes independientes y apoyar la creaci\u00f3n lliteraria, destacando la pluralid\u00e1 lling\u00fc\u00edstica [&hellip;]<\/p>\n","protected":false},"author":117,"featured_media":0,"comment_status":"open","ping_status":"open","sticky":false,"template":"","format":"standard","meta":{"footnotes":""},"categories":[29,10],"tags":[],"class_list":["post-5229","post","type-post","status-publish","format-standard","hentry","category-articulos","category-llibros-reciella"],"_links":{"self":[{"href":"https:\/\/edublog.educastur.es\/ixuxu\/wp-json\/wp\/v2\/posts\/5229","targetHints":{"allow":["GET"]}}],"collection":[{"href":"https:\/\/edublog.educastur.es\/ixuxu\/wp-json\/wp\/v2\/posts"}],"about":[{"href":"https:\/\/edublog.educastur.es\/ixuxu\/wp-json\/wp\/v2\/types\/post"}],"author":[{"embeddable":true,"href":"https:\/\/edublog.educastur.es\/ixuxu\/wp-json\/wp\/v2\/users\/117"}],"replies":[{"embeddable":true,"href":"https:\/\/edublog.educastur.es\/ixuxu\/wp-json\/wp\/v2\/comments?post=5229"}],"version-history":[{"count":2,"href":"https:\/\/edublog.educastur.es\/ixuxu\/wp-json\/wp\/v2\/posts\/5229\/revisions"}],"predecessor-version":[{"id":5231,"href":"https:\/\/edublog.educastur.es\/ixuxu\/wp-json\/wp\/v2\/posts\/5229\/revisions\/5231"}],"wp:attachment":[{"href":"https:\/\/edublog.educastur.es\/ixuxu\/wp-json\/wp\/v2\/media?parent=5229"}],"wp:term":[{"taxonomy":"category","embeddable":true,"href":"https:\/\/edublog.educastur.es\/ixuxu\/wp-json\/wp\/v2\/categories?post=5229"},{"taxonomy":"post_tag","embeddable":true,"href":"https:\/\/edublog.educastur.es\/ixuxu\/wp-json\/wp\/v2\/tags?post=5229"}],"curies":[{"name":"wp","href":"https:\/\/api.w.org\/{rel}","templated":true}]}}