{"id":52296,"date":"2025-07-06T08:30:34","date_gmt":"2025-07-06T06:30:34","guid":{"rendered":"https:\/\/edublog.educastur.es\/ixuxu\/?p=52296"},"modified":"2025-07-06T13:20:26","modified_gmt":"2025-07-06T11:20:26","slug":"el-tiempu-el-comercio-84","status":"publish","type":"post","link":"https:\/\/edublog.educastur.es\/ixuxu\/2025\/07\/el-tiempu-el-comercio-84\/","title":{"rendered":"El tiempu (El Comercio)"},"content":{"rendered":"<p style=\"text-align: center\"><a href=\"https:\/\/s1.ppllstatics.com\/elcomercio\/www\/multimedia\/2025\/07\/05\/prevision-tiempo-asturias-kOLB-U2301948938566Ca-1200x860@El%20Comercio.jpg\"><img loading=\"lazy\" decoding=\"async\" class=\"aligncenter size-large\" src=\"https:\/\/s1.ppllstatics.com\/elcomercio\/www\/multimedia\/2025\/07\/05\/prevision-tiempo-asturias-kOLB-U2301948938566Ca-1200x860@El%20Comercio.jpg\" width=\"1200\" height=\"860\" \/><\/a><\/p>\n<p><strong>Vamos amanecer<\/strong> el domingu con nubosid\u00e1 de tipu baxu que r\u00e1pido va dir sumiendo para dar pasu a un mayor protagonismu del sol que va rellumar en pr\u00e1cticamente tol Princip\u00e1u a mediud\u00eda. Pero,<strong> a lo llargo de la tarde<\/strong>, vamos dir reparando como van dir entrando nubes pol noroeste que se van dir estendiendo por tola rex\u00f3n. Ello ye que nun se refuga que pueda escapase dalg\u00fan orbayu a la fin de la tarde o, siquier, pela nueche. <strong>Los vientos<\/strong> van predominar de noroeste-oeste con raches moderaes na mari\u00f1a mientres casi tol d\u00eda, y fluexos nel interior sacantes pela tarde cuando tami\u00e9n podr\u00eden dase delles raches daqu\u00e9 m\u00e1s significatives. Tocantes a les temperatures, <strong>les m\u00e1ximes<\/strong> van ser bien similares salvo n&#8217;altes zones de monte onde podr\u00eden baxar llixeramente. <strong>Les m\u00ednimes<\/strong> nun van variar salvu de forma local en zones del interior onde van baxar, a lo sumo, 1 \u00baC respectu al s\u00e1badu.<\/p>\n<p><!--more--><\/p>\n<p><strong> El llunes<\/strong> va ser un d\u00eda con cielos cubiertos y precipitaciones d\u00e9biles pero xeneralizaes. Esta inestabilid\u00e1 va ser m\u00e1s frecuente mientres la ma\u00f1ana. Les temperatures van baxar en tol Princip\u00e1u hasta 4 o 5 \u00baC polo que claramente nun va ser un d\u00eda nin tanto veraniegu. <strong>A partir del martes<\/strong> van empezar a recuperase les temperatures.<\/p>\n","protected":false},"excerpt":{"rendered":"<p>Vamos amanecer el domingu con nubosid\u00e1 de tipu baxu que r\u00e1pido va dir sumiendo para dar pasu a un mayor protagonismu del sol que va rellumar en pr\u00e1cticamente tol Princip\u00e1u a mediud\u00eda. Pero, a lo llargo de la tarde, vamos dir reparando como van dir entrando nubes pol noroeste que se van dir estendiendo por [&hellip;]<\/p>\n","protected":false},"author":117,"featured_media":0,"comment_status":"closed","ping_status":"open","sticky":false,"template":"","format":"standard","meta":{"footnotes":""},"categories":[5],"tags":[],"class_list":["post-52296","post","type-post","status-publish","format-standard","hentry","category-tiempu"],"_links":{"self":[{"href":"https:\/\/edublog.educastur.es\/ixuxu\/wp-json\/wp\/v2\/posts\/52296","targetHints":{"allow":["GET"]}}],"collection":[{"href":"https:\/\/edublog.educastur.es\/ixuxu\/wp-json\/wp\/v2\/posts"}],"about":[{"href":"https:\/\/edublog.educastur.es\/ixuxu\/wp-json\/wp\/v2\/types\/post"}],"author":[{"embeddable":true,"href":"https:\/\/edublog.educastur.es\/ixuxu\/wp-json\/wp\/v2\/users\/117"}],"replies":[{"embeddable":true,"href":"https:\/\/edublog.educastur.es\/ixuxu\/wp-json\/wp\/v2\/comments?post=52296"}],"version-history":[{"count":1,"href":"https:\/\/edublog.educastur.es\/ixuxu\/wp-json\/wp\/v2\/posts\/52296\/revisions"}],"predecessor-version":[{"id":52297,"href":"https:\/\/edublog.educastur.es\/ixuxu\/wp-json\/wp\/v2\/posts\/52296\/revisions\/52297"}],"wp:attachment":[{"href":"https:\/\/edublog.educastur.es\/ixuxu\/wp-json\/wp\/v2\/media?parent=52296"}],"wp:term":[{"taxonomy":"category","embeddable":true,"href":"https:\/\/edublog.educastur.es\/ixuxu\/wp-json\/wp\/v2\/categories?post=52296"},{"taxonomy":"post_tag","embeddable":true,"href":"https:\/\/edublog.educastur.es\/ixuxu\/wp-json\/wp\/v2\/tags?post=52296"}],"curies":[{"name":"wp","href":"https:\/\/api.w.org\/{rel}","templated":true}]}}