{"id":52310,"date":"2025-07-06T14:01:25","date_gmt":"2025-07-06T12:01:25","guid":{"rendered":"https:\/\/edublog.educastur.es\/ixuxu\/?p=52310"},"modified":"2025-07-06T14:03:36","modified_gmt":"2025-07-06T12:03:36","slug":"52310","status":"publish","type":"post","link":"https:\/\/edublog.educastur.es\/ixuxu\/2025\/07\/52310\/","title":{"rendered":"Programa &#8216;Ruta dixital&#8217; p&#8217;averar formaci\u00f3n dixital a los conceyos rurales"},"content":{"rendered":"<div id=\"main-content\" class=\"columns-1\" role=\"main\">\n<div class=\"portlet-layout row\">\n<div id=\"column-1\" class=\"col-md-12 portlet-column portlet-column-only\">\n<div id=\"layout-column_column-1\" class=\"portlet-dropzone portlet-column-content portlet-column-content-only\">\n<div id=\"p_p_id_com_liferay_asset_publisher_web_portlet_AssetPublisherPortlet_INSTANCE_DSnKSBdGDt7q_\" class=\"portlet-boundary portlet-boundary_com_liferay_asset_publisher_web_portlet_AssetPublisherPortlet_ portlet-static portlet-static-end portlet-barebone portlet-asset-publisher nota-detalle\">\n<section id=\"portlet_com_liferay_asset_publisher_web_portlet_AssetPublisherPortlet_INSTANCE_DSnKSBdGDt7q\" class=\"portlet\">\n<div class=\"portlet-content\">\n<div class=\" portlet-content-container\">\n<div class=\"portlet-body\">\n<div>\n<div class=\"asset-full-content clearfix default-asset-publisher show-asset-title\">\n<div id=\"_com_liferay_asset_publisher_web_portlet_AssetPublisherPortlet_INSTANCE_DSnKSBdGDt7q_2669385\" class=\"asset-content\">\n<div class=\"clearfix journal-content-article\" data-analytics-asset-id=\"2669377\" data-analytics-asset-title=\"El Gobierno de Asturias lleva la inteligencia artificial a los concejos de menos de 20.000 habitantes a trav\u00e9s del programa 'Ruta digital'\" data-analytics-asset-type=\"web-content\">\n<div class=\"nota\">\n<div class=\"description\">\n<ul>\n<li class=\"page-h1 container\"><a href=\"https:\/\/actualidad.asturias.es\/-\/el-gobierno-de-asturias-lleva-la-inteligencia-artificial-a-los-concejos-de-menos-de-20.000-habitantes-a-trav%C3%A9s-del-programa-ruta-digital-?redirect=%2Fnoticias\">Actualid\u00e1 Asturies<\/a> \/Inscripciones: <a href=\"http:\/\/www.rutadigitalasturias.com\" target=\"_blank\" rel=\"noopener\">www.rutadigitalasturias.com<\/a>.\/<\/li>\n<\/ul>\n<p>El Gobiernu d&#8217;Asturies lleva la intelixencia artificial a los conceyos de menos de 20.000 habitantes al travi\u00e9s del programa &#8216;Ruta dixital&#8217;. Gimena Llamedo: <em>\u201cQueremos que&#8217;l Princip\u00e1u s\u00eda, am\u00e1s d&#8217;un para\u00edsu natural, un para\u00edsu dixital\u201d.<\/em><\/p>\n<p style=\"text-align: center\"><a href=\"https:\/\/actualidad.asturias.es\/documents\/537115\/2669380\/2025_07_04+vicepresidenta+presentacion+ruta+digital+4+%282%29.jpg\/8754f741-1fa7-a184-6da9-fd8fd85b10e2?t=1751619870045\"><img loading=\"lazy\" decoding=\"async\" class=\"aligncenter size-large\" src=\"https:\/\/actualidad.asturias.es\/documents\/537115\/2669380\/2025_07_04+vicepresidenta+presentacion+ruta+digital+4+%282%29.jpg\/8754f741-1fa7-a184-6da9-fd8fd85b10e2?t=1751619870045\" width=\"1842\" height=\"952\" \/><\/a><\/p>\n<p><!--more--><\/p>\n<p>El dispositivu present\u00e1u g\u00fcei en La Ribera va dexar dir pueblu a pueblu para capacitar nel usu de les nueves tecnolox\u00edes a m\u00e1s de 11.000 vecinos y vecines de toles edaes. Un aula m\u00f3vil de 10 metros de llargor y dotada con equipos para diez persones va percorrer 71 conceyos para ufiertar formaci\u00f3n.<\/p>\n<p>El Gobiernu del Princip\u00e1u punxo en marcha Ruta dixital, un programa innovador para averar la<strong> formaci\u00f3n en nueves tecnolox\u00edes<\/strong> a los conceyos rurales con menos de 20.000 habitantes,<strong> col fin de combatir la fienda dixital.<\/strong><\/p>\n<p>Al travi\u00e9s d&#8217;un conveniu robl\u00e1u ente la Conseyer\u00eda Presidencia, Retu Demogr\u00e1ficu, Iguald\u00e1 y Turismu, y la C\u00e1mara de Comerciu d&#8217;Uvi\u00e9u y dot\u00e1u con 2,4 millones, un aula m\u00f3vil va movese per 71 conceyos con una <strong>ufierta formativa gratuita de cien cursos, cada unu de siete hores y media de duraci\u00f3n, en formatu dixital y online.<\/strong><\/p>\n<p style=\"text-align: center\"><a href=\"https:\/\/actualidad.asturias.es\/documents\/537115\/2669380\/2025_07_04+vicepresidenta+presentacion+ruta+digital+6+%281%29.jpg\/36a7c273-3040-5058-06bb-6b2932c1fe07?t=1751619808133\"><img loading=\"lazy\" decoding=\"async\" class=\"aligncenter size-large\" src=\"https:\/\/actualidad.asturias.es\/documents\/537115\/2669380\/2025_07_04+vicepresidenta+presentacion+ruta+digital+6+%281%29.jpg\/36a7c273-3040-5058-06bb-6b2932c1fe07?t=1751619808133\" width=\"2000\" height=\"1500\" \/><\/a><\/p>\n<p>L&#8217;aula m\u00f3vil tien xuna llargor de diez metros a los que se suman dos m\u00f3dulos llaterales estensibles, lo que dexa ufiertar casi 42 metros cuadraos. Am\u00e1s, cuenta con equipos pa diez alumnos de forma simult\u00e1nea, accesu a internet d&#8217;alta velocid\u00e1 y un sistema de conex\u00f3n v\u00eda sat\u00e9lite.<\/p>\n<p>Llamedo vencey\u00f3 esta iniciativa al apueste pola simplificaci\u00f3n burocr\u00e1tica qu&#8217;impulsa l&#8217;Executivu auton\u00f3micu y que pretende averar l&#8217;Alministraci\u00f3n a les persones. Un procesu, a\u00f1edi\u00f3, nel que llueu va encaxar xuna nueva pieza:<strong> la evoluci\u00f3n de la see electr\u00f3nica escontra la nueva plataforma dixital MiPrincipado.<\/strong> \u201cCon ella, vamos poder llevar l&#8217;Alministraci\u00f3n nel bolsu\u201d, valor\u00f3 la vicepresidenta, quien amest\u00f3 qu&#8217;esta nueva canal va dexar realizar tr\u00e1mites, pagar tases, consultar carn\u00e9s o espedientes, tollo ensin pasar por un ventanu.<\/p>\n<p>Respectu al programa Ruta dixital, incidi\u00f3 en que va consistir \u201cen dir pueblu a pueblu dando formaci\u00f3n dixital b\u00e1sica a m\u00e1s de 11.000 <strong>persones de toles edaes\u201d.<\/strong><\/p>\n<p><strong>La ufierta formativa dedica un apart\u00e1u espec\u00edficu a la intelixencia artificial (IA), xuna ferramienta fundamental en tolos \u00e1mbitos y pieza clave d&#8217;estos cursos.<\/strong> Hai trelce t\u00edtulos nos que se van ufiertar pautes pal usu b\u00e1sicu de la IA nel d\u00eda ente d\u00eda, la redacci\u00f3n de Prompts, usos pr\u00e1cticos de ChatGPT o c\u00f3mo crear una identid\u00e1 de marca con esti tipu de tecnolox\u00eda.<\/p>\n<p>Destaquen tami\u00e9n los cursos empobinaos a les persones mayores, con conten\u00edos enfocaos a utilidaes como pidir cita previa, xestionar contactos y axustes del m\u00f3vil, reconocer estafes, unviar audios, compartir imaxes o realizar videollamaes. C<strong>oles mesmes, va haber formaci\u00f3n pa persones adultes y tami\u00e9n pa escolares.<\/strong><\/p>\n<p>Les pr\u00f3ximes paraes de Ruta dixital van ser Les Regueres, Candamo, Grau, Yernes y Tameza, y Salas. El percorr\u00edu va siguir con Santo Adriano, Proaza, Teberga, Morc\u00edn y Riosa, pa retomar l&#8217;activid\u00e1 en septiembre, cola vuelta al cole.<\/p>\n<p>&nbsp;<\/p>\n<\/div>\n<\/div>\n<\/div>\n<\/div>\n<\/div>\n<\/div>\n<\/div>\n<\/div>\n<\/div>\n<\/section>\n<\/div>\n<\/div>\n<\/div>\n<\/div>\n<\/div>\n<p>&nbsp;<\/p>\n","protected":false},"excerpt":{"rendered":"<p>Actualid\u00e1 Asturies \/Inscripciones: www.rutadigitalasturias.com.\/ El Gobiernu d&#8217;Asturies lleva la intelixencia artificial a los conceyos de menos de 20.000 habitantes al travi\u00e9s del programa &#8216;Ruta dixital&#8217;. Gimena Llamedo: \u201cQueremos que&#8217;l Princip\u00e1u s\u00eda, am\u00e1s d&#8217;un para\u00edsu natural, un para\u00edsu dixital\u201d.<\/p>\n","protected":false},"author":117,"featured_media":0,"comment_status":"closed","ping_status":"open","sticky":false,"template":"","format":"standard","meta":{"footnotes":""},"categories":[352,261],"tags":[],"class_list":["post-52310","post","type-post","status-publish","format-standard","hentry","category-informatica","category-intelixencia-artificial"],"_links":{"self":[{"href":"https:\/\/edublog.educastur.es\/ixuxu\/wp-json\/wp\/v2\/posts\/52310","targetHints":{"allow":["GET"]}}],"collection":[{"href":"https:\/\/edublog.educastur.es\/ixuxu\/wp-json\/wp\/v2\/posts"}],"about":[{"href":"https:\/\/edublog.educastur.es\/ixuxu\/wp-json\/wp\/v2\/types\/post"}],"author":[{"embeddable":true,"href":"https:\/\/edublog.educastur.es\/ixuxu\/wp-json\/wp\/v2\/users\/117"}],"replies":[{"embeddable":true,"href":"https:\/\/edublog.educastur.es\/ixuxu\/wp-json\/wp\/v2\/comments?post=52310"}],"version-history":[{"count":5,"href":"https:\/\/edublog.educastur.es\/ixuxu\/wp-json\/wp\/v2\/posts\/52310\/revisions"}],"predecessor-version":[{"id":52315,"href":"https:\/\/edublog.educastur.es\/ixuxu\/wp-json\/wp\/v2\/posts\/52310\/revisions\/52315"}],"wp:attachment":[{"href":"https:\/\/edublog.educastur.es\/ixuxu\/wp-json\/wp\/v2\/media?parent=52310"}],"wp:term":[{"taxonomy":"category","embeddable":true,"href":"https:\/\/edublog.educastur.es\/ixuxu\/wp-json\/wp\/v2\/categories?post=52310"},{"taxonomy":"post_tag","embeddable":true,"href":"https:\/\/edublog.educastur.es\/ixuxu\/wp-json\/wp\/v2\/tags?post=52310"}],"curies":[{"name":"wp","href":"https:\/\/api.w.org\/{rel}","templated":true}]}}