{"id":52316,"date":"2025-07-06T14:09:50","date_gmt":"2025-07-06T12:09:50","guid":{"rendered":"https:\/\/edublog.educastur.es\/ixuxu\/?p=52316"},"modified":"2025-07-06T14:15:21","modified_gmt":"2025-07-06T12:15:21","slug":"52316","status":"publish","type":"post","link":"https:\/\/edublog.educastur.es\/ixuxu\/2025\/07\/52316\/","title":{"rendered":"Filosof\u00eda: soltar pa volver a vivir&#8230;"},"content":{"rendered":"<p>Epicteto dic\u00eda: <span style=\"color: #008080\"><em>\u201cNun son les coses les que nos estropien\u2026 sin\u00f3n la nuesa opini\u00f3n sobro elles\u201d.<\/em><\/span> Pero, \u00bfqu\u00e9 pasa cuando y\u00e1 nun ye una opini\u00f3n, sin\u00f3n xuna mancada vieya qu&#8217;abasnes como si fuera parte de ti? <a href=\"https:\/\/letheproject.eu\/#:~:text=%C2%BFQu%C3%A9%20es%20LETHE?,Muy%20poco%20la%20verdad.\">Lethe<\/a> \/ <a href=\"https:\/\/en.wikipedia.org\/wiki\/Lethe\">Wiki<\/a> \/\u00a0 Na mitolox\u00eda griega, Letes (\u039b\u03ae\u03b8\u03b7, \u00abolvidu\u00bb en griegu) ye&#8217;l nome d&#8217;un r\u00edu del inframundo, el Hades. Les sos ag\u00fces ten\u00eden la propied\u00e1 de provocar l&#8217;olvidu a quien beb\u00eden d&#8217;elles. Tami\u00e9n ye&#8217;l nome de la diosa que personifica l&#8217;olvidu y que ta acomu\u00f1ada a esti r\u00edu.<\/p>\n<p style=\"text-align: center\"><img loading=\"lazy\" decoding=\"async\" class=\"aligncenter size-large\" src=\"https:\/\/mythicalcreatures.info\/media\/Lethe-greek-concept-1-1024x585.jpg\" width=\"1024\" height=\"585\" \/><\/p>\n<p><!--more--><\/p>\n<p><a href=\"https:\/\/scontent-mad1-1.xx.fbcdn.net\/v\/t39.30808-6\/515499394_122173286402339526_1378463986947255726_n.jpg?_nc_cat=101&amp;ccb=1-7&amp;_nc_sid=127cfc&amp;_nc_ohc=MSPs8kw4Kc4Q7kNvwHY5y62&amp;_nc_oc=AdnGZkOl_XW7-P5oqgwHnuJBbiQ7RSxPq-tOuyMA1oAW7hmF5Lqp9ojKPNFbB9qeT24&amp;_nc_zt=23&amp;_nc_ht=scontent-mad1-1.xx&amp;_nc_gid=EKqlO4kL9zgEUD34OH-bjQ&amp;oh=00_AfRbWQF6ffjCQbAu4HzFozdSu5Fu676AZQaueIPVnx9Frw&amp;oe=687047CC\"><span style=\"color: #008080\">Lethe, na mitolox\u00eda griega, yera&#8217;l r\u00edu del olvidu.<\/span> <\/a>Non pa escaecer por debilid\u00e1\u2026 sin\u00f3n pa dexar de cargar lo innecesario. El verdaderu sabiu \u2014como un guerreru que fuelga tres la batalla\u2014 suelta&#8217;l pas\u00e1u non porque lo niegue, sin\u00f3n porque sabe qu&#8217;<span style=\"color: #008080\">alicar eternamente ye morrer en vida.<\/span><\/p>\n<p><em>Na mitolox\u00eda griega, Lethe yera&#8217;l nome d&#8217;unu de los r\u00edos del inframundu del Hades. Yera conoc\u00edu como&#8217;l r\u00edu del olvidu. Cunta&#8217;l mitu que, quien beb\u00eden d&#8217;\u00e9l, escaec\u00edense de too. Si d&#8217;hestoria falamos, da la sensaci\u00f3n que la humanid\u00e1 bebi\u00f3 del r\u00edu Lethe y escaeci\u00f3se del so propiu pas\u00e1u, ricu y diversu. Por casu, \u00bfqu\u00e9 sabemos de la hestoria de les muyeres, de los ne\u00f1os, de los migrantes, de les comunidaes tradicionalmente marxinaes, del mundu natural? Bien pocu la verd\u00e1.<\/em><\/p>\n<p>&nbsp;<\/p>\n<p style=\"text-align: center\">\n<!-- iframe plugin v.6.0 wordpress.org\/plugins\/iframe\/ -->\n<iframe loading=\"lazy\" src=\"https:\/\/www.facebook.com\/plugins\/post.php?href=https%3A%2F%2Fwww.facebook.com%2Fpermalink.php%3Fstory_fbid%3Dpfbid0JW9tsYNPDBtGvoF13NV8WuMhDmp5XXceMaZJqciBPAeGAkG8tBvCbymdwU8DUCw2l%26id%3D61560185782799&#038;show_text=false&#038;width=500\" width=\"500\" height=\"498\" style=\"border:none;overflow:hidden\" scrolling=\"no\" frameborder=\"0\" allowfullscreen=\"true\" allow=\"autoplay; clipboard-write; encrypted-media; picture-in-picture; web-share\" 0=\"\/iframe\" class=\"iframe-class\"><\/iframe>\n<\/p>\n<p>Los estoicos nun escaec\u00eden por arguyu, sin\u00f3n por fortaleza. Nun sigu\u00eden adelantre porque nun-yos dol\u00eda, sin\u00f3n porque sab\u00eden que la so alma merec\u00eda daqu\u00e9 m\u00e1s que vivir atrapada no que y\u00e1 nun esiste. Tu tami\u00e9n puedes soltar. Nun para borrar\u2026 sin\u00f3n para volver vivir.<\/p>\n<p style=\"text-align: center\"><a href=\"https:\/\/upload.wikimedia.org\/wikipedia\/commons\/8\/8c\/The-waters-of-lethe-by-the-plains-of-elysium-1880.jpg\"><img loading=\"lazy\" decoding=\"async\" class=\"aligncenter size-large\" src=\"https:\/\/upload.wikimedia.org\/wikipedia\/commons\/8\/8c\/The-waters-of-lethe-by-the-plains-of-elysium-1880.jpg\" width=\"750\" height=\"394\" \/><\/a><\/p>\n<p>&nbsp;<\/p>\n","protected":false},"excerpt":{"rendered":"<p>Epicteto dic\u00eda: \u201cNun son les coses les que nos estropien\u2026 sin\u00f3n la nuesa opini\u00f3n sobro elles\u201d. Pero, \u00bfqu\u00e9 pasa cuando y\u00e1 nun ye una opini\u00f3n, sin\u00f3n xuna mancada vieya qu&#8217;abasnes como si fuera parte de ti? Lethe \/ Wiki \/\u00a0 Na mitolox\u00eda griega, Letes (\u039b\u03ae\u03b8\u03b7, \u00abolvidu\u00bb en griegu) ye&#8217;l nome d&#8217;un r\u00edu del inframundo, el [&hellip;]<\/p>\n","protected":false},"author":117,"featured_media":0,"comment_status":"closed","ping_status":"open","sticky":false,"template":"","format":"standard","meta":{"footnotes":""},"categories":[353,1],"tags":[],"class_list":["post-52316","post","type-post","status-publish","format-standard","hentry","category-filosofia","category-sin-categoria"],"_links":{"self":[{"href":"https:\/\/edublog.educastur.es\/ixuxu\/wp-json\/wp\/v2\/posts\/52316","targetHints":{"allow":["GET"]}}],"collection":[{"href":"https:\/\/edublog.educastur.es\/ixuxu\/wp-json\/wp\/v2\/posts"}],"about":[{"href":"https:\/\/edublog.educastur.es\/ixuxu\/wp-json\/wp\/v2\/types\/post"}],"author":[{"embeddable":true,"href":"https:\/\/edublog.educastur.es\/ixuxu\/wp-json\/wp\/v2\/users\/117"}],"replies":[{"embeddable":true,"href":"https:\/\/edublog.educastur.es\/ixuxu\/wp-json\/wp\/v2\/comments?post=52316"}],"version-history":[{"count":6,"href":"https:\/\/edublog.educastur.es\/ixuxu\/wp-json\/wp\/v2\/posts\/52316\/revisions"}],"predecessor-version":[{"id":52322,"href":"https:\/\/edublog.educastur.es\/ixuxu\/wp-json\/wp\/v2\/posts\/52316\/revisions\/52322"}],"wp:attachment":[{"href":"https:\/\/edublog.educastur.es\/ixuxu\/wp-json\/wp\/v2\/media?parent=52316"}],"wp:term":[{"taxonomy":"category","embeddable":true,"href":"https:\/\/edublog.educastur.es\/ixuxu\/wp-json\/wp\/v2\/categories?post=52316"},{"taxonomy":"post_tag","embeddable":true,"href":"https:\/\/edublog.educastur.es\/ixuxu\/wp-json\/wp\/v2\/tags?post=52316"}],"curies":[{"name":"wp","href":"https:\/\/api.w.org\/{rel}","templated":true}]}}