{"id":52326,"date":"2025-07-07T12:00:15","date_gmt":"2025-07-07T10:00:15","guid":{"rendered":"https:\/\/edublog.educastur.es\/ixuxu\/?p=52326"},"modified":"2025-07-07T22:47:51","modified_gmt":"2025-07-07T20:47:51","slug":"52326","status":"publish","type":"post","link":"https:\/\/edublog.educastur.es\/ixuxu\/2025\/07\/52326\/","title":{"rendered":"Arrinca la primer &#8216;Escuela de Formadores en Coeducaci\u00f3n&#8217;: Ye FOCO"},"content":{"rendered":"<div class=\"html-div xdj266r xat24cr x1lziwak xexx8yu xyri2b x18d9i69 x1c1uobl x78zum5 x2lah0s xqtp20y x1xegmmw\">\n<div class=\"x1vqgdyp x100vrsf\">\n<div style=\"text-align: center\"><a href=\"https:\/\/s1.ppllstatics.com\/elcomercio\/www\/multimedia\/2025\/07\/07\/gimena-coeducacion-RXx1UGeeKJI2cCg51o7lhmN-1200x840@El%20Comercio.JPG\"><img loading=\"lazy\" decoding=\"async\" class=\"aligncenter size-large\" src=\"https:\/\/s1.ppllstatics.com\/elcomercio\/www\/multimedia\/2025\/07\/07\/gimena-coeducacion-RXx1UGeeKJI2cCg51o7lhmN-1200x840@El%20Comercio.JPG\" width=\"1200\" height=\"840\" \/><\/a><\/div>\n<div class=\"\" style=\"text-align: center\"><\/div>\n<\/div>\n<\/div>\n<div class=\"html-div xdj266r x14z9mp xat24cr x1lziwak xexx8yu xyri2b x18d9i69 x1c1uobl x1iyjqo2 xeuugli\">\n<div class=\"x78zum5 xdt5ytf xz62fqu x16ldp7u\">\n<div class=\"xu06os2 x1ok221b\">\n<div class=\"html-div xdj266r x14z9mp xat24cr x1lziwak xexx8yu xyri2b x18d9i69 x1c1uobl\" data-ad-rendering-role=\"profile_name\">\n<ul>\n<li id=\"_r_2v0_\" class=\"html-h2 x14z9mp xat24cr x1lziwak xexx8yu xyri2b x18d9i69 x1c1uobl x1vvkbs x1heor9g x1qlqyl8 x1pd3egz x1a2a7pz x1gslohp x1yc453h\"><span class=\"xt0psk2\"><span class=\"xjp7ctv\"><a class=\"x1i10hfl xjbqb8w x1ejq31n x18oe1m7 x1sy0etr xstzfhl x972fbf x10w94by x1qhh985 x14e42zd x9f619 x1ypdohk xt0psk2 xe8uvvx xdj266r x14z9mp xat24cr x1lziwak xexx8yu xyri2b x18d9i69 x1c1uobl x16tdsg8 x1hl2dhg xggy1nq x1a2a7pz xkrqix3 x1sur9pj xzsf02u x1s688f\" role=\"link\" href=\"https:\/\/www.facebook.com\/RTPAoficial?__cft__[0]=AZV6IFndIqqtDQC-SRp9SKRABELrvTEEx4sI9MKSf3efrJDmNTO3xhEzQBpxp02ce8bdI0RlACHfejFMD2zYtx8hojFn7UFoxexqJfeCG6F1dYNBawUb-Oj0yWPBUxYLflZXL5ITBZhaTmA4Ir8oyh7nrnRZFtc8ddXZ6Fu1Qht7XktyuuIzZX2NUFtGugy1CVa6Sr2oHVmYNG8E0vHNgV7G&amp;__tn__=-UC%2CP-R\"><strong class=\"html-strong xdj266r x14z9mp xat24cr x1lziwak xexx8yu xyri2b x18d9i69 x1c1uobl x1hl2dhg x16tdsg8 x1vvkbs x1s688f\"><span class=\"html-span xdj266r x14z9mp xat24cr x1lziwak xexx8yu xyri2b x18d9i69 x1c1uobl x1hl2dhg x16tdsg8 x1vvkbs\">RTPA<\/span><\/strong><\/a><\/span><\/span>\/<span class=\"x1lliihq x6ikm8r x10wlt62 x1n2onr6\"><span class=\"xt0psk2\"><span class=\"xjp7ctv\"><a class=\"x1i10hfl xjbqb8w x1ejq31n x18oe1m7 x1sy0etr xstzfhl x972fbf x10w94by x1qhh985 x14e42zd x9f619 x1ypdohk xt0psk2 xe8uvvx xdj266r x14z9mp xat24cr x1lziwak xexx8yu xyri2b x18d9i69 x1c1uobl x16tdsg8 x1hl2dhg xggy1nq x1a2a7pz xkrqix3 x1sur9pj xzsf02u x1s688f\" role=\"link\" href=\"https:\/\/www.facebook.com\/gobiernodeasturias?__cft__[0]=AZVxUEjl0x8C1zzE9pU2I6dBwXvtV_wgu8aV2WeiAgBvjCeq1Vt1uJG3VXA4y5Arzp10OnxiM9rNafZeehMPTcWrHLf5dXc_nIcZ1qKXKLBJ28stFAQetZWMreCKSKzkuyAdcYgwOIfIwfAEhtsDDBRte8m1ZpgpevQviacANYQxYp5CUZCr-xyuwSSQzEA0cxo&amp;__tn__=-UC%2CP-y-R\"><strong class=\"html-strong xdj266r x14z9mp xat24cr x1lziwak xexx8yu xyri2b x18d9i69 x1c1uobl x1hl2dhg x16tdsg8 x1vvkbs x1s688f\"><span class=\"html-span xdj266r x14z9mp xat24cr x1lziwak xexx8yu xyri2b x18d9i69 x1c1uobl x1hl2dhg x16tdsg8 x1vvkbs\">Principado de Asturias<\/span><\/strong><\/a><\/span><\/span><span class=\"html-span xdj266r x14z9mp xat24cr x1lziwak xexx8yu xyri2b x18d9i69 x1c1uobl x1hl2dhg x16tdsg8 x1vvkbs x1dor1uw x1n2onr6 xxymvpz\">\u00a0<\/span><\/span>\/<a href=\"https:\/\/www.rtpa.es\/noticias-asturias-ast\/2025-07-07\/Arrinca-la-primer-'Escuela-de-Formadores-en-Coeducacion'_111751886571.html\">TPA<\/a> \/ <a href=\"https:\/\/www.rtpa.es\/noticias-asturias\/2025-07-07\/Arranca-la-primera-'Escuela-de-Formadoras-en-Coeducacion'_111751886571.html?fbclid=IwY2xjawLZAR9leHRuA2FlbQIxMQBicmlkETFsWXJSQXpWQWR0clh1dlJJAR7-kpVF1Xq3vEHL_gftq0uvS6CucyeOdnW5wTVTnPETET4RGR7Si62vnGyG6g_aem_aOT7CNGA3sKdmAqeBGIEbQ\">VIDEU<\/a> \/ <a href=\"https:\/\/www.elcomercio.es\/asturias\/educar-igualdad-chochocharla-cuestion-vida-muerte-20250707153850-nt.html\"><strong>El Comercio<\/strong><\/a> \/<\/li>\n<\/ul>\n<\/div>\n<\/div>\n<div class=\"xu06os2 x1ok221b\">\n<div id=\"_r_2v1_\" class=\"html-div xdj266r x14z9mp xat24cr x1lziwak xexx8yu xyri2b x18d9i69 x1c1uobl x1q0g3np\">Eh\u00ed toi, form\u00e1ndome en coeducacion e iguald\u00e1.<a href=\"https:\/\/es.wikipedia.org\/wiki\/Carmen_Ruiz_Repullo\"><span style=\"color: #800080\"><strong> Carmen Ruiz Repullo<\/strong><\/span><\/a> apurri\u00f3nos datos y estad\u00edstiques de la violencia de x\u00e9neru esistente, por casu, en Redes sociales. Elles rob\u00e1ronnos a los docentes ser los primeres influencers.<\/div>\n<div><\/div>\n<\/div>\n<\/div>\n<\/div>\n<div class=\"xqcrz7y x78zum5 x1qx5ct2 x1y1aw1k xf159sx xwib8y2 xmzvs34 xw4jnvo\">\n<div>\ud83d\udfe3La vicepresidenta, Gimena Llamedo, inaugur\u00f3 la primera \ud835\udc04\ud835\udc2c\ud835\udc1c\ud835\udc2e\ud835\udc1e\ud835\udc25\ud835\udc1a \ud835\udc1d\ud835\udc1e \ud835\udc05\ud835\udc28\ud835\udc2b\ud835\udc26\ud835\udc1a\ud835\udc1d\ud835\udc28\ud835\udc2b\ud835\udc1a\ud835\udc2c \ud835\udc1e\ud835\udc27 \ud835\udc02\ud835\udc28\ud835\udc1e\ud835\udc1d\ud835\udc2e\ud835\udc1c\ud835\udc1a\ud835\udc1c\ud835\udc22\ud835\udc28\u0301\ud835\udc27. \ud83d\udfe3Destac\u00f3&#8217;l compromisu del Gobiernu d&#8217;Asturies cola prevenci\u00f3n de la violencia de x\u00e9neru \ud83d\udde3\ufe0f<em>\u00abEsta escuela ye un <\/em><em>pasu m\u00e1s para siguir avanzando escontra la iguald\u00e1\u00bb. <\/em><\/div>\n<div><!--more--><\/div>\n<p style=\"text-align: center\">\n<!-- iframe plugin v.6.0 wordpress.org\/plugins\/iframe\/ -->\n<iframe loading=\"lazy\" src=\"https:\/\/www.facebook.com\/plugins\/post.php?href=https%3A%2F%2Fwww.facebook.com%2Fisa.lobo.35%2Fposts%2Fpfbid0WYShxdnT3Uvr5LFXzKiSBrmxiLpxXhe9aGPVAgd6jPfXs3ZSazDchM1c7DVDpUe2l&#038;show_text=true&#038;width=500\" width=\"500\" height=\"722\" style=\"border:none;overflow:hidden\" scrolling=\"no\" frameborder=\"0\" allowfullscreen=\"true\" allow=\"autoplay; clipboard-write; encrypted-media; picture-in-picture; web-share\" 0=\"\/iframe\" class=\"iframe-class\"><\/iframe>\n<\/p>\n<ul>\n<li>\u27a1\ufe0fSon 40 places, que van recibir formaci\u00f3n mientres 30 hores.<\/li>\n<li>Depu\u00e9s van formar a otru personal docente coles mires de prevenir actit\u00faes discriminatories y la violencia de x\u00e9neru nes aules.<\/li>\n<li>Arrinca la primer &#8216;Escuela de Formadores en Coeducaci\u00f3n&#8217;.<\/li>\n<li>Los espertos en coeducaci\u00f3n inciden na so importancia para una socied\u00e1 igualitaria. <a style=\"text-align: center\" href=\"https:\/\/www.rtpa.es\/noticias-asturias\/2025-07-07\/Arranca-la-primera-'Escuela-de-Formadoras-en-Coeducacion'_111751886571.html?fbclid=IwY2xjawLZAR9leHRuA2FlbQIxMQBicmlkETFsWXJSQXpWQWR0clh1dlJJAR7-kpVF1Xq3vEHL_gftq0uvS6CucyeOdnW5wTVTnPETET4RGR7Si62vnGyG6g_aem_aOT7CNGA3sKdmAqeBGIEbQ\">VIDEU<\/a><\/li>\n<\/ul>\n<\/div>\n<div class=\"html-div xdj266r x14z9mp xat24cr x1lziwak xexx8yu xyri2b x18d9i69 x1c1uobl\" dir=\"auto\">\n<div class=\"html-div xdj266r x14z9mp xat24cr x1lziwak xexx8yu xyri2b x18d9i69 x1c1uobl\" data-ad-rendering-role=\"story_message\">\n<div id=\"_r_2v2_\" class=\"x1l90r2v x1iorvi4 x1g0dm76 xpdmqnj\" data-ad-comet-preview=\"message\" data-ad-preview=\"message\">\n<div class=\"x78zum5 xdt5ytf xz62fqu x16ldp7u\">\n<div class=\"xu06os2 x1ok221b\">\n<div class=\"html-div xdj266r x14z9mp xat24cr x1lziwak xexx8yu xyri2b x18d9i69 x1c1uobl\">\n<div class=\"xdj266r x14z9mp xat24cr x1lziwak x1vvkbs x126k92a\">\n<div dir=\"auto\" style=\"text-align: center\">\n<!-- iframe plugin v.6.0 wordpress.org\/plugins\/iframe\/ -->\n<iframe loading=\"lazy\" src=\"https:\/\/www.facebook.com\/plugins\/post.php?href=https%3A%2F%2Fwww.facebook.com%2Fisa.lobo.35%2Fposts%2Fpfbid0cHCyNATjnh3DHsKLzVYnkK61PzqFLXGr3GkYHHTKRVBEpDJ9WsVVnVeTW18P2gNLl&#038;show_text=true&#038;width=500\" width=\"500\" height=\"860\" style=\"border:none;overflow:hidden\" scrolling=\"no\" frameborder=\"0\" allowfullscreen=\"true\" allow=\"autoplay; clipboard-write; encrypted-media; picture-in-picture; web-share\" 0=\"\/iframe\" class=\"iframe-class\"><\/iframe>\n<\/div>\n<div dir=\"auto\">\n<p><strong>La conseyera de Presidencia, Retu Demogr\u00e1ficu, Iguald\u00e1 y Turismu, Gimena Llamedo<\/strong>, destac\u00f3 esti llunes el compromisu del Gobiernu d&#8217;Asturies cola prevenci\u00f3n de la violencia de x\u00e9neru mientres la inauguraci\u00f3n de la primer &#8216;Escuela de Formadores en Coeducaci\u00f3n&#8217;, que representa<span style=\"color: #800080\"><strong> \u00abla \u00fanica vacuna\u00bb esistente para la prevenci\u00f3n d&#8217;esta violencia.<\/strong><\/span><\/p>\n<p>Mientres la inauguraci\u00f3n, la conseyera sorray\u00f3 que la escuela ye \u00abun pasu m\u00e1s\u00bb para siguir avanzando escontra la iguald\u00e1 y celebr\u00f3 que les 40 places del cursu complet\u00e1rense \u00aben cuesti\u00f3n d&#8217;hores\u00bb y que se recibieren barganal de 200 solicit\u00faes.<\/p>\n<p>Esto demuestra, seg\u00fan afirm\u00f3 Llamedo, que&#8217;l personal docente \u00abquier siguir form\u00e1ndose\u00bb y qu&#8217;Asturies avanza escontra una socied\u00e1 \u00abm\u00e1s igualitaria y llibre de violencia de x\u00e9neru\u00bb.<\/p>\n<p>La escuela ye un taller de 30 hores para persones que depu\u00e9s van formar a otros docentes coles mires de prevenir actit\u00faes discriminatories y la violencia de x\u00e9neru nes aules.<\/p>\n<p>Los espertos en coeducaci\u00f3n inciden na so importancia para una socied\u00e1 igualitaria<\/p>\n<p>Coeducar ye educar n&#8217;iguald\u00e1 por que toos y toes tengan les mesmes oportunidaes, por qu&#8217;haya m\u00e1s ne\u00f1es inxenieres, por casu, y m\u00e1s padres corresponsables na crianza. Inda esisten desigualdaes y por eso ye importante esta coeducaci\u00f3n, que se debe impartir correchamente, y por eso esti cursu.<\/p>\n<p>Laura Vi\u00f1uela, esperta en coeducaci\u00f3n, se\u00f1al\u00f3 n&#8217;una entrevista en TPA Noticies Ma\u00f1anera que s&#8217;avanz\u00f3 enforma nos \u00faltimos a\u00f1os pera la socied\u00e1, n&#8217;ocasiones, sufre regresiones.<\/p>\n<ul>\n<li dir=\"auto\"><a href=\"https:\/\/l.facebook.com\/l.php?u=https%3A%2F%2Fwww.youtube.com%2Fwatch%3Fv%3DGhQuzbWv6gA%26fbclid%3DIwZXh0bgNhZW0CMTAAYnJpZBEweTVFVlNaOUhwSXBadHMycAEei0I2j2B2C5H1rJ3JAryzO7tEH-hHBl02ePl9nFrPZHELVtJRjaRXhtEgXLI_aem__9D6Bij4hiYRr_KCDzHHBw&amp;h=AT3KtJYNC9fLmdivF3zV8vv1U6SrC7f1Q-v0rgL_nQNtMKe5MtE0wIS9e5ek0aytYuAyRNfYn5YaY53MadaxZK1ULHjIFjt-QSELv-yERhdaQ5DgzK7nt4bkqvb_av9-kbdvzbOTHXrebw&amp;__tn__=-UK-R&amp;c[0]=AT1n60oys9I5d0DVT9cXT-MsWU8PVpcuIf8q8mh34huhSsW0VDcbHJ1H3dzNhZMAhp0MVQjg_fyNVM0YMd0n0UvCAn6AhRXhmYOYF_zmsM1tIeiyl3LV2plxfIIsWdgl1T6_NpTW-t6_xH72JtJgz1JIdm6HdrvFqyZCWVc37DnlMOK6tKgSDDLsEmKtPZNxTQ_MnOplAkLQGdI6y8TiQtpA0BIt\">Entrevista a Laura Vi\u00f1uela, coeducadora<\/a> en <span class=\"html-span xdj266r x14z9mp xat24cr x1lziwak xexx8yu xyri2b x18d9i69 x1c1uobl x1hl2dhg x16tdsg8 x1vvkbs\"><a class=\"x1i10hfl xjbqb8w x1ejq31n x18oe1m7 x1sy0etr xstzfhl x972fbf x10w94by x1qhh985 x14e42zd x9f619 x1ypdohk xt0psk2 xe8uvvx xdj266r x14z9mp xat24cr x1lziwak xexx8yu xyri2b x18d9i69 x1c1uobl x16tdsg8 x1hl2dhg xggy1nq x1a2a7pz xkrqix3 x1sur9pj x1fey0fg x1s688f\" role=\"link\" href=\"https:\/\/www.facebook.com\/hashtag\/tpanoticias?__eep__=6&amp;__cft__[0]=AZV6IFndIqqtDQC-SRp9SKRABELrvTEEx4sI9MKSf3efrJDmNTO3xhEzQBpxp02ce8bdI0RlACHfejFMD2zYtx8hojFn7UFoxexqJfeCG6F1dYNBawUb-Oj0yWPBUxYLflZXL5ITBZhaTmA4Ir8oyh7nrnRZFtc8ddXZ6Fu1Qht7XktyuuIzZX2NUFtGugy1CVa6Sr2oHVmYNG8E0vHNgV7G&amp;__tn__=*NK-R\">#TPANoticias<\/a><\/span><\/li>\n<\/ul>\n<div dir=\"auto\"><\/div>\n<div dir=\"auto\" style=\"text-align: center\">\n<!-- iframe plugin v.6.0 wordpress.org\/plugins\/iframe\/ -->\n<iframe loading=\"lazy\" width=\"100%\" height=\"423\" src=\"https:\/\/www.youtube.com\/embed\/GhQuzbWv6gA\" title=\"Entrevista a Laura Vi\u00f1uela, coeducadora\" frameborder=\"0\" allow=\"accelerometer; autoplay; clipboard-write; encrypted-media; gyroscope; picture-in-picture; web-share\" referrerpolicy=\"strict-origin-when-cross-origin\" 0=\"allowfullscreen\" 1=\"\/iframe\" scrolling=\"yes\" class=\"iframe-class\"><\/iframe>\n<\/div>\n<p>&nbsp;<\/p>\n<\/div>\n<\/div>\n<\/div>\n<\/div>\n<\/div>\n<\/div>\n<\/div>\n<\/div>\n","protected":false},"excerpt":{"rendered":"<p>RTPA\/Principado de Asturias\u00a0\/TPA \/ VIDEU \/ El Comercio \/ Eh\u00ed toi, form\u00e1ndome en coeducacion e iguald\u00e1. Carmen Ruiz Repullo apurri\u00f3nos datos y estad\u00edstiques de la violencia de x\u00e9neru esistente, por casu, en Redes sociales. Elles rob\u00e1ronnos a los docentes ser los primeres influencers. \ud83d\udfe3La vicepresidenta, Gimena Llamedo, inaugur\u00f3 la primera \ud835\udc04\ud835\udc2c\ud835\udc1c\ud835\udc2e\ud835\udc1e\ud835\udc25\ud835\udc1a \ud835\udc1d\ud835\udc1e \ud835\udc05\ud835\udc28\ud835\udc2b\ud835\udc26\ud835\udc1a\ud835\udc1d\ud835\udc28\ud835\udc2b\ud835\udc1a\ud835\udc2c \ud835\udc1e\ud835\udc27 \ud835\udc02\ud835\udc28\ud835\udc1e\ud835\udc1d\ud835\udc2e\ud835\udc1c\ud835\udc1a\ud835\udc1c\ud835\udc22\ud835\udc28\u0301\ud835\udc27. [&hellip;]<\/p>\n","protected":false},"author":117,"featured_media":0,"comment_status":"closed","ping_status":"open","sticky":false,"template":"","format":"standard","meta":{"footnotes":""},"categories":[374,373],"tags":[],"class_list":["post-52326","post","type-post","status-publish","format-standard","hentry","category-coeducacion","category-coeducastur"],"_links":{"self":[{"href":"https:\/\/edublog.educastur.es\/ixuxu\/wp-json\/wp\/v2\/posts\/52326","targetHints":{"allow":["GET"]}}],"collection":[{"href":"https:\/\/edublog.educastur.es\/ixuxu\/wp-json\/wp\/v2\/posts"}],"about":[{"href":"https:\/\/edublog.educastur.es\/ixuxu\/wp-json\/wp\/v2\/types\/post"}],"author":[{"embeddable":true,"href":"https:\/\/edublog.educastur.es\/ixuxu\/wp-json\/wp\/v2\/users\/117"}],"replies":[{"embeddable":true,"href":"https:\/\/edublog.educastur.es\/ixuxu\/wp-json\/wp\/v2\/comments?post=52326"}],"version-history":[{"count":11,"href":"https:\/\/edublog.educastur.es\/ixuxu\/wp-json\/wp\/v2\/posts\/52326\/revisions"}],"predecessor-version":[{"id":52371,"href":"https:\/\/edublog.educastur.es\/ixuxu\/wp-json\/wp\/v2\/posts\/52326\/revisions\/52371"}],"wp:attachment":[{"href":"https:\/\/edublog.educastur.es\/ixuxu\/wp-json\/wp\/v2\/media?parent=52326"}],"wp:term":[{"taxonomy":"category","embeddable":true,"href":"https:\/\/edublog.educastur.es\/ixuxu\/wp-json\/wp\/v2\/categories?post=52326"},{"taxonomy":"post_tag","embeddable":true,"href":"https:\/\/edublog.educastur.es\/ixuxu\/wp-json\/wp\/v2\/tags?post=52326"}],"curies":[{"name":"wp","href":"https:\/\/api.w.org\/{rel}","templated":true}]}}