{"id":52334,"date":"2025-07-07T11:00:44","date_gmt":"2025-07-07T09:00:44","guid":{"rendered":"https:\/\/edublog.educastur.es\/ixuxu\/?p=52334"},"modified":"2025-07-07T21:09:09","modified_gmt":"2025-07-07T19:09:09","slug":"un-decretu-para-prevenir-detectar-y-erradicar-lacoso-escolar","status":"publish","type":"post","link":"https:\/\/edublog.educastur.es\/ixuxu\/2025\/07\/un-decretu-para-prevenir-detectar-y-erradicar-lacoso-escolar\/","title":{"rendered":"Un decretu para prevenir, detectar y erradicar l&#8217;acoso escolar"},"content":{"rendered":"<div class=\"html-div xdj266r x14z9mp xat24cr x1lziwak xexx8yu xyri2b x18d9i69 x1c1uobl\">\n<div class=\"html-div xdj266r x14z9mp x1lziwak x18d9i69 x1cy8zhl x78zum5 x1q0g3np xod5an3 xz9dl7a x1g0dm76 xpdmqnj\">\n<div class=\"html-div xdj266r x14z9mp xat24cr x1lziwak xexx8yu xyri2b x18d9i69 x1c1uobl x1iyjqo2 xeuugli\">\n<div class=\"x78zum5 xdt5ytf xz62fqu x16ldp7u\">\n<div class=\"xu06os2 x1ok221b\">\n<div class=\"html-div xdj266r x14z9mp xat24cr x1lziwak xexx8yu xyri2b x18d9i69 x1c1uobl\" data-ad-rendering-role=\"profile_name\">\n<ul>\n<li id=\"_R_lalatana6daammjabiqapapd5aq_\" class=\"html-h4 x14z9mp xat24cr x1lziwak xexx8yu xyri2b x18d9i69 x1c1uobl x1vvkbs x1heor9g x1qlqyl8 x1pd3egz x1a2a7pz x1gslohp x1yc453h\"><span class=\"xt0psk2\"><a class=\"x1i10hfl xjbqb8w x1ejq31n x18oe1m7 x1sy0etr xstzfhl x972fbf x10w94by x1qhh985 x14e42zd x9f619 x1ypdohk xt0psk2 xe8uvvx xdj266r x14z9mp xat24cr x1lziwak xexx8yu xyri2b x18d9i69 x1c1uobl x16tdsg8 x1hl2dhg xggy1nq x1a2a7pz xkrqix3 x1sur9pj xzsf02u x1s688f\" role=\"link\" href=\"https:\/\/www.facebook.com\/educastur?__cft__[0]=AZXeDzlzqTKUS4mUx51_unsXBC5hKcsVXL6gdUj1YsWzvSfx8tVDgSqZS6I5VJ5hB2lstwmIfO2pFlse2grnhm6DO_beTk-6vg5yZStpPLGyocw3Ckifsq5Y3TX3ywYRFIipSYJsShUqmngZ9S2ZsqX2raCGIJPrnsHkLOUJSR895Ml7QBdd9bnAk44ikt7AWlNCFzwX19XC7jOf9XEWNcpQ&amp;__tn__=-UC%2CP-R\"><strong class=\"html-strong xdj266r x14z9mp xat24cr x1lziwak xexx8yu xyri2b x18d9i69 x1c1uobl x1hl2dhg x16tdsg8 x1vvkbs x1s688f\"><span class=\"html-span xdj266r x14z9mp xat24cr x1lziwak xexx8yu xyri2b x18d9i69 x1c1uobl x1hl2dhg x16tdsg8 x1vvkbs\">Consejer\u00eda de Educaci\u00f3n del Principado<\/span><\/strong><\/a><\/span>\/<span class=\"html-span xexx8yu xyri2b x18d9i69 x1c1uobl x1hl2dhg x16tdsg8 x1vvkbs x3nfvp2 x1j61x8r x1fcty0u xdj266r xat24cr xm2jcoa x1mpyi22 xxymvpz xlup9mm x1kky2od\"><img loading=\"lazy\" decoding=\"async\" class=\"xz74otr x15mokao x1ga7v0g x16uus16 xbiv7yw\" src=\"https:\/\/static.xx.fbcdn.net\/images\/emoji.php\/v9\/ta2\/1\/16\/1f9f7.png\" alt=\"\ud83e\uddf7\" width=\"16\" height=\"16\" \/><\/span> <span class=\"html-span xdj266r x14z9mp xat24cr x1lziwak xexx8yu xyri2b x18d9i69 x1c1uobl x1hl2dhg x16tdsg8 x1vvkbs\"><a class=\"x1i10hfl xjbqb8w x1ejq31n x18oe1m7 x1sy0etr xstzfhl x972fbf x10w94by x1qhh985 x14e42zd x9f619 x1ypdohk xt0psk2 xe8uvvx xdj266r x14z9mp xat24cr x1lziwak xexx8yu xyri2b x18d9i69 x1c1uobl x16tdsg8 x1hl2dhg xggy1nq x1a2a7pz xkrqix3 x1sur9pj x1fey0fg x1s688f\" role=\"link\" href=\"https:\/\/l.facebook.com\/l.php?u=https%3A%2F%2Facortar.link%2F7PT65u%3Ffbclid%3DIwZXh0bgNhZW0CMTAAYnJpZBExbFlyUkF6VkFkdHJYdXZSSQEe1yjeD3X2QeX22HEiiV_2WQ_zVkzADrOdC9TUYIhuTlWkitkNgVO6AfichBg_aem_4lrK_ote-21qYz8B4Ti75w&amp;h=AT20cH1ir_J6AYZRWfTwUjQcQZMewBIbuPvl-6-KhR_Wu2yCIbws85M9E47U8dk7948WRtbxtODsyJJ72qqoLQG3QkGBkmc9uo9DCMrLHWk1hdizmtZlvrfxWZ3s3Fu8_sMrN2e5n_Yq2eRlALWzralfByir2A&amp;__tn__=-UK-R&amp;c[0]=AT32XR6muFeqkykvt-u0MQCP3USJmdiuVvfJ6oHa1U1rpHbIEPvkW0n3Y9Z90sAW_Cl5o-wowzW24rOb5zM3dPifOlTiORetN42IcDrNihKqjPUpxWU90RE9s06nL1a2cd20EjZgqxdAnC-nXoeO4ueq7LurpqCiFbjGjsQN0Bdl_Iby3Y2UfMbEOZOpU5u6ocK5MRI4XxxyShd7UnLaxY3nw5ZvsD-p\" target=\"_blank\" rel=\"nofollow noopener noreferrer\">https:\/\/acortar.link\/7PT65u<\/a><\/span><\/li>\n<\/ul>\n<p>El Princip\u00e1u d&#8217;Asturies empecipi\u00f3 la ellaboraci\u00f3n d&#8217;<span style=\"color: #008080\"><strong>un decretu para prevenir, detectar y erradicar l&#8217;acoso escolar<\/strong><\/span>, tal como s&#8217;anunci\u00f3 en mayu. A partir de ma\u00f1ana y hasta el 22 de xunetu, \u00e1brese&#8217;l periodu de consulta p\u00fablica previa, mientres el cual la ciudadan\u00eda va poder presentar les sos aportaciones para la futura norma al travi\u00e9s del portal de participaci\u00f3n.<\/p>\n<p style=\"text-align: center\"><a href=\"https:\/\/actualidad.asturias.es\/documents\/537115\/2675414\/chico-triste-de-tiro-completo-sentado-en-el-suelo.jpg\/d2a612f8-b626-8507-6bad-428e00ab9d72?t=1751902267901\"><img loading=\"lazy\" decoding=\"async\" class=\"aligncenter size-large\" src=\"https:\/\/actualidad.asturias.es\/documents\/537115\/2675414\/chico-triste-de-tiro-completo-sentado-en-el-suelo.jpg\/d2a612f8-b626-8507-6bad-428e00ab9d72?t=1751902267901\" width=\"7990\" height=\"5327\" \/><\/a><\/p>\n<p>&nbsp;<\/p>\n<\/div>\n<\/div>\n<\/div>\n<\/div>\n<\/div>\n<\/div>\n<p><!--more--><\/p>\n<p>Esti nuevu decretu tien como oxetivu establecer un marcu xur\u00eddicu s\u00f3lidu que garantice la prevenci\u00f3n y detecci\u00f3n del acoso escolar, <strong>asegurando asina&#8217;l derechu del alumn\u00e1u a una educaci\u00f3n calidable, llibre de violencia, que dexe desenvolver dafechu les sos capacidaes y algamar el so m\u00e1ximu potencial.<\/strong><\/p>\n<p><em><span style=\"color: #008080\">Ente los aspeutos clave que va regular la norma atopen los siguientes:<\/span><\/em><\/p>\n<ul>\n<li><em><span style=\"color: #008080\">L&#8217;actualizaci\u00f3n y regulaci\u00f3n de los protocolos esistentes, col fin d&#8217;ameyorar la detecci\u00f3n temprana de casos y fomentar la sensibilizaci\u00f3n nos centros educativos.<\/span><\/em><\/li>\n<li><em><span style=\"color: #008080\">La ellaboraci\u00f3n d&#8217;un plan cuatrienal con mid\u00edes concretes pa combatir l&#8217;acoso escolar.<\/span><\/em><\/li>\n<li><em><span style=\"color: #008080\">La promoci\u00f3n de la formaci\u00f3n del personal educativo, l&#8217;establecimientu de canales eficaces de denuncia y la implementaci\u00f3n d&#8217;acciones reeducatives empobinaes al alumn\u00e1u acosador.<\/span><\/em><\/li>\n<li><em><span style=\"color: #008080\">La creaci\u00f3n d&#8217;un sistema de siguimientu de casos, que dexe evaluar la efectivid\u00e1 de les mid\u00edes correctores adoptaes.<\/span><\/em><\/li>\n<li><em><span style=\"color: #008080\">La puesta en marcha d&#8217;un <strong>Observatoriu del Acoso Escolar.<\/strong><\/span><\/em><\/li>\n<li><em><span style=\"color: #008080\">El decretu tami\u00e9n va reforzar el compromisu de los centros educativos na llucha contra tou tipu de violencia, encament\u00e1ndolos a utilizar tolos recursos al so algame pa prevenir situaciones d&#8217;acoso y fomentar una convivencia positiva.<\/span><\/em><\/li>\n<\/ul>\n<p>Cabo destacar que&#8217;l Princip\u00e1u y\u00e1 cunta con protocolos d&#8217;actuaci\u00f3n que fueron actualizaos en tr\u00e9s ocasiones nos \u00faltimos cursos. Estes revisiones <strong>incorporaron aspeutos como&#8217;l ciberacoso, les agresiones rellacionaes cola orientaci\u00f3n o identid\u00e1 sexual y les suxerencies de los equipos directivos.<\/strong> Am\u00e1s, impuls\u00e1ronse campa\u00f1es informatives y robl\u00f3se un alcuerdu de collaboraci\u00f3n col Colexu Oficial de Psicolox\u00eda.<\/p>\n<p>A lo \u00faltimo, la Conseyer\u00eda d&#8217;Educaci\u00f3n unvi\u00f3 xuna carta a la ministra d&#8217;Educaci\u00f3n, Formaci\u00f3n Profesional y Deportes, Pilar Allegr\u00eda, pa tresllada-y xuna pidimientu recoy\u00edu ente families de v\u00edctimes d&#8217;acoso escolar: la necesid\u00e1 d&#8217;aprobar una llei estatal que garantice xuna respuesta homox\u00e9nea en tol territoriu nacional.<\/p>\n","protected":false},"excerpt":{"rendered":"<p>Consejer\u00eda de Educaci\u00f3n del Principado\/ https:\/\/acortar.link\/7PT65u El Princip\u00e1u d&#8217;Asturies empecipi\u00f3 la ellaboraci\u00f3n d&#8217;un decretu para prevenir, detectar y erradicar l&#8217;acoso escolar, tal como s&#8217;anunci\u00f3 en mayu. A partir de ma\u00f1ana y hasta el 22 de xunetu, \u00e1brese&#8217;l periodu de consulta p\u00fablica previa, mientres el cual la ciudadan\u00eda va poder presentar les sos aportaciones para la [&hellip;]<\/p>\n","protected":false},"author":117,"featured_media":0,"comment_status":"closed","ping_status":"open","sticky":false,"template":"","format":"standard","meta":{"footnotes":""},"categories":[132],"tags":[],"class_list":["post-52334","post","type-post","status-publish","format-standard","hentry","category-educastur"],"_links":{"self":[{"href":"https:\/\/edublog.educastur.es\/ixuxu\/wp-json\/wp\/v2\/posts\/52334","targetHints":{"allow":["GET"]}}],"collection":[{"href":"https:\/\/edublog.educastur.es\/ixuxu\/wp-json\/wp\/v2\/posts"}],"about":[{"href":"https:\/\/edublog.educastur.es\/ixuxu\/wp-json\/wp\/v2\/types\/post"}],"author":[{"embeddable":true,"href":"https:\/\/edublog.educastur.es\/ixuxu\/wp-json\/wp\/v2\/users\/117"}],"replies":[{"embeddable":true,"href":"https:\/\/edublog.educastur.es\/ixuxu\/wp-json\/wp\/v2\/comments?post=52334"}],"version-history":[{"count":4,"href":"https:\/\/edublog.educastur.es\/ixuxu\/wp-json\/wp\/v2\/posts\/52334\/revisions"}],"predecessor-version":[{"id":52338,"href":"https:\/\/edublog.educastur.es\/ixuxu\/wp-json\/wp\/v2\/posts\/52334\/revisions\/52338"}],"wp:attachment":[{"href":"https:\/\/edublog.educastur.es\/ixuxu\/wp-json\/wp\/v2\/media?parent=52334"}],"wp:term":[{"taxonomy":"category","embeddable":true,"href":"https:\/\/edublog.educastur.es\/ixuxu\/wp-json\/wp\/v2\/categories?post=52334"},{"taxonomy":"post_tag","embeddable":true,"href":"https:\/\/edublog.educastur.es\/ixuxu\/wp-json\/wp\/v2\/tags?post=52334"}],"curies":[{"name":"wp","href":"https:\/\/api.w.org\/{rel}","templated":true}]}}