{"id":52341,"date":"2025-07-07T11:10:40","date_gmt":"2025-07-07T09:10:40","guid":{"rendered":"https:\/\/edublog.educastur.es\/ixuxu\/?p=52341"},"modified":"2025-07-07T21:19:49","modified_gmt":"2025-07-07T19:19:49","slug":"iniciativa-pionera-que-xune-deporte-naturaleza-y-tradicion-para-celebrar-los-40-anos-de-asturies-paraisu-natural","status":"publish","type":"post","link":"https:\/\/edublog.educastur.es\/ixuxu\/2025\/07\/iniciativa-pionera-que-xune-deporte-naturaleza-y-tradicion-para-celebrar-los-40-anos-de-asturies-paraisu-natural\/","title":{"rendered":"Iniciativa pionera que xune deporte, naturaleza y tradici\u00f3n para celebrar los 40 a\u00f1os de &#8216;Asturies Para\u00edsu Natural&#8217;."},"content":{"rendered":"<p style=\"text-align: center\"><a href=\"https:\/\/actualidad.asturias.es\/documents\/537115\/2674712\/2025_07_07+presentacion+carreras+del+paraiso+3.jpg\/75425ef8-8a46-ee64-b892-ec8b83cf5706?t=1751882733455\"><img loading=\"lazy\" decoding=\"async\" class=\"aligncenter size-large\" src=\"https:\/\/actualidad.asturias.es\/documents\/537115\/2674712\/2025_07_07+presentacion+carreras+del+paraiso+3.jpg\/75425ef8-8a46-ee64-b892-ec8b83cf5706?t=1751882733455\" width=\"2048\" height=\"1152\" \/><\/a><\/p>\n<p>El Gobiernu d&#8217;Asturies llanza una iniciativa pionera que xune deporte, naturaleza y tradici\u00f3n para celebrar los cuarenta a\u00f1os de la marca<strong><span style=\"color: #008080\"> &#8216;Asturies Para\u00edsu Natural&#8217;<\/span><\/strong>. Cuatro carreres gratuites van percorrer los conceyos de Navia, Santalla d&#8217;Ozcos, Vald\u00e9s, Villaviciosa, Pilo\u00f1a y Caso mientres les fines de selmana d&#8217;ochobre. Fonte:<a href=\"https:\/\/actualidad.asturias.es\/-\/el-principado-lanza-una-iniciativa-pionera-que-une-deporte-naturaleza-y-tradici\u00f3n-para-celebrar-los-cuarenta-a\u00f1os-de-la-marca-asturias-para\u00edso-natural-?redirect=%2Fnoticias\"><em> Actualid\u00e1 Asturies\u00a0<\/em><\/a><\/p>\n<p><!--more--><\/p>\n<p>\u201cQueremos atraer visitantes que viaxen fuera de temporada y valoren la nuesa autenticid\u00e1\u201d, destaca la viceconseyera de Turismu<\/p>\n<p>Les inscripciones van ser gratuites, llindaes a 300 persones per competici\u00f3n y con parid\u00e1 ente homes y muyeres.<\/p>\n<p>&nbsp;<\/p>\n<p>El Gobiernu d&#8217;Asturies impulsa una <strong><span style=\"color: #008080\">propuesta innovadora qu&#8217;a\u00fana deporte, turismu sostenible y celebraci\u00f3n colectiva: les Carreres del Para\u00edsu<\/span><\/strong>, xuna iniciativa que s&#8217;enmarca nes celebraciones del cuadrax\u00e9simu aniversariu de la marca Asturies Para\u00edsu Natural. Van consistir en cuatro pruebes gratuites que van percorrer escenarios de gran valor natural y cultural de seis conceyos y que se van desenvolver mientres les fines de selmana d&#8217;ochobre.<\/p>\n<p>La viceconseyera de Turismu, Lara Mart\u00ednez, present\u00f3 g\u00fcei n&#8217;Uvi\u00e9u<span style=\"color: #008080\"> esta esperiencia que combina activid\u00e1 f\u00edsica, contactu cola naturaleza y cultura asturiana coles mires d&#8217;atraer visitantes fora de temporada y promover un turismu respetuosu col mediu rural.<\/span> \u201cQueremos qu&#8217;esti aniversariu s\u00eda xuna celebraci\u00f3n abierta a tola ciudadan\u00eda; que se viva, que se comparta y que sirva pa siguir avanzando nel modelu de turismu sostenible que defendemos: desestacionalizado, part\u00edu por tol territoriu y bas\u00e1u nos nuesos valores\u201d, esplic\u00f3 Mart\u00ednez.<\/p>\n<p><span style=\"color: #008080\">Cada competici\u00f3n va concluyir con una romer\u00eda en meta pensada pa esfrutar en familia, con m\u00fasica en directu, gastronom\u00eda local, xuegos tradicionales ya infantiles.<\/span> Les carreres van percorrer espacios singulares de Navia, Santalla d&#8217;Ozcos, Vald\u00e9s, Villaviciosa, Pilo\u00f1a y Casu. Les pruebes van tar llindaes a 300 participantes, <strong>va priorizase la equid\u00e1 de x\u00e9neru y la procedencia mista con cuenta de la met\u00e1 de les persones vengan de fora d&#8217;Asturies.<\/strong><\/p>\n<p>La preinscripci\u00f3n va abrise&#8217;l 15 de xunetu al travi\u00e9s de la plataforma @www.carrerasdelparaiso.com y va permanecer activa hasta&#8217;l 3 de setiembre. En casu de qu&#8217;haya m\u00e1s solicit\u00faes que places, el 5 de setiembre realizar\u00e1&#8217;l sort\u00e9u y va comunicase la resultancia a los beneficiarios, que van tener de plazu hasta&#8217;l 15 de setiembre pa formalizar la so inscripci\u00f3n.<\/p>\n<p>\u201cApostamos por que&#8217;l turismu asturianu creza ensin perder la so esencia. Por eso queremos atraer visitantes que valoren la nuesa autenticid\u00e1 y vengan fuera de temporada\u201d, asegur\u00f3 la viceconseyera. \u201cL&#8217;oxetivu de les Carreres del Para\u00edsu ye que&#8217;l deporte convi\u00e9rtase en nexu d&#8217;uni\u00f3n ente persones de distintos llugares y la naturaleza, la cultura y la redolada rural del nuesu para\u00edsu natural\u201d, a\u00f1edi\u00f3.<\/p>\n<p><span style=\"color: #008080\"><strong>Los percorr\u00edos de les pruebes van ser de 10 a 20 kil\u00f3metros y les rutes son les siguientes:<\/strong><\/span><\/p>\n<ul>\n<li><span style=\"color: #008080\">4 d&#8217;ochobre. Sienda Costera Naviega. 20 kil\u00f3metros dende la sablera de Barayo (Vald\u00e9s) hasta Navia.<\/span><\/li>\n<li><span style=\"color: #008080\">11 d&#8217;ochobre. Santalla d&#8217;Ozcos. 12 kil\u00f3metros pela ruta del Forc\u00f3n de los R\u00edos.<\/span><\/li>\n<li><span style=\"color: #008080\">18 d&#8217;ochobre. Collada d&#8217;Arniciu-*Infiesto. 14 kil\u00f3metros pol Cam\u00edn Real del *Sell\u00f3n.<\/span><\/li>\n<li><span style=\"color: #008080\">25 d&#8217;ochobre. Villaviciosa. 17 kil\u00f3metros ente Pe\u00f1a Cabrera y Llug\u00e1s.<\/span><\/li>\n<\/ul>\n","protected":false},"excerpt":{"rendered":"<p>El Gobiernu d&#8217;Asturies llanza una iniciativa pionera que xune deporte, naturaleza y tradici\u00f3n para celebrar los cuarenta a\u00f1os de la marca &#8216;Asturies Para\u00edsu Natural&#8217;. Cuatro carreres gratuites van percorrer los conceyos de Navia, Santalla d&#8217;Ozcos, Vald\u00e9s, Villaviciosa, Pilo\u00f1a y Caso mientres les fines de selmana d&#8217;ochobre. Fonte: Actualid\u00e1 Asturies\u00a0<\/p>\n","protected":false},"author":117,"featured_media":0,"comment_status":"closed","ping_status":"open","sticky":false,"template":"","format":"standard","meta":{"footnotes":""},"categories":[133],"tags":[],"class_list":["post-52341","post","type-post","status-publish","format-standard","hentry","category-deportes"],"_links":{"self":[{"href":"https:\/\/edublog.educastur.es\/ixuxu\/wp-json\/wp\/v2\/posts\/52341","targetHints":{"allow":["GET"]}}],"collection":[{"href":"https:\/\/edublog.educastur.es\/ixuxu\/wp-json\/wp\/v2\/posts"}],"about":[{"href":"https:\/\/edublog.educastur.es\/ixuxu\/wp-json\/wp\/v2\/types\/post"}],"author":[{"embeddable":true,"href":"https:\/\/edublog.educastur.es\/ixuxu\/wp-json\/wp\/v2\/users\/117"}],"replies":[{"embeddable":true,"href":"https:\/\/edublog.educastur.es\/ixuxu\/wp-json\/wp\/v2\/comments?post=52341"}],"version-history":[{"count":1,"href":"https:\/\/edublog.educastur.es\/ixuxu\/wp-json\/wp\/v2\/posts\/52341\/revisions"}],"predecessor-version":[{"id":52342,"href":"https:\/\/edublog.educastur.es\/ixuxu\/wp-json\/wp\/v2\/posts\/52341\/revisions\/52342"}],"wp:attachment":[{"href":"https:\/\/edublog.educastur.es\/ixuxu\/wp-json\/wp\/v2\/media?parent=52341"}],"wp:term":[{"taxonomy":"category","embeddable":true,"href":"https:\/\/edublog.educastur.es\/ixuxu\/wp-json\/wp\/v2\/categories?post=52341"},{"taxonomy":"post_tag","embeddable":true,"href":"https:\/\/edublog.educastur.es\/ixuxu\/wp-json\/wp\/v2\/tags?post=52341"}],"curies":[{"name":"wp","href":"https:\/\/api.w.org\/{rel}","templated":true}]}}