{"id":52345,"date":"2025-07-07T09:00:46","date_gmt":"2025-07-07T07:00:46","guid":{"rendered":"https:\/\/edublog.educastur.es\/ixuxu\/?p=52345"},"modified":"2025-07-09T19:25:43","modified_gmt":"2025-07-09T17:25:43","slug":"dia-de-la-conservacion-del-suelu","status":"publish","type":"post","link":"https:\/\/edublog.educastur.es\/ixuxu\/2025\/07\/dia-de-la-conservacion-del-suelu\/","title":{"rendered":"D\u00eda del Caltenimientu del suelu"},"content":{"rendered":"<div class=\"html-div xdj266r x14z9mp xat24cr x1lziwak xexx8yu x1a8lsjc xf7dkkf xv54qhq\">\n<div class=\"html-div xdj266r x14z9mp xat24cr x1lziwak xexx8yu xyri2b x18d9i69 x1c1uobl x1jx94hy x78zum5 x1q0g3np\">\n<div class=\"x78zum5 xdt5ytf xz62fqu x16ldp7u\">\n<div class=\"xu06os2 x1ok221b\">\n<div class=\"html-div xdj266r x14z9mp xat24cr x1lziwak xexx8yu xyri2b x18d9i69 x1c1uobl\" data-ad-rendering-role=\"profile_name\">\n<ul>\n<li class=\"html-h3 x14z9mp xat24cr x1lziwak xexx8yu xyri2b x18d9i69 x1c1uobl x1vvkbs x1heor9g x1qlqyl8 x1pd3egz x1a2a7pz x1gslohp x1yc453h\"><span class=\"x1lliihq x6ikm8r x10wlt62 x1n2onr6\"><span class=\"xt0psk2\"><a class=\"x1i10hfl xjbqb8w x1ejq31n x18oe1m7 x1sy0etr xstzfhl x972fbf x10w94by x1qhh985 x14e42zd x9f619 x1ypdohk xt0psk2 xe8uvvx xdj266r x14z9mp xat24cr x1lziwak xexx8yu xyri2b x18d9i69 x1c1uobl x16tdsg8 x1hl2dhg xggy1nq x1a2a7pz xkrqix3 x1sur9pj xzsf02u x1s688f\" role=\"link\" href=\"https:\/\/www.facebook.com\/fundacionbiodiversidad?__cft__[0]=AZVTt6ZGCu5MJkzjeqiStC0QK_m8MKmPpos4a92UaqX-oUXIkALxwJ1ZO2pdy_tVQZCYGCkKGw0nOhQld15T4vBtz-Fb1ZISwUqhPAXzdxC4hRJgHOgYtIpSwc3if8xnOFjygeECF7_yt5_6b_pn3pw8Jnddh2Hb1OMV3w3hJGhyr1L6zPmXME7D-KVKTDZMPnk-DyDgZx3HYOEosbS8NWxV5RFYI9IeyjWsTV9O0Jc4Xw&amp;__tn__=-UC%2CP-y-R\"><strong class=\"html-strong xdj266r x14z9mp xat24cr x1lziwak xexx8yu xyri2b x18d9i69 x1c1uobl x1hl2dhg x16tdsg8 x1vvkbs x1s688f\"><span class=\"html-span xdj266r x14z9mp xat24cr x1lziwak xexx8yu xyri2b x18d9i69 x1c1uobl x1hl2dhg x16tdsg8 x1vvkbs\">Fundaci\u00f3n Biodiversidad<\/span><\/strong><\/a><\/span><\/span><\/li>\n<\/ul>\n<\/div>\n<\/div>\n<div class=\"xu06os2 x1ok221b\">\n<div class=\"html-div xdj266r x14z9mp xat24cr x1lziwak xexx8yu xyri2b x18d9i69 x1c1uobl x1q0g3np\" style=\"text-align: center\">\n<!-- iframe plugin v.6.0 wordpress.org\/plugins\/iframe\/ -->\n<iframe loading=\"lazy\" src=\"https:\/\/www.facebook.com\/plugins\/post.php?href=https%3A%2F%2Fwww.facebook.com%2Ffundacionbiodiversidad%2Fposts%2Fpfbid0g6o35NpTSv2VitzMzSiKSAfpXp1B1M5j7wqtX5vh2ccGTyYZfT4kbtGXFTBfhpZ7l&#038;show_text=false&#038;width=500\" width=\"500\" height=\"498\" style=\"border:none;overflow:hidden\" scrolling=\"no\" frameborder=\"0\" allowfullscreen=\"true\" allow=\"autoplay; clipboard-write; encrypted-media; picture-in-picture; web-share\" 0=\"\/iframe\" class=\"iframe-class\"><\/iframe>\n<\/div>\n<div><\/div>\n<\/div>\n<\/div>\n<\/div>\n<\/div>\n<div class=\"html-div xdj266r x14z9mp xat24cr x1lziwak xexx8yu xyri2b x18d9i69 x1c1uobl\" dir=\"auto\">\n<div class=\"html-div xdj266r x14z9mp xat24cr x1lziwak xexx8yu xyri2b x18d9i69 x1c1uobl\" dir=\"auto\">\n<div class=\"html-div xdj266r x14z9mp xat24cr x1lziwak xexx8yu xyri2b x18d9i69 x1c1uobl\" data-ad-rendering-role=\"story_message\">\n<div class=\"x1l90r2v x1iorvi4 x1g0dm76 xpdmqnj\" data-ad-comet-preview=\"message\" data-ad-preview=\"message\">\n<div class=\"x78zum5 xdt5ytf xz62fqu x16ldp7u\">\n<div class=\"xu06os2 x1ok221b\">\n<div class=\"html-div xdj266r x14z9mp xat24cr x1lziwak xexx8yu xyri2b x18d9i69 x1c1uobl\">\n<div class=\"xdj266r x14z9mp xat24cr x1lziwak x1vvkbs x126k92a\"><\/div>\n<div class=\"x14z9mp xat24cr x1lziwak x1vvkbs xtlvy1s x126k92a\">\n<div dir=\"auto\">El 75 % del suelu del planeta ta degrad\u00e1u.<span style=\"text-decoration: underline;color: #008080\"> Y nun falamos solo de tierra:<\/span><\/div>\n<div dir=\"auto\"><\/div>\n<ul>\n<li dir=\"auto\"><span style=\"color: #008080\">Apurre&#8217;l 95 % de los alimentos que consumimos<\/span><\/li>\n<li dir=\"auto\"><span style=\"color: #008080\">Almacena y llimpia l&#8217;agua <\/span><\/li>\n<li dir=\"auto\"><span style=\"color: #008080\">Prinda CO2<\/span><\/li>\n<li dir=\"auto\"><span style=\"color: #008080\">Llar de millones d&#8217;especies<\/span><\/li>\n<li dir=\"auto\"><span style=\"color: #008080\">Fuente de compuestos melecinales<\/span><\/li>\n<\/ul>\n<\/div>\n<\/div>\n<\/div>\n<\/div>\n<\/div>\n<\/div>\n<\/div>\n<\/div>\n<p><!--more--><\/p>\n<p>Dende l&#8217;a\u00f1u 1963, cada 7 de xunetu celebra&#8217;l<strong> D\u00eda del Caltenimientu del Suelu<\/strong>, en memoria del Dr. Hugh Hammond Bennet. Esti cient\u00edficu estadounidense dedic\u00f3 la so carrera a la investigaci\u00f3n sobro l&#8217;efectu de la calid\u00e1 de la tierra sobro la so capacid\u00e1 granible, de la cual depende la biosfera.<\/p>\n<p>Nesta fecha rinde homenaxe a Hugh Hammond Bennett (1881-1960), pioneru nel campu del caltenimientu del suelu nel so pa\u00eds natal, Estaos Xun\u00edos. Asina, cada 7 de xunetu cavilgase <strong>sobro la importancia de los suelos y l&#8217;amenaza de la desertificaci\u00f3n, un fen\u00f3menu natural que debe&#8217;l so orixe a tr\u00e9s causes: la deforestaci\u00f3n, l&#8217;usu desequilibr\u00e1u del suelu y el mal usu de la mecanizaci\u00f3n<\/strong>.<\/p>\n<p style=\"text-align: center\"><a href=\"https:\/\/www.fundacionaquae.org\/wp-content\/uploads\/2019\/12\/dia-mundial-del-suelo.jpg.webp\"><img loading=\"lazy\" decoding=\"async\" class=\"aligncenter size-large\" src=\"https:\/\/www.fundacionaquae.org\/wp-content\/uploads\/2019\/12\/dia-mundial-del-suelo.jpg.webp\" width=\"1080\" height=\"1623\" \/><\/a><\/p>\n<p><strong>Por qu\u00e9 ye importante&#8217;l caltenimientu del suelu<\/strong> \u00abLa tierra granible ye la nuesa base, porque cada cosa que n\u00f3s faemos empieza y caltiense cola sostenida productivid\u00e1 de les nueses tierres agr\u00edcoles\u00ab. D&#8217;esta forma, Bennet trat\u00f3, a lo llargo de la so vida, de concenciar a la poblaci\u00f3n sobro la necesid\u00e1 de promover el cuidu y el caltenimientu del suelu. Porque&#8217;l suelu xuega un papel fundamental nuna gran cantid\u00e1 de procesos biol\u00f3xicos, qu\u00edmicos y f\u00edsicos que faen posible la supervivencia de los seres vivos de la biosfera.<\/p>\n<p>La tierra ye un recursu bien complexu por cuenta de la so capacid\u00e1 cambiante. El suelu ye&#8217;l soporte de distintes formes de vida, apurre sustratu a los cultivos y sirve como alimentu p&#8217;animales y plantes. Na agricultura, el suelu ye un mediu de comunicaci\u00f3n ente llabrador y cultivu. Y ye que dependiendo del tratamientu que se-y dea, la productivid\u00e1 de la tierra va ser distinta.<\/p>\n<p style=\"text-align: center\"><a href=\"https:\/\/www.bioingenieriadelpaisaje.com\/wp-content\/uploads\/dia-mundial-del-suelo-1.jpg\"><img loading=\"lazy\" decoding=\"async\" class=\"aligncenter \" src=\"https:\/\/www.bioingenieriadelpaisaje.com\/wp-content\/uploads\/dia-mundial-del-suelo-1.jpg\" width=\"435\" height=\"272\" \/><\/a><\/p>\n<p style=\"text-align: center\">\n<!-- iframe plugin v.6.0 wordpress.org\/plugins\/iframe\/ -->\n<iframe loading=\"lazy\" src=\"https:\/\/www.facebook.com\/plugins\/post.php?href=https%3A%2F%2Fwww.facebook.com%2Fiberianwildlife1%2Fposts%2Fpfbid0YY6fDjKysHyjW2vf8UvQoaXxA4GLJGLAseAMiGDReMWUtfdUtXruHabZVCgiMQLBl&#038;show_text=false&#038;width=500\" width=\"500\" height=\"498\" style=\"border:none;overflow:hidden\" scrolling=\"no\" frameborder=\"0\" allowfullscreen=\"true\" allow=\"autoplay; clipboard-write; encrypted-media; picture-in-picture; web-share\" 0=\"\/iframe\" class=\"iframe-class\"><\/iframe>\n<\/p>\n<p>&nbsp;<\/p>\n","protected":false},"excerpt":{"rendered":"<p>Fundaci\u00f3n Biodiversidad El 75 % del suelu del planeta ta degrad\u00e1u. Y nun falamos solo de tierra: Apurre&#8217;l 95 % de los alimentos que consumimos Almacena y llimpia l&#8217;agua Prinda CO2 Llar de millones d&#8217;especies Fuente de compuestos melecinales<\/p>\n","protected":false},"author":117,"featured_media":0,"comment_status":"closed","ping_status":"open","sticky":false,"template":"","format":"standard","meta":{"footnotes":""},"categories":[6],"tags":[],"class_list":["post-52345","post","type-post","status-publish","format-standard","hentry","category-dia-de"],"_links":{"self":[{"href":"https:\/\/edublog.educastur.es\/ixuxu\/wp-json\/wp\/v2\/posts\/52345","targetHints":{"allow":["GET"]}}],"collection":[{"href":"https:\/\/edublog.educastur.es\/ixuxu\/wp-json\/wp\/v2\/posts"}],"about":[{"href":"https:\/\/edublog.educastur.es\/ixuxu\/wp-json\/wp\/v2\/types\/post"}],"author":[{"embeddable":true,"href":"https:\/\/edublog.educastur.es\/ixuxu\/wp-json\/wp\/v2\/users\/117"}],"replies":[{"embeddable":true,"href":"https:\/\/edublog.educastur.es\/ixuxu\/wp-json\/wp\/v2\/comments?post=52345"}],"version-history":[{"count":7,"href":"https:\/\/edublog.educastur.es\/ixuxu\/wp-json\/wp\/v2\/posts\/52345\/revisions"}],"predecessor-version":[{"id":52461,"href":"https:\/\/edublog.educastur.es\/ixuxu\/wp-json\/wp\/v2\/posts\/52345\/revisions\/52461"}],"wp:attachment":[{"href":"https:\/\/edublog.educastur.es\/ixuxu\/wp-json\/wp\/v2\/media?parent=52345"}],"wp:term":[{"taxonomy":"category","embeddable":true,"href":"https:\/\/edublog.educastur.es\/ixuxu\/wp-json\/wp\/v2\/categories?post=52345"},{"taxonomy":"post_tag","embeddable":true,"href":"https:\/\/edublog.educastur.es\/ixuxu\/wp-json\/wp\/v2\/tags?post=52345"}],"curies":[{"name":"wp","href":"https:\/\/api.w.org\/{rel}","templated":true}]}}