{"id":52364,"date":"2025-07-07T08:30:07","date_gmt":"2025-07-07T06:30:07","guid":{"rendered":"https:\/\/edublog.educastur.es\/ixuxu\/?p=52364"},"modified":"2025-07-07T22:04:32","modified_gmt":"2025-07-07T20:04:32","slug":"el-tiempu-el-comercio-85","status":"publish","type":"post","link":"https:\/\/edublog.educastur.es\/ixuxu\/2025\/07\/el-tiempu-el-comercio-85\/","title":{"rendered":"El tiempu (El Comercio)"},"content":{"rendered":"<p style=\"text-align: center\"><a href=\"https:\/\/s2.ppllstatics.com\/elcomercio\/www\/multimedia\/2025\/07\/06\/prevision-tiempo-asturias-k21H-U2301948938566Ca-1200x860@El%20Comercio.jpg\"><img loading=\"lazy\" decoding=\"async\" class=\"aligncenter size-large\" src=\"https:\/\/s2.ppllstatics.com\/elcomercio\/www\/multimedia\/2025\/07\/06\/prevision-tiempo-asturias-k21H-U2301948938566Ca-1200x860@El%20Comercio.jpg\" width=\"1200\" height=\"860\" \/><\/a><\/p>\n<p><strong> Los cielos<\/strong> van tar marcaos pola nubosid\u00e1 en tol Princip\u00e1u d&#8217;Asturies dende primer hasta \u00faltima hora. Estes nubes van dexar precipitaciones d\u00e9biles pero xeneralizaes que van ser m\u00e1s frecuentes pela ma\u00f1ana y primeres hores de la tarde. Asina tou, <strong>escontra&#8217;l sur de la rex\u00f3n<\/strong> ye probable que sigan siendo persistentes tami\u00e9n a lo llargo de la tarde. <strong>Los vientos<\/strong> van soplar de componente norte con delles raches moderaes especialmente na mari\u00f1a. <strong>Les temperatures m\u00e1ximes<\/strong> van baxar hasta 5 \u00baC na met\u00e1 sur, y hasta 4 \u00baC nel norte, salvo na mari\u00f1a onde van baxar hasta 3 \u00baC respectu al domingu. <strong>Les m\u00ednimes<\/strong> van baxar llixeramente nel interior y van caltenese ensin cambeos na mari\u00f1a.<\/p>\n<p><!--more--><\/p>\n<p><strong> El martes<\/strong> anque vamos amanecer con cierta nubosid\u00e1, van abrise grandes claros r\u00e1pido polo que&#8217;l d\u00eda va ser asoley\u00e1u mientres bona parte de la xornada. Les temperatures m\u00e1ximes, am\u00e1s, van empezar a recuperase, a pesar de que les m\u00ednimes baxen.<\/p>\n<p><strong> A partir del mi\u00e9rcoles<\/strong> y\u00e1 podemos tar falando nuevamente de calor pudiendo haber d\u00edes, bien probablemente&#8217;l xueves, que puedan algamase los 30 \u00baC na rex\u00f3n.<\/p>\n<p>&nbsp;<\/p>\n","protected":false},"excerpt":{"rendered":"<p>Los cielos van tar marcaos pola nubosid\u00e1 en tol Princip\u00e1u d&#8217;Asturies dende primer hasta \u00faltima hora. Estes nubes van dexar precipitaciones d\u00e9biles pero xeneralizaes que van ser m\u00e1s frecuentes pela ma\u00f1ana y primeres hores de la tarde. Asina tou, escontra&#8217;l sur de la rex\u00f3n ye probable que sigan siendo persistentes tami\u00e9n a lo llargo de [&hellip;]<\/p>\n","protected":false},"author":117,"featured_media":0,"comment_status":"closed","ping_status":"open","sticky":false,"template":"","format":"standard","meta":{"footnotes":""},"categories":[5],"tags":[],"class_list":["post-52364","post","type-post","status-publish","format-standard","hentry","category-tiempu"],"_links":{"self":[{"href":"https:\/\/edublog.educastur.es\/ixuxu\/wp-json\/wp\/v2\/posts\/52364","targetHints":{"allow":["GET"]}}],"collection":[{"href":"https:\/\/edublog.educastur.es\/ixuxu\/wp-json\/wp\/v2\/posts"}],"about":[{"href":"https:\/\/edublog.educastur.es\/ixuxu\/wp-json\/wp\/v2\/types\/post"}],"author":[{"embeddable":true,"href":"https:\/\/edublog.educastur.es\/ixuxu\/wp-json\/wp\/v2\/users\/117"}],"replies":[{"embeddable":true,"href":"https:\/\/edublog.educastur.es\/ixuxu\/wp-json\/wp\/v2\/comments?post=52364"}],"version-history":[{"count":3,"href":"https:\/\/edublog.educastur.es\/ixuxu\/wp-json\/wp\/v2\/posts\/52364\/revisions"}],"predecessor-version":[{"id":52367,"href":"https:\/\/edublog.educastur.es\/ixuxu\/wp-json\/wp\/v2\/posts\/52364\/revisions\/52367"}],"wp:attachment":[{"href":"https:\/\/edublog.educastur.es\/ixuxu\/wp-json\/wp\/v2\/media?parent=52364"}],"wp:term":[{"taxonomy":"category","embeddable":true,"href":"https:\/\/edublog.educastur.es\/ixuxu\/wp-json\/wp\/v2\/categories?post=52364"},{"taxonomy":"post_tag","embeddable":true,"href":"https:\/\/edublog.educastur.es\/ixuxu\/wp-json\/wp\/v2\/tags?post=52364"}],"curies":[{"name":"wp","href":"https:\/\/api.w.org\/{rel}","templated":true}]}}