{"id":52372,"date":"2025-07-08T08:30:16","date_gmt":"2025-07-08T06:30:16","guid":{"rendered":"https:\/\/edublog.educastur.es\/ixuxu\/?p=52372"},"modified":"2025-07-07T22:42:37","modified_gmt":"2025-07-07T20:42:37","slug":"el-tiempu-el-comercio-86","status":"publish","type":"post","link":"https:\/\/edublog.educastur.es\/ixuxu\/2025\/07\/el-tiempu-el-comercio-86\/","title":{"rendered":"El tiempu (El Comercio)"},"content":{"rendered":"<p style=\"text-align: center\"><a href=\"https:\/\/s3.ppllstatics.com\/elcomercio\/www\/multimedia\/2025\/07\/07\/prevision-tiempo-asturias-ke3C-U2301948938566Ca-1200x860@El%20Comercio.jpg\"><img loading=\"lazy\" decoding=\"async\" class=\"aligncenter size-large\" src=\"https:\/\/s3.ppllstatics.com\/elcomercio\/www\/multimedia\/2025\/07\/07\/prevision-tiempo-asturias-ke3C-U2301948938566Ca-1200x860@El%20Comercio.jpg\" width=\"1200\" height=\"860\" \/><\/a><\/p>\n<p><span style=\"color: #008080\"><strong>Vamos amanecer<\/strong><\/span> con cielos pocu nublos nel sur de la rex\u00f3n y tami\u00e9n nel interior occidental. Nel restu, esp\u00e9rense dellos intervalos de nubes baxes ensin importancia. <span style=\"color: #008080\"><strong>A lo llargo de la ma\u00f1ana<\/strong><\/span> (sobremanera a partir del mediud\u00eda) les nubes van sumir por completu polo que la tarde va presentase asoleyada en tol Princip\u00e1u d&#8217;Asturies pr\u00e1cticamente ensin esceici\u00f3n. <span style=\"color: #008080\"><strong>Los vientos<\/strong> <\/span>van predominar de nordeste siendo fluexos nel interior pero con raches moderaes que podr\u00eden superar los 40 km\/h na mari\u00f1a.<span style=\"color: #008080\"><strong> Les temperatures m\u00e1ximes<\/strong><\/span> van xubir hasta 5 \u00baC nel cordal, hasta 3 o 4 \u00baC nel restu del interior y de forma m\u00e1s llixera na mari\u00f1a. <span style=\"color: #008080\"><strong>Les m\u00ednimes<\/strong><\/span>, sicas\u00ed, van baxar en tol interior asturianu.<\/p>\n<p><!--more--><\/p>\n<p><span style=\"color: #008080\"><strong>El mi\u00e9rcoles<\/strong><\/span> va ser un d\u00eda soleyeru dende pr\u00e1cticamente primer hora de la ma\u00f1ana. Los vientos van siguir soplando de nordeste-esti moderaos na mari\u00f1a, ente que nel interior esp\u00e9rase que s\u00edan fluexos. Les temperatures m\u00e1ximes volver\u00e1n xubir y van facelo cola mesma intensid\u00e1 y distribuci\u00f3n que nel d\u00eda del martes, polo que y\u00e1 vamos tar falando de valores que van superar con facilid\u00e1 los 25 \u00baC en munches poblaciones.<\/p>\n<p><strong>El xueves<\/strong> van siguir xubiendo y podr\u00eden #algamar los 30 \u00baC na nuesa rex\u00f3n. van siguir xubiendo y podr\u00eden algamase los 30 \u00baC na nuesa rex\u00f3n.<\/p>\n","protected":false},"excerpt":{"rendered":"<p>Vamos amanecer con cielos pocu nublos nel sur de la rex\u00f3n y tami\u00e9n nel interior occidental. Nel restu, esp\u00e9rense dellos intervalos de nubes baxes ensin importancia. A lo llargo de la ma\u00f1ana (sobremanera a partir del mediud\u00eda) les nubes van sumir por completu polo que la tarde va presentase asoleyada en tol Princip\u00e1u d&#8217;Asturies pr\u00e1cticamente [&hellip;]<\/p>\n","protected":false},"author":117,"featured_media":0,"comment_status":"closed","ping_status":"open","sticky":false,"template":"","format":"standard","meta":{"footnotes":""},"categories":[5],"tags":[],"class_list":["post-52372","post","type-post","status-publish","format-standard","hentry","category-tiempu"],"_links":{"self":[{"href":"https:\/\/edublog.educastur.es\/ixuxu\/wp-json\/wp\/v2\/posts\/52372","targetHints":{"allow":["GET"]}}],"collection":[{"href":"https:\/\/edublog.educastur.es\/ixuxu\/wp-json\/wp\/v2\/posts"}],"about":[{"href":"https:\/\/edublog.educastur.es\/ixuxu\/wp-json\/wp\/v2\/types\/post"}],"author":[{"embeddable":true,"href":"https:\/\/edublog.educastur.es\/ixuxu\/wp-json\/wp\/v2\/users\/117"}],"replies":[{"embeddable":true,"href":"https:\/\/edublog.educastur.es\/ixuxu\/wp-json\/wp\/v2\/comments?post=52372"}],"version-history":[{"count":3,"href":"https:\/\/edublog.educastur.es\/ixuxu\/wp-json\/wp\/v2\/posts\/52372\/revisions"}],"predecessor-version":[{"id":52375,"href":"https:\/\/edublog.educastur.es\/ixuxu\/wp-json\/wp\/v2\/posts\/52372\/revisions\/52375"}],"wp:attachment":[{"href":"https:\/\/edublog.educastur.es\/ixuxu\/wp-json\/wp\/v2\/media?parent=52372"}],"wp:term":[{"taxonomy":"category","embeddable":true,"href":"https:\/\/edublog.educastur.es\/ixuxu\/wp-json\/wp\/v2\/categories?post=52372"},{"taxonomy":"post_tag","embeddable":true,"href":"https:\/\/edublog.educastur.es\/ixuxu\/wp-json\/wp\/v2\/tags?post=52372"}],"curies":[{"name":"wp","href":"https:\/\/api.w.org\/{rel}","templated":true}]}}