{"id":52392,"date":"2025-07-09T08:30:10","date_gmt":"2025-07-09T06:30:10","guid":{"rendered":"https:\/\/edublog.educastur.es\/ixuxu\/?p=52392"},"modified":"2025-07-09T18:47:02","modified_gmt":"2025-07-09T16:47:02","slug":"el-tiempu-el-comercio-87","status":"publish","type":"post","link":"https:\/\/edublog.educastur.es\/ixuxu\/2025\/07\/el-tiempu-el-comercio-87\/","title":{"rendered":"El tiempu (El Comercio)"},"content":{"rendered":"<p style=\"text-align: center\"><a href=\"https:\/\/s1.ppllstatics.com\/elcomercio\/www\/multimedia\/2025\/07\/08\/prevision-tiempo-asturias-kSIF-U2301948938566Ca-1200x860@El%20Comercio.jpg\"><img loading=\"lazy\" decoding=\"async\" class=\"aligncenter size-large\" src=\"https:\/\/s1.ppllstatics.com\/elcomercio\/www\/multimedia\/2025\/07\/08\/prevision-tiempo-asturias-kSIF-U2301948938566Ca-1200x860@El%20Comercio.jpg\" width=\"1200\" height=\"860\" \/><\/a><\/p>\n<p>Esperamos <strong>cielos<\/strong> pocu nublos o estenos pr\u00e1cticamente mientres tol d\u00eda. A lo sumo, podr\u00eden presentase delles gurrianes ma\u00f1aneres de forma local que r\u00e1pido van sumir para dar pasu a una xornada soleyera en tolos rincones d&#8217;Asturies.<strong> Les temperatures m\u00e1ximes<\/strong> van xubir de forma xeneralizada pero facelo sobremanera nel cordal (hasta 4 o 5 \u00baC m\u00e1s) y restu del interior (hasta 3 \u00baC m\u00e1s). Na mari\u00f1a l&#8217;ascensu va ser m\u00e1s llixeru. <strong>Les m\u00ednimes<\/strong> van xubir nel cordal y van caltenese ensin grandes cambeos nel restu. Per otru llau, hai que destacar<strong> les raches de vientu<\/strong> que podr\u00e1n producise especialmente na mari\u00f1a. Van ser raches de nordeste moderaes que podr\u00eden superar los 40 km\/h.<\/p>\n<p><!--more--><\/p>\n<p><strong> El xueves<\/strong> tami\u00e9n va ser un d\u00eda soleyeru n&#8217;Asturies anque vamos poder amanecer con dalg\u00fan intervalu de nubes baxes que va tender a desfacese mientres la ma\u00f1ana. Pela tarde la nubosid\u00e1 d&#8217;evoluci\u00f3n va apaecer dende&#8217;l cordal y nun se refuga que pueda dexar dalg\u00fan bastiu nel sur del Princip\u00e1u. <strong>Los vientos<\/strong> van siguir predominando de nordeste pero van ser daqu\u00e9 m\u00e1s fluexos. <strong>Les temperatures<\/strong>, llixeramente, van xubir un pocu m\u00e1s polo que vamos tar falando d&#8217;un d\u00eda veraniegu nel que podr\u00eden algamase, ya inclusive superar, los 30 \u00baC na nuesa rex\u00f3n.<\/p>\n","protected":false},"excerpt":{"rendered":"<p>Esperamos cielos pocu nublos o estenos pr\u00e1cticamente mientres tol d\u00eda. A lo sumo, podr\u00eden presentase delles gurrianes ma\u00f1aneres de forma local que r\u00e1pido van sumir para dar pasu a una xornada soleyera en tolos rincones d&#8217;Asturies. Les temperatures m\u00e1ximes van xubir de forma xeneralizada pero facelo sobremanera nel cordal (hasta 4 o 5 \u00baC m\u00e1s) [&hellip;]<\/p>\n","protected":false},"author":117,"featured_media":0,"comment_status":"closed","ping_status":"open","sticky":false,"template":"","format":"standard","meta":{"footnotes":""},"categories":[5],"tags":[],"class_list":["post-52392","post","type-post","status-publish","format-standard","hentry","category-tiempu"],"_links":{"self":[{"href":"https:\/\/edublog.educastur.es\/ixuxu\/wp-json\/wp\/v2\/posts\/52392","targetHints":{"allow":["GET"]}}],"collection":[{"href":"https:\/\/edublog.educastur.es\/ixuxu\/wp-json\/wp\/v2\/posts"}],"about":[{"href":"https:\/\/edublog.educastur.es\/ixuxu\/wp-json\/wp\/v2\/types\/post"}],"author":[{"embeddable":true,"href":"https:\/\/edublog.educastur.es\/ixuxu\/wp-json\/wp\/v2\/users\/117"}],"replies":[{"embeddable":true,"href":"https:\/\/edublog.educastur.es\/ixuxu\/wp-json\/wp\/v2\/comments?post=52392"}],"version-history":[{"count":2,"href":"https:\/\/edublog.educastur.es\/ixuxu\/wp-json\/wp\/v2\/posts\/52392\/revisions"}],"predecessor-version":[{"id":52425,"href":"https:\/\/edublog.educastur.es\/ixuxu\/wp-json\/wp\/v2\/posts\/52392\/revisions\/52425"}],"wp:attachment":[{"href":"https:\/\/edublog.educastur.es\/ixuxu\/wp-json\/wp\/v2\/media?parent=52392"}],"wp:term":[{"taxonomy":"category","embeddable":true,"href":"https:\/\/edublog.educastur.es\/ixuxu\/wp-json\/wp\/v2\/categories?post=52392"},{"taxonomy":"post_tag","embeddable":true,"href":"https:\/\/edublog.educastur.es\/ixuxu\/wp-json\/wp\/v2\/tags?post=52392"}],"curies":[{"name":"wp","href":"https:\/\/api.w.org\/{rel}","templated":true}]}}