{"id":52397,"date":"2025-07-08T11:51:43","date_gmt":"2025-07-08T09:51:43","guid":{"rendered":"https:\/\/edublog.educastur.es\/ixuxu\/?p=52397"},"modified":"2025-07-09T18:47:57","modified_gmt":"2025-07-09T16:47:57","slug":"turismu-minero-e-industrial","status":"publish","type":"post","link":"https:\/\/edublog.educastur.es\/ixuxu\/2025\/07\/turismu-minero-e-industrial\/","title":{"rendered":"Turismu minero e industrial"},"content":{"rendered":"<ul>\n<li>Fonte: <a href=\"https:\/\/actualidad.asturias.es\/-\/asturias-refuerza-su-apuesta-por-el-turismo-minero-e-industrial-con-el-rodaje-de-una-gran-producci%C3%B3n-audiovisual-en-38-concejos?redirect=%2Fnoticias%3Fp_p_id%3Dcom_liferay_asset_publisher_web_portlet_AssetPublisherPortlet_INSTANCE_Pk4uPC5yniIC%26p_p_lifecycle%3D0%26p_p_state%3Dnormal%26p_p_mode%3Dview%26_com_liferay_asset_publisher_web_portlet_AssetPublisherPortlet_INSTANCE_Pk4uPC5yniIC_delta%3D10%26p_r_p_resetCur%3Dfalse%26_com_liferay_asset_publisher_web_portlet_AssetPublisherPortlet_INSTANCE_Pk4uPC5yniIC_cur%3D2\">Actualid\u00e1 Asturies<\/a> \/<\/li>\n<\/ul>\n<p style=\"text-align: center\"><a href=\"https:\/\/actualidad.asturias.es\/documents\/537115\/2676358\/2025_07_08+presentacion+documental+legado+industrial+5.jpg\/456352d1-0d99-9e98-8cd0-07281171275b?t=1751972951215\"><img loading=\"lazy\" decoding=\"async\" class=\"aligncenter size-large\" src=\"https:\/\/actualidad.asturias.es\/documents\/537115\/2676358\/2025_07_08+presentacion+documental+legado+industrial+5.jpg\/456352d1-0d99-9e98-8cd0-07281171275b?t=1751972951215\" width=\"1434\" height=\"1122\" \/><\/a><\/p>\n<p>Na imaxe (centru), la vicepresidenta del Princip\u00e1u, Llamedo, y el periodista Juan Ram\u00f3n Lucas, mientres la presentaci\u00f3n del documental.<\/p>\n<p>El Princip\u00e1u refuerza&#8217;l so apueste pol turismu mineru ya industrial col rodaxe d&#8217;una gran producci\u00f3n audiovisual en 38 conceyos. La serie documental, conducida pol periodista Juan Ram\u00f3n Lucas, va percorrer los espacios de la comunid\u00e1 venceyaos a l&#8217;activid\u00e1 extractiva y fabril. El Princip\u00e1u moviliza 4,5 millones para tresformar esti patrimoniu en motor tur\u00edsticu, econ\u00f3micu y social.<\/p>\n<p><!--more--><\/p>\n<p>El Gobiernu d&#8217;Asturies<strong> impulsa una gran producci\u00f3n audiovisual para promocionar el patrimoniu industrial y minero como recursu tur\u00edsticu de primer nivel.<\/strong> La serie documental, que va tar conducida pol periodista Juan Ram\u00f3n Lucas y va empezar a rodase esti mes, va percorrer 38 conceyos para amosar la buelga que les actividaes extractives dexaron nel territoriu y que se van tresformar n&#8217;enclaves d&#8217;atracci\u00f3n tur\u00edstica y cultural con proyecci\u00f3n de futuru.<\/p>\n<p><strong>La docuserie forma parte de la estratexa <span style=\"color: #008080\">Asturies, Naturaleza Minera<\/span><\/strong><span style=\"color: #008080\">,<\/span> impulsada pol Princip\u00e1u para reforzar el so apueste <span style=\"color: #008080\">por un modelu de turismu sostenible, desestacionalizado y distribuy\u00edu por tola comunid\u00e1.<\/span> Con esti oxetivu, y al travi\u00e9s de los fondos europeos Next Generation, l&#8217;Executivu moviliza 4,5 millones para executar mid\u00edes que tresformen esti patrimoniu en motor tur\u00edsticu, econ\u00f3micu y social.<\/p>\n<p>Ente les actuaciones previstes destaquen les empobinaes a ameyorar los equipamientos y la puesta en valor de los recursos incluy\u00edos nos planes de sostenibilid\u00e1 tur\u00edstica d&#8217;Ozcos-Eo, Teberga, So Nal\u00f3n, Valle del Nal\u00f3n, Cabrales, Parque Hist\u00f3ricu del Navia y Monte Central.<\/p>\n<p style=\"text-align: center\"><a href=\"https:\/\/actualidad.asturias.es\/documents\/537115\/2676358\/2025_07_08+presentacion+documental+legado+industrial+4.jpg\/fed01b07-dc2a-fac0-6dd6-2095fbbb6afc?t=1751972951445\"><img loading=\"lazy\" decoding=\"async\" class=\"aligncenter \" src=\"https:\/\/actualidad.asturias.es\/documents\/537115\/2676358\/2025_07_08+presentacion+documental+legado+industrial+4.jpg\/fed01b07-dc2a-fac0-6dd6-2095fbbb6afc?t=1751972951445\" width=\"459\" height=\"472\" \/><\/a><\/p>\n<p>La vicepresidenta del Gobiernu, Gimena Llamedo, particip\u00f3 g\u00fcei na presentaci\u00f3n d&#8217;esta serie documental, celebrada g\u00fcei nel pozu Sot\u00f3n, en Samart\u00edn del Rei Aurelio. <em>\u201cTamos recuperando espacios industriales pa da-yos xuna nueva vida amestada al turismu, xenerando empl\u00e9u y dinamizaci\u00f3n econ\u00f3mica en contornes que fueron castigaes pola reconversi\u00f3n\u201d<\/em>, valor\u00f3. Al travi\u00e9s d&#8217;esta serie podr\u00e1n afayase los rincones m\u00e1s sorprendentes que&#8217;l leg\u00e1u mineru dex\u00f3 en 38 conceyos asturianos.<\/p>\n<p>Con una duraci\u00f3n averada de 50 minutos per episodiu, cada entrega va amosar localizaciones clave y va esquizar localidaes marcaes pola so hestoria minera. El percorr\u00edu va dir dende&#8217;l valle del Nal\u00f3n, Caudal o Samu\u00f1o a zones como&#8217;l Monte Central, Oscos-Eo y Fontes del Narcea. Am\u00e1s, la serie va #estender a otros territorios que tami\u00e9n caltienen muertes d&#8217;esti tipu, como Xix\u00f3n o la contorna oriental.<\/p>\n<p><strong>Modelu tur\u00edsticu<\/strong><\/p>\n<p>Esti proyectu refuerza&#8217;l modelu tur\u00edsticu que defende&#8217;l Gobiernu d&#8217;Asturies: sostenible, aut\u00e9nticu y part\u00edu por tol territoriu. El turismu industrial constit\u00fai, am\u00e1s, xuna ferramienta pa reconectar cola hestoria y el paisaxe, xenerar nueves oportunidaes nes cuenques mineres y zones rurales, diversificar la ufierta y combatir la estacionalid\u00e1.<\/p>\n<p><span style=\"color: #008080\">El Mus\u00e9u de la Miner\u00eda y l&#8217;Industria (MUMI) o&#8217;l pozu Sot\u00f3n confirmen el potencial d&#8217;estos espacios, cuidao que esperimenten una crecedera constante de visitantes<\/span>. Asina, el primeru d&#8217;ellos pas\u00f3 de los 17.000 en 2020 a los m\u00e1s de 37.000 en 2024. La triple ufierta tur\u00edstica del pozu mineru volvi\u00f3 ameyorar les sos cifres l&#8217;a\u00f1u pas\u00e1u, con 16.000 persones, un 37% m\u00e1s que l&#8217;anterior.<\/p>\n<p>La serie documental va estrenase a principios de 2026 na Televisi\u00f3n del Princip\u00e1u d&#8217;Asturies (TPA), n&#8217;horariu de m\u00e1xima audiencia. Primeramente, va celebrase un preestrenu na seronda, en Llaboral Ciud\u00e1 de la Cultura, y los conten\u00edos van espublizase al travi\u00e9s de redes sociales y plataformes so demanda.<\/p>\n<p style=\"text-align: center\"><a href=\"https:\/\/actualidad.asturias.es\/documents\/537115\/2676358\/2025_07_08+presentacion+documental+legado+industrial+3.jpg\/fe7cd3dc-93c7-e8ef-5afd-5775e1a4fd1d?t=1751972951362\"><img loading=\"lazy\" decoding=\"async\" class=\"aligncenter size-large\" src=\"https:\/\/actualidad.asturias.es\/documents\/537115\/2676358\/2025_07_08+presentacion+documental+legado+industrial+3.jpg\/fe7cd3dc-93c7-e8ef-5afd-5775e1a4fd1d?t=1751972951362\" width=\"1294\" height=\"872\" \/><\/a><\/p>\n<ul>\n<li><a href=\"https:\/\/www.rtpa.es\/noticias-sociedad-ast\/2025-07-08\/Una-serie-documental-amosara-la-herencia-dexada-pola-mineria-en-38-conceyos_111751975310.html\">TPA<\/a> \/<\/li>\n<\/ul>\n<p style=\"text-align: center\"><a href=\"https:\/\/www.rtpa.es\/fotos\/\/25\/07\/20250708144641_RTPA6828034.webp\"><img loading=\"lazy\" decoding=\"async\" class=\"aligncenter size-large\" src=\"https:\/\/www.rtpa.es\/fotos\/\/25\/07\/20250708144641_RTPA6828034.webp\" width=\"853\" height=\"480\" \/><\/a><\/p>\n<p><strong>Una serie documental amosar\u00e1 la herencia dexada pola miner\u00eda en 38 conceyos<\/strong><\/p>\n<p style=\"text-align: center\"><span style=\"color: #008080\"><strong>&#8216;Forjando historia&#8217; llegar\u00e1 a TPA l&#8217;a\u00f1u qu&#8217;entra<\/strong><\/span><\/p>\n<p>La g\u00fcelga que dex\u00f3 la miner\u00eda en 38 conceyos asturianos y la so tresformaci\u00f3n en llugares d\u2019atracci\u00f3n tur\u00edstica y cultural sedr\u00e1n oxetu d\u2019una serie documental qu\u2019entamar\u00e1 a rodase esti mes y que s\u2019estrenar\u00e1 na Televisi\u00f3n del Princip\u00e1u d\u2019Asturies a entamos del a\u00f1u qu\u2019entra.<\/p>\n<p>La docuserie, que tar\u00e1 guiada pol periodista Juan Ram\u00f3n Lucas, forma parte de la estratexa &#8216;Asturias, Naturaleza Minera&#8217;, impulsada pol Princip\u00e1u pa reforzar la so apuesta por un modelu de turismu sostenible, desestacionaliz\u00e1u y distribuy\u00edu en tola comunid\u00e1.<\/p>\n<p>Con esti oxetivu, y al travi\u00e9s de los fondos europeos Next Generation, l\u2019Executivu moviliza 4,5 millones pa executar mid\u00edes que tresformen esti patrimoniu en motor tur\u00edsticu, econ\u00f3micu y social.<\/p>\n","protected":false},"excerpt":{"rendered":"<p>Fonte: Actualid\u00e1 Asturies \/ Na imaxe (centru), la vicepresidenta del Princip\u00e1u, Llamedo, y el periodista Juan Ram\u00f3n Lucas, mientres la presentaci\u00f3n del documental. El Princip\u00e1u refuerza&#8217;l so apueste pol turismu mineru ya industrial col rodaxe d&#8217;una gran producci\u00f3n audiovisual en 38 conceyos. La serie documental, conducida pol periodista Juan Ram\u00f3n Lucas, va percorrer los espacios [&hellip;]<\/p>\n","protected":false},"author":117,"featured_media":0,"comment_status":"closed","ping_status":"open","sticky":false,"template":"","format":"standard","meta":{"footnotes":""},"categories":[320,18],"tags":[],"class_list":["post-52397","post","type-post","status-publish","format-standard","hentry","category-mina","category-turismu"],"_links":{"self":[{"href":"https:\/\/edublog.educastur.es\/ixuxu\/wp-json\/wp\/v2\/posts\/52397","targetHints":{"allow":["GET"]}}],"collection":[{"href":"https:\/\/edublog.educastur.es\/ixuxu\/wp-json\/wp\/v2\/posts"}],"about":[{"href":"https:\/\/edublog.educastur.es\/ixuxu\/wp-json\/wp\/v2\/types\/post"}],"author":[{"embeddable":true,"href":"https:\/\/edublog.educastur.es\/ixuxu\/wp-json\/wp\/v2\/users\/117"}],"replies":[{"embeddable":true,"href":"https:\/\/edublog.educastur.es\/ixuxu\/wp-json\/wp\/v2\/comments?post=52397"}],"version-history":[{"count":4,"href":"https:\/\/edublog.educastur.es\/ixuxu\/wp-json\/wp\/v2\/posts\/52397\/revisions"}],"predecessor-version":[{"id":52427,"href":"https:\/\/edublog.educastur.es\/ixuxu\/wp-json\/wp\/v2\/posts\/52397\/revisions\/52427"}],"wp:attachment":[{"href":"https:\/\/edublog.educastur.es\/ixuxu\/wp-json\/wp\/v2\/media?parent=52397"}],"wp:term":[{"taxonomy":"category","embeddable":true,"href":"https:\/\/edublog.educastur.es\/ixuxu\/wp-json\/wp\/v2\/categories?post=52397"},{"taxonomy":"post_tag","embeddable":true,"href":"https:\/\/edublog.educastur.es\/ixuxu\/wp-json\/wp\/v2\/tags?post=52397"}],"curies":[{"name":"wp","href":"https:\/\/api.w.org\/{rel}","templated":true}]}}