{"id":52400,"date":"2025-07-09T11:03:23","date_gmt":"2025-07-09T09:03:23","guid":{"rendered":"https:\/\/edublog.educastur.es\/ixuxu\/?p=52400"},"modified":"2025-07-09T19:47:45","modified_gmt":"2025-07-09T17:47:45","slug":"circulares-daniciu-de-curso-2025-2026","status":"publish","type":"post","link":"https:\/\/edublog.educastur.es\/ixuxu\/2025\/07\/circulares-daniciu-de-curso-2025-2026\/","title":{"rendered":"Circular d&#8217;aniciu de cursu 2025-2026"},"content":{"rendered":"<div class=\"articulo-block-content\">\n<ul>\n<li><a href=\"https:\/\/www.educastur.es\/documents\/34868\/38433\/20250708_CIC-centros-PUBLICOS.pdf\/120546d7-d967-ecfe-c8ae-e00236fa7546?t=1751980069653\" target=\"_blank\" rel=\"noopener\">Circular 2025-26 centros P\u00daBLICOS<\/a> (pdf)\/ <a href=\"https:\/\/www.educastur.es\/documents\/34868\/38433\/ANEXOS_centros-P%C3%9ABLICOS.pdf\/3075b443-69c2-b45d-b627-2ca484a63029?t=1751980252746\" target=\"_blank\" rel=\"noopener\">Anexos Centros p\u00fablicos<\/a> (pdf)\/ <a href=\"https:\/\/actualidad.asturias.es\/-\/la-circular-de-inicio-de-curso-pone-en-marcha-el-pacto-asturias-educa-con-el-refuerzo-de-profesorado-de-atenci%C3%B3n-a-la-diversidad-y-auxiliares-y-novedades-en-digitalizaci%C3%B3n?redirect=%2Fnoticias%3Fp_p_id%3Dcom_liferay_asset_publisher_web_portlet_AssetPublisherPortlet_INSTANCE_Pk4uPC5yniIC%26p_p_lifecycle%3D0%26p_p_state%3Dnormal%26p_p_mode%3Dview%26_com_liferay_asset_publisher_web_portlet_AssetPublisherPortlet_INSTANCE_Pk4uPC5yniIC_delta%3D10%26p_r_p_resetCur%3Dfalse%26_com_liferay_asset_publisher_web_portlet_AssetPublisherPortlet_INSTANCE_Pk4uPC5yniIC_cur%3D2\"><strong>Actualid\u00e1<\/strong><\/a><\/li>\n<li>P\u00e1x. 35 Proyectu educativu n&#8217;asturianu LLUME y Xira Did\u00e1utica<\/li>\n<li>Oxetivu n\u00ba8. <strong>Lling\u00fces Propies<\/strong>:<em><span style=\"color: #008080\"> Fomentar la conocencia y usu del asturianu y l&#8217;eonaviego como parte del patrimoniu cultural d&#8217;Asturies, promoviendo la so presencia en toles etapes educatives.<\/span><\/em><\/li>\n<\/ul>\n<p style=\"text-align: center\"><a href=\"https:\/\/actualidad.asturias.es\/documents\/537115\/2677918\/aula+3.jpg\/76cc967e-3954-f858-bb4d-85c5f8a4d508?t=1751998530024\"><img loading=\"lazy\" decoding=\"async\" class=\"aligncenter \" src=\"https:\/\/actualidad.asturias.es\/documents\/537115\/2677918\/aula+3.jpg\/76cc967e-3954-f858-bb4d-85c5f8a4d508?t=1751998530024\" width=\"551\" height=\"310\" \/><\/a><\/p>\n<p>La Conseyer\u00eda d&#8217;Educaci\u00f3n unvi\u00f3 a los centros educativos la circular d&#8217;entamu del cursu 2025-2026, que pon en marcha dende setiembre&#8217;l <strong>pactu Asturies Educa<\/strong>, con mid\u00edes concretes como&#8217;l refuerzu de profesor\u00e1u d&#8217;atenci\u00f3n a la diversid\u00e1 y auxiliares educadores o meyores en dixitalizaci\u00f3n. Tami\u00e9n introduz novedaes relevantes, como la ellaboraci\u00f3n del decretu contra l&#8217;acoso escolar o&#8217;l documentu marco para facilitar la transici\u00f3n ente etapes educatives.<\/p>\n<p><!--more--><\/p>\n<p><span style=\"color: #008080\"><strong>4.4.8. Proyectu educativu n&#8217;asturianu \u201cLLUME\u201d.<\/strong> Supon una reconocencia a los centros con exemplos de pr\u00e1ctiques d&#8217;excelencia educativa, programes de dinamizaci\u00f3n, exemplos de innovaci\u00f3n educativa na \u00e1rea o materia de Llingua Asturiana o en proyectos lling\u00fc\u00edsticos o \u00e1mbitos que les incluyan nos sos oxetivos d&#8217;aprendizaxe.<\/span><\/p>\n<p><span style=\"color: #008080\"><strong>La participaci\u00f3n<\/strong> de los centros va consistir na presentaci\u00f3n d&#8217;un proyectu realiz\u00e1u por el mesmu centru: actividaes, participaci\u00f3n en proyectos interdisciplinares o cualesquier otra iniciativa, nos que se trabaye l&#8217;asturianu o&#8217;l eonaviego en cualesquier de les etapes educatives, acordies con la convocatoria referida en r\u00e9xime de concurrencia competitiva para&#8217;l cursu 2025-2026.<\/span><\/p>\n<p><span style=\"color: #008080\"><strong>Los criterios para&#8217;l llogru del proyectu<\/strong> educativu n&#8217;asturianu \u201cLlume\u201d van basase en tr\u00e9s exes que van tener en cuenta&#8217;l porcentaxe y l&#8217;encl\u00edn na matr\u00edcula na materia o \u00e1rea; la singularid\u00e1, orixinalid\u00e1, excelencia del proyectu o activid\u00e1 realizada que se presente para la so valoraci\u00f3n y nel formatu y conten\u00edos propios del propiu proyectu present\u00e1u.<\/span><\/p>\n<p><span style=\"color: #008080\"><strong>La reconocencia del proyectu \u201cLlume\u201d<\/strong> va realizase al travi\u00e9s d&#8217;un actu p\u00fablicu que va traer l&#8217;allugamientu d&#8217;una placa identificativa nel centru y un premiu de calter econ\u00f3micu para&#8217;l desenvolvimientu de nueves propuestes para la innovaci\u00f3n, la excelencia y la dinamizaci\u00f3n de la llingua asturiana o eonaviega na so comunid\u00e1 educativa.<\/span><\/p>\n<p><span style=\"color: #0000ff\"><strong>4.4.9. Xira did\u00e1ctica<\/strong><\/span> <span style=\"color: #0000ff\">La Xira did\u00e1ctica ye un proyectu de dinamizaci\u00f3n cultural y educativa pensada para l&#8217;alumn\u00e1u de Llingua Asturiana y Lliteratura y de Gallego-asturianu\/Eonaviego y pon a disposici\u00f3n de los centros educativos asturianos una selecci\u00f3n d&#8217;actividaes culturales y educatives creaes pola industria cultural asturiana nes que la llingua vehicular ye l&#8217;asturianu o&#8217;l eonaviego.<\/span><\/p>\n<p><span style=\"color: #0000ff\"> El cat\u00e1logu d&#8217;actividaes que se van ufiertar na *Xira did\u00e1ctica 2025-2026 va incorporar propuestes de dellos tipos con valor educativu: musicales, art\u00edstiques, creatives, teatrales, lliteraries o otres prensaes para los centros d&#8217;ense\u00f1anza y para les etapes d&#8217;Educaci\u00f3n Infantil, Educaci\u00f3n Primaria, Educaci\u00f3n Secundaria y Bachilleratu afeches a cada nivel y etapa. <\/span><\/p>\n<p><span style=\"color: #0000ff\">La Xira did\u00e1ctica presentarase nun cat\u00e1logu zarr\u00e1u de propuestes culturales programaes en feches y llugares espec\u00edficos de toa Asturies en ficies de que tola comunid\u00e1 educativa tenga accesu a ella. La ufierta d&#8217;actividaes va faese p\u00fablica al travi\u00e9s de los medios institucionales habituales: Portal educativu Educastur y @http:\/\/asturiesculturaenrede.es\/<\/span><\/p>\n<p><span style=\"color: #0000ff\">Cada centru, con alumn\u00e1u matricul\u00e1u n&#8217;asturianu o gallego-asturianu\/eonaviego tendr\u00e1 de valorar qu\u00e9 actividaes selecciona, siguiendo les instrucciones de la convocatoria.<\/span><\/p>\n<p>La comunicaci\u00f3n caltien la estructura, con dos talos documentos pa la rede p\u00fablica y l&#8217;alcordada, pero reordena l&#8217;\u00edndiz p&#8217;afaelo a la <strong>Programaci\u00f3n Xeneral A\u00f1al (PGA)<\/strong> que tien d&#8217;ellaborar cada centru. Am\u00e1s, allixera&#8217;l cuerpu xeneral del documentu con dellos anexos, como&#8217;l calendariu d&#8217;actuaciones institucionales, el calendariu escolar, les condiciones pa los centros usuarios de programes dixitales, la xesti\u00f3n econ\u00f3mica o&#8217;l Fondu Social Europ\u00e9u.<\/p>\n<p>L&#8217;atenci\u00f3n a la diversid\u00e1 -uno de los principales ep\u00edgrafes del ment\u00e1u pactu- materializase cola medr\u00eda, a partir d&#8217;abril de 2026, de 120 places de profesor\u00e1u de Pedagox\u00eda Terap\u00e9utica (PT) y d&#8217;Audici\u00f3n y Llinguaxe (AL). Y, en casu de disponibilid\u00e1 presupuestaria, va adelantarase a febreru del pr\u00f3ximu a\u00f1u.<\/p>\n<p>Coles mesmes, la contrataci\u00f3n d&#8217;auxiliares educadores pretende garantizar la equid\u00e1 del sistema, atendiendo al alumn\u00e1u con necesidaes educatives especiales, por que pueda recibir una formaci\u00f3n con garant\u00edes. L&#8217;actuaci\u00f3n va tar financiada pol Fondu Social Europ\u00e9u Plus (FSE+) 2021-2027. El documentu, acabante roblar coles principales organizaciones sindicales, contempla la incorporaci\u00f3n de diez auxiliares pal pr\u00f3ximu cursu.<\/p>\n<p>La circular incl\u00fai <strong>novedaes en dixitalizaci\u00f3n<\/strong> que tami\u00e9n formen parte del pactu, nel apart\u00e1u de desburocratizaci\u00f3n, tanto pa la xesti\u00f3n alministrativa como pa la prestaci\u00f3n de servicios electr\u00f3nicos a la comunid\u00e1 educativa. Les families, el profesor\u00e1u y los equipos directivos van poder aportar cada unu a la so \u00e1rea al travi\u00e9s d&#8217;un mesmu interfaz web.<\/p>\n<p>Ente los servicios disponibles pal profesor\u00e1u, figuren la firma dixital del personal interino, la xesti\u00f3n del carn\u00e9 docente y de les faltes d&#8217;asistencia del alumn\u00e1u, l&#8217;accesu al llist\u00e1u de cursos de formaci\u00f3n, la unviada de comunicaos a les families, la consulta de calificaciones y convocatories del procedimientu selectivu. La nueva \u00e1rea d&#8217;equipos directivos va dexar realizar l&#8217;almisi\u00f3n nes escueles de 0 a 3 a\u00f1os. El restu de les funciones va siguir dientro del programa Sauce, al que podr\u00e1 aportase dende la mesma web.<\/p>\n<p>Tami\u00e9n t\u00e1n recoy\u00edes, tanto na circular como nel pactu, mid\u00edes de sofitu a les direcciones unipersonales de centros, que son aquelles nes qu&#8217;exerz un docente en solitariu.<\/p>\n<p>Per otru llau, el testu incl\u00fai&#8217;l <strong>nuevu decretu pa regular la prevenci\u00f3n, detecci\u00f3n y erradicaci\u00f3n del acoso escolar<\/strong>, que y\u00e1 ta en fase d&#8217;ellaboraci\u00f3n. El documentu va contemplar un plan cuatrienal con actuaciones concretes y va regular los conten\u00edos, la redacci\u00f3n y la vixencia de los protocolos esistentes. Tami\u00e9n se va crear un observatoriu.<\/p>\n<p>Al env\u00eds de encetar esti problema, tolos centros tendr\u00e1n de cuntar con un plan de prevenci\u00f3n del acoso escolar. La conseyer\u00eda va poner a la so disposici\u00f3n el<strong> programa Tutor\u00eda ente Iguales (TEI)<\/strong>, adquir\u00edu pol Gobiernu d&#8217;Asturies pal segundu ciclu d&#8217;Infantil, Primaria y Secundaria.<\/p>\n<p>Otra aportaci\u00f3n consiste na ellaboraci\u00f3n d&#8217;un documentu marco de transici\u00f3n ente etapes educatives, con orientaciones y procedimientos comunes pa facilitar esos cambeos. L&#8217;oxetivu ye promover una coordinaci\u00f3n efectiva ente los centros, la participaci\u00f3n de les families y l&#8217;acompa\u00f1amientu emocional y pedag\u00f3xico del alumn\u00e1u, cuantim\u00e1s, d&#8217;aquel que precise de sofitu educativu espec\u00edficu.<\/p>\n<p>En materia d&#8217;inclusi\u00f3n, la circular incl\u00fai&#8217;l programa Patios din\u00e1micos, pa impulsar nos centros una activid\u00e1 l\u00fadica d&#8217;acompa\u00f1amientu al alumn\u00e1u y qu&#8217;esanicie posibles barreres pal aprendizaxe. La finalid\u00e1 ye tresformar el recr\u00e9u nun espaciu inclusivo y educativo. Pa ello, va ufiertase formaci\u00f3n a los centros pa enllantar el programa de forma progresiva.<\/p>\n<p>Am\u00e1s, da continuid\u00e1 a les estratexes, pioneres n&#8217;Espa\u00f1a, de detecci\u00f3n d&#8217;alumn\u00e1u d&#8217;altes capacidaes y con trestornu del espectru autista. Igualmente, preve una ampliaci\u00f3n del programa d&#8217;aules abiertes a 30 centros educativos.<\/p>\n<p>Otra midida ye l&#8217;ampliaci\u00f3n de la<strong> collaboraci\u00f3n col Colexu Oficial de Psicolox\u00eda<\/strong>, que va impartir charres formatives contra&#8217;l suicidiu a equipos directivos del tercer ciclu de Primaria y va dar continuid\u00e1 a la so intervenci\u00f3n col restu d&#8217;etapes.<\/p>\n<p>La circular incorpora, coles mesmes, el resolvimientu sobro l&#8217;usu de dispositivos dixitales como recursos complementarios nel procesu d&#8217;aprendizaxe y reflexa los programes, y\u00e1 empecipiaos, de refuerzu de les competencies matem\u00e1tica y llectora. Am\u00e1s, califica como puestos de mal desempe\u00f1u les direcciones de les escueles de 0 a 3 a\u00f1os.<\/p>\n<p>&nbsp;<\/p>\n<p>&nbsp;<\/p>\n<\/div>\n<p>&nbsp;<\/p>\n","protected":false},"excerpt":{"rendered":"<p>Circular 2025-26 centros P\u00daBLICOS (pdf)\/ Anexos Centros p\u00fablicos (pdf)\/ Actualid\u00e1 P\u00e1x. 35 Proyectu educativu n&#8217;asturianu LLUME y Xira Did\u00e1utica Oxetivu n\u00ba8. Lling\u00fces Propies: Fomentar la conocencia y usu del asturianu y l&#8217;eonaviego como parte del patrimoniu cultural d&#8217;Asturies, promoviendo la so presencia en toles etapes educatives. La Conseyer\u00eda d&#8217;Educaci\u00f3n unvi\u00f3 a los centros educativos la [&hellip;]<\/p>\n","protected":false},"author":117,"featured_media":0,"comment_status":"closed","ping_status":"open","sticky":false,"template":"","format":"standard","meta":{"footnotes":""},"categories":[132],"tags":[],"class_list":["post-52400","post","type-post","status-publish","format-standard","hentry","category-educastur"],"_links":{"self":[{"href":"https:\/\/edublog.educastur.es\/ixuxu\/wp-json\/wp\/v2\/posts\/52400","targetHints":{"allow":["GET"]}}],"collection":[{"href":"https:\/\/edublog.educastur.es\/ixuxu\/wp-json\/wp\/v2\/posts"}],"about":[{"href":"https:\/\/edublog.educastur.es\/ixuxu\/wp-json\/wp\/v2\/types\/post"}],"author":[{"embeddable":true,"href":"https:\/\/edublog.educastur.es\/ixuxu\/wp-json\/wp\/v2\/users\/117"}],"replies":[{"embeddable":true,"href":"https:\/\/edublog.educastur.es\/ixuxu\/wp-json\/wp\/v2\/comments?post=52400"}],"version-history":[{"count":7,"href":"https:\/\/edublog.educastur.es\/ixuxu\/wp-json\/wp\/v2\/posts\/52400\/revisions"}],"predecessor-version":[{"id":52475,"href":"https:\/\/edublog.educastur.es\/ixuxu\/wp-json\/wp\/v2\/posts\/52400\/revisions\/52475"}],"wp:attachment":[{"href":"https:\/\/edublog.educastur.es\/ixuxu\/wp-json\/wp\/v2\/media?parent=52400"}],"wp:term":[{"taxonomy":"category","embeddable":true,"href":"https:\/\/edublog.educastur.es\/ixuxu\/wp-json\/wp\/v2\/categories?post=52400"},{"taxonomy":"post_tag","embeddable":true,"href":"https:\/\/edublog.educastur.es\/ixuxu\/wp-json\/wp\/v2\/tags?post=52400"}],"curies":[{"name":"wp","href":"https:\/\/api.w.org\/{rel}","templated":true}]}}