{"id":52406,"date":"2025-07-09T17:11:38","date_gmt":"2025-07-09T15:11:38","guid":{"rendered":"https:\/\/edublog.educastur.es\/ixuxu\/?p=52406"},"modified":"2025-07-09T18:42:07","modified_gmt":"2025-07-09T16:42:07","slug":"videupoema-a-rodiles-en-pleamar-de-pablo-x-suarez","status":"publish","type":"post","link":"https:\/\/edublog.educastur.es\/ixuxu\/2025\/07\/videupoema-a-rodiles-en-pleamar-de-pablo-x-suarez\/","title":{"rendered":"Videupoema \u00abA Rodiles en pleamar\u00bb de Pablo X. Su\u00e1rez."},"content":{"rendered":"<p style=\"text-align: center\">\n<!-- iframe plugin v.6.0 wordpress.org\/plugins\/iframe\/ -->\n<iframe loading=\"lazy\" width=\"100%\" height=\"423\" src=\"https:\/\/www.youtube.com\/embed\/lLp55yNEZFQ\" title=\"A Rodiles en pleamar\" frameborder=\"0\" allow=\"accelerometer; autoplay; clipboard-write; encrypted-media; gyroscope; picture-in-picture; web-share\" referrerpolicy=\"strict-origin-when-cross-origin\" 0=\"allowfullscreen\" 1=\"\/iframe\" scrolling=\"yes\" class=\"iframe-class\"><\/iframe>\n<\/p>\n<div id=\"below\" class=\"style-scope ytd-watch-flexy\">\n<div id=\"above-the-fold\" class=\"style-scope ytd-watch-metadata\">\n<div id=\"title\" class=\"style-scope ytd-watch-metadata\"><\/div>\n<\/div>\n<\/div>\n<div id=\"bottom-row\" class=\"style-scope ytd-watch-metadata\">\n<div id=\"description\" class=\"item style-scope ytd-watch-metadata\">\n<div id=\"description-inner\" class=\"style-scope ytd-watch-metadata\"><span style=\"color: #ffff99\"><em><span class=\"yt-core-attributed-string yt-core-attributed-string--white-space-pre-wrap\" dir=\"auto\" role=\"text\"><span class=\"yt-core-attributed-string--link-inherit-color\" dir=\"auto\">Videopoema bas\u00e1u nel poema \u00abA Rodiles en pleamar\u00bb <\/span><\/span><\/em><\/span><\/div>\n<div class=\"style-scope ytd-watch-metadata\"><span style=\"color: #ffff99\"><em><span class=\"yt-core-attributed-string yt-core-attributed-string--white-space-pre-wrap\" dir=\"auto\" role=\"text\"><span class=\"yt-core-attributed-string--link-inherit-color\" dir=\"auto\">Recita: Pablo X. Su\u00e1rez. <\/span><\/span><\/em><\/span><\/div>\n<div class=\"style-scope ytd-watch-metadata\"><span style=\"color: #ffff99\"><em><span class=\"yt-core-attributed-string yt-core-attributed-string--white-space-pre-wrap\" dir=\"auto\" role=\"text\"><span class=\"yt-core-attributed-string--link-inherit-color\" dir=\"auto\">V\u00eddeo: Mar\u00eda Arce.<\/span><\/span><\/em><\/span><\/div>\n<div class=\"style-scope ytd-watch-metadata\"><span style=\"color: #ffff99\"><em><span class=\"yt-core-attributed-string yt-core-attributed-string--white-space-pre-wrap\" dir=\"auto\" role=\"text\"><span class=\"yt-core-attributed-string--link-inherit-color\" dir=\"auto\"> Edici\u00f3n de audio: Marino Villa. <\/span><\/span><\/em><\/span><\/div>\n<div class=\"style-scope ytd-watch-metadata\"><span style=\"color: #ffff99\"><em><span class=\"yt-core-attributed-string yt-core-attributed-string--white-space-pre-wrap\" dir=\"auto\" role=\"text\"><span class=\"yt-core-attributed-string--link-inherit-color\" dir=\"auto\">Asturies, xunu, 2025.<\/span><\/span><\/em><\/span><\/div>\n<\/div>\n<\/div>\n","protected":false},"excerpt":{"rendered":"<p>Videopoema bas\u00e1u nel poema \u00abA Rodiles en pleamar\u00bb Recita: Pablo X. Su\u00e1rez. V\u00eddeo: Mar\u00eda Arce. Edici\u00f3n de audio: Marino Villa. Asturies, xunu, 2025.<\/p>\n","protected":false},"author":117,"featured_media":0,"comment_status":"closed","ping_status":"open","sticky":false,"template":"","format":"aside","meta":{"footnotes":""},"categories":[39,1],"tags":[],"class_list":["post-52406","post","type-post","status-publish","format-aside","hentry","category-poesia","category-sin-categoria","post_format-post-format-aside"],"_links":{"self":[{"href":"https:\/\/edublog.educastur.es\/ixuxu\/wp-json\/wp\/v2\/posts\/52406","targetHints":{"allow":["GET"]}}],"collection":[{"href":"https:\/\/edublog.educastur.es\/ixuxu\/wp-json\/wp\/v2\/posts"}],"about":[{"href":"https:\/\/edublog.educastur.es\/ixuxu\/wp-json\/wp\/v2\/types\/post"}],"author":[{"embeddable":true,"href":"https:\/\/edublog.educastur.es\/ixuxu\/wp-json\/wp\/v2\/users\/117"}],"replies":[{"embeddable":true,"href":"https:\/\/edublog.educastur.es\/ixuxu\/wp-json\/wp\/v2\/comments?post=52406"}],"version-history":[{"count":2,"href":"https:\/\/edublog.educastur.es\/ixuxu\/wp-json\/wp\/v2\/posts\/52406\/revisions"}],"predecessor-version":[{"id":52420,"href":"https:\/\/edublog.educastur.es\/ixuxu\/wp-json\/wp\/v2\/posts\/52406\/revisions\/52420"}],"wp:attachment":[{"href":"https:\/\/edublog.educastur.es\/ixuxu\/wp-json\/wp\/v2\/media?parent=52406"}],"wp:term":[{"taxonomy":"category","embeddable":true,"href":"https:\/\/edublog.educastur.es\/ixuxu\/wp-json\/wp\/v2\/categories?post=52406"},{"taxonomy":"post_tag","embeddable":true,"href":"https:\/\/edublog.educastur.es\/ixuxu\/wp-json\/wp\/v2\/tags?post=52406"}],"curies":[{"name":"wp","href":"https:\/\/api.w.org\/{rel}","templated":true}]}}