{"id":52408,"date":"2025-07-08T14:00:43","date_gmt":"2025-07-08T12:00:43","guid":{"rendered":"https:\/\/edublog.educastur.es\/ixuxu\/?p=52408"},"modified":"2025-07-09T17:14:19","modified_gmt":"2025-07-09T15:14:19","slug":"52408","status":"publish","type":"post","link":"https:\/\/edublog.educastur.es\/ixuxu\/2025\/07\/52408\/","title":{"rendered":""},"content":{"rendered":"<p style=\"text-align: center\"><span style=\"color: #800080\"><em><span style=\"font-size: 24px\">\u201cToles esperiencies que viv\u00ed ense\u00f1\u00e1ronme<\/span><\/em><\/span><br \/>\n<span style=\"color: #800080\"><em><span style=\"font-size: 24px\"> qu&#8217;<strong>hai que valorar al individuu, a la persona <\/strong><\/span><\/em><\/span><br \/>\n<strong><span style=\"color: #800080\"><em><span style=\"font-size: 24px\">que desenvuelve y caltien<br \/>\nla so propia manera de pensar, <\/span><\/em><\/span><\/strong><br \/>\n<strong><span style=\"color: #800080\"><em><span style=\"font-size: 24px\">que llanta cara a la mentalid\u00e1 de grupu, <\/span><\/em><\/span><\/strong><br \/>\n<span style=\"color: #800080\"><em><span style=\"font-size: 24px\"><strong>a les presiones grupales.<\/strong> <\/span><\/em><\/span><\/p>\n<p style=\"text-align: center\"><span style=\"color: #800080\"><em><span style=\"font-size: 24px\">O que s&#8217;avien hasta onde xulga necesariu<br \/>\na tales presiones, <\/span><\/em><\/span><br \/>\n<span style=\"color: #800080\"><em><span style=\"font-size: 24px\">pero nel so fueru internu caltien un pensamientu <\/span><\/em><\/span><br \/>\n<span style=\"color: #800080\"><em><span style=\"font-size: 24px\">y un desenvolvimientu individuales [&#8230;] <\/span><\/em><\/span><\/p>\n<p><strong><span style=\"color: #800080\"><em><span style=\"font-size: 24px\">Caltener una opini\u00f3n individual disidente, <\/span><\/em><\/span><\/strong><br \/>\n<strong><span style=\"color: #800080\"><em><span style=\"font-size: 24px\">siendo miembru del grupu, <\/span><\/em><\/span><\/strong><br \/>\n<strong><span style=\"color: #800080\"><em><span style=\"font-size: 24px\">ye la cosa m\u00e1s dif\u00edcil del mundu.\u201d<\/span><\/em><\/span><\/strong><br \/>\nDoris Lessing<\/p>\n","protected":false},"excerpt":{"rendered":"<p>\u201cToles esperiencies que viv\u00ed ense\u00f1\u00e1ronme qu&#8217;hai que valorar al individuu, a la persona que desenvuelve y caltien la so propia manera de pensar, que llanta cara a la mentalid\u00e1 de grupu, a les presiones grupales. O que s&#8217;avien hasta onde xulga necesariu a tales presiones, pero nel so fueru internu caltien un pensamientu y un [&hellip;]<\/p>\n","protected":false},"author":117,"featured_media":0,"comment_status":"closed","ping_status":"open","sticky":false,"template":"","format":"quote","meta":{"footnotes":""},"categories":[1],"tags":[],"class_list":["post-52408","post","type-post","status-publish","format-quote","hentry","category-sin-categoria","post_format-post-format-quote"],"_links":{"self":[{"href":"https:\/\/edublog.educastur.es\/ixuxu\/wp-json\/wp\/v2\/posts\/52408","targetHints":{"allow":["GET"]}}],"collection":[{"href":"https:\/\/edublog.educastur.es\/ixuxu\/wp-json\/wp\/v2\/posts"}],"about":[{"href":"https:\/\/edublog.educastur.es\/ixuxu\/wp-json\/wp\/v2\/types\/post"}],"author":[{"embeddable":true,"href":"https:\/\/edublog.educastur.es\/ixuxu\/wp-json\/wp\/v2\/users\/117"}],"replies":[{"embeddable":true,"href":"https:\/\/edublog.educastur.es\/ixuxu\/wp-json\/wp\/v2\/comments?post=52408"}],"version-history":[{"count":2,"href":"https:\/\/edublog.educastur.es\/ixuxu\/wp-json\/wp\/v2\/posts\/52408\/revisions"}],"predecessor-version":[{"id":52410,"href":"https:\/\/edublog.educastur.es\/ixuxu\/wp-json\/wp\/v2\/posts\/52408\/revisions\/52410"}],"wp:attachment":[{"href":"https:\/\/edublog.educastur.es\/ixuxu\/wp-json\/wp\/v2\/media?parent=52408"}],"wp:term":[{"taxonomy":"category","embeddable":true,"href":"https:\/\/edublog.educastur.es\/ixuxu\/wp-json\/wp\/v2\/categories?post=52408"},{"taxonomy":"post_tag","embeddable":true,"href":"https:\/\/edublog.educastur.es\/ixuxu\/wp-json\/wp\/v2\/tags?post=52408"}],"curies":[{"name":"wp","href":"https:\/\/api.w.org\/{rel}","templated":true}]}}