{"id":52411,"date":"2025-07-08T11:17:18","date_gmt":"2025-07-08T09:17:18","guid":{"rendered":"https:\/\/edublog.educastur.es\/ixuxu\/?p=52411"},"modified":"2025-07-09T17:17:28","modified_gmt":"2025-07-09T15:17:28","slug":"cartelu-de-les-fiestes-de-la-nuesa-senora-del-rosariu-de-l-luarca","status":"publish","type":"post","link":"https:\/\/edublog.educastur.es\/ixuxu\/2025\/07\/cartelu-de-les-fiestes-de-la-nuesa-senora-del-rosariu-de-l-luarca\/","title":{"rendered":"Cartelu de les fiestes de La nuesa Se\u00f1ora del Rosariu de L.luarca"},"content":{"rendered":"<div class=\"html-div xdj266r xat24cr x1lziwak xexx8yu xyri2b x18d9i69 x1c1uobl x78zum5 x2lah0s xqtp20y x1xegmmw\"><\/div>\n<div class=\"x78zum5 xdt5ytf xz62fqu x16ldp7u\">\n<div class=\"xu06os2 x1ok221b\">\n<div class=\"html-div xdj266r x14z9mp xat24cr x1lziwak xexx8yu xyri2b x18d9i69 x1c1uobl\" data-ad-rendering-role=\"profile_name\">\n<ul>\n<li class=\"html-h3 x14z9mp xat24cr x1lziwak xexx8yu xyri2b x18d9i69 x1c1uobl x1vvkbs x1heor9g x1qlqyl8 x1pd3egz x1a2a7pz x1gslohp x1yc453h\"><span class=\"x1lliihq x6ikm8r x10wlt62 x1n2onr6\"><span class=\"x193iq5w xeuugli x13faqbe x1vvkbs x1xmvt09 x1f6kntn xvq8zen xo1l8bm xi81zsa\"><strong class=\"html-strong xdj266r x14z9mp xat24cr x1lziwak xexx8yu xyri2b x18d9i69 x1c1uobl x1hl2dhg x16tdsg8 x1vvkbs x1s688f\"><span class=\"xt0psk2\"><span class=\"xjp7ctv\"><span class=\"html-span xdj266r x14z9mp xat24cr x1lziwak xexx8yu xyri2b x18d9i69 x1c1uobl x1hl2dhg x16tdsg8 x1vvkbs\"><a class=\"x1i10hfl xjbqb8w x1ejq31n x18oe1m7 x1sy0etr xstzfhl x972fbf x10w94by x1qhh985 x14e42zd x9f619 x1ypdohk xt0psk2 xe8uvvx xdj266r x14z9mp xat24cr x1lziwak xexx8yu xyri2b x18d9i69 x1c1uobl x16tdsg8 x1hl2dhg xggy1nq x1a2a7pz xkrqix3 x1sur9pj xzsf02u x1s688f\" role=\"link\" href=\"https:\/\/www.facebook.com\/lucia.suarespered?__cft__[0]=AZUNhYxow_ywNATgZTcWFN5gX7TdflUjaVRhLcJX5yYCOCPf3gXrFNBtPut-_b2ZbizkgsQUsilI4mzHeZPYCgzrOUYLFRLvqH8uKgX1lCDKUDSkBC62fmw65yn0QbVyV2QGtluIHnjJC2JElrf_9wgj3xcVDDvFo9wq_Fg46UKayAVRr0S7-ry9u0dxALDVOHepieIG_ibi09a8esAU_pibmMyWliAZKdn3kLvqXWpr6A&amp;__tn__=-]C%2CP-y-y-R\">Lutus Luarca<\/a><\/span><\/span><\/span><\/strong> \/<strong class=\"html-strong xdj266r x14z9mp xat24cr x1lziwak xexx8yu xyri2b x18d9i69 x1c1uobl x1hl2dhg x16tdsg8 x1vvkbs x1s688f\"><span class=\"xt0psk2\"><span class=\"xjp7ctv\"><span class=\"html-span xdj266r x14z9mp xat24cr x1lziwak xexx8yu xyri2b x18d9i69 x1c1uobl x1hl2dhg x16tdsg8 x1vvkbs\"><a class=\"x1i10hfl xjbqb8w x1ejq31n x18oe1m7 x1sy0etr xstzfhl x972fbf x10w94by x1qhh985 x14e42zd x9f619 x1ypdohk xt0psk2 xe8uvvx xdj266r x14z9mp xat24cr x1lziwak xexx8yu xyri2b x18d9i69 x1c1uobl x16tdsg8 x1hl2dhg xggy1nq x1a2a7pz xkrqix3 x1sur9pj xzsf02u x1s688f\" role=\"link\" href=\"https:\/\/www.facebook.com\/virginia.gonzalezsierra.3?__cft__[0]=AZUNhYxow_ywNATgZTcWFN5gX7TdflUjaVRhLcJX5yYCOCPf3gXrFNBtPut-_b2ZbizkgsQUsilI4mzHeZPYCgzrOUYLFRLvqH8uKgX1lCDKUDSkBC62fmw65yn0QbVyV2QGtluIHnjJC2JElrf_9wgj3xcVDDvFo9wq_Fg46UKayAVRr0S7-ry9u0dxALDVOHepieIG_ibi09a8esAU_pibmMyWliAZKdn3kLvqXWpr6A&amp;__tn__=-]C%2CP-y-y-R\">Virginia Gonzalez Sierra<\/a><\/span><\/span><\/span><\/strong>.\/ <a href=\"https:\/\/scontent-mad1-1.xx.fbcdn.net\/v\/t39.30808-6\/505685530_4225795944321960_7871232626627673345_n.jpg?_nc_cat=101&amp;ccb=1-7&amp;_nc_sid=833d8c&amp;_nc_ohc=qmXp2VLJSv4Q7kNvwFAFEdR&amp;_nc_oc=Adlpl26snCqBy1gNfcB3mH39ZFzYkF2TLpiDFhxdif9roeiWqBTZZO9LMRB4VKZZzxA&amp;_nc_zt=23&amp;_nc_ht=scontent-mad1-1.xx&amp;_nc_gid=zfyEZTRJORclU8RYca0gkg&amp;oh=00_AfRZuJ68803jXKG8z1atzOuVFPjWprM9uqSiN8O82Stz-g&amp;oe=6874694A\">CARTELU<\/a><\/span><\/span><\/li>\n<\/ul>\n<p style=\"text-align: center\">\n<!-- iframe plugin v.6.0 wordpress.org\/plugins\/iframe\/ -->\n<iframe loading=\"lazy\" src=\"https:\/\/www.facebook.com\/plugins\/post.php?href=https%3A%2F%2Fwww.facebook.com%2Flucia.suarespered%2Fposts%2Fpfbid0oT9mrJDuKfKaCe24pVV7nfqkdCpeBDK4Ecwn98ZZaAte49nkYsiSWTAQLiGK7xS5l&#038;show_text=false&#038;width=500\" width=\"500\" height=\"498\" style=\"border:none;overflow:hidden\" scrolling=\"no\" frameborder=\"0\" allowfullscreen=\"true\" allow=\"autoplay; clipboard-write; encrypted-media; picture-in-picture; web-share\" 0=\"\/iframe\" class=\"iframe-class\"><\/iframe>\n<\/p>\n<p>Angua\u00f1o&#8217;l cartelu de les fiestes de La nuesa Se\u00f1ora del Rosariu de L.luarca rinde homenaxe a unu de los momentos m\u00e1s emotivos y sent\u00edos por tola comunid\u00e1 marinera: la embarcaci\u00f3n de la Virxe y l&#8217;alcordanza eterna a los marineros finaos na mar.<\/p>\n<p><!--more--><br \/>\nUn intre de fonda emoci\u00f3n, onde la devoci\u00f3n fundise cola memoria y el respetu. Nesti cartelu, la imaxe de la Virxe ye portada polos llamaos vieyos llobos de mar, homes de mar con a\u00f1os d&#8217;hestoria nes sos manos, que representen la sabidur\u00eda, el coraxe y l&#8217;alma del nuesu pueblu.<\/p>\n<p>Ver a estos homes, curtios poles foles y los vientos, llevando a la Virxe hasta&#8217;l barcu ye un xestu que trespasa xeneraciones, un s\u00edmbolu de gratit\u00fa, fe y arguyu. Nesi momentu, L.luarca entera detiense para rindir tributu a quien y\u00e1 nun t\u00e1n, pero siguen vivos na alcordanza de cada marea.<\/p>\n<p>Esti cartelu non solo anuncia una fiesta. Anuncia un realcuentru colos nuesos raiga\u00f1os, coles nueses tradiciones y con aquellos que fixeron del mar la so vida. Porque equ\u00ed, en L.luarca, la Virxe del Rosario salea con toos. Cartelu realiz\u00e1u n&#8217;acuarela 70x50cm<\/p>\n<\/div>\n<\/div>\n<\/div>\n<p>&nbsp;<\/p>\n<div class=\"html-div xdj266r x14z9mp xat24cr x1lziwak xexx8yu xyri2b x18d9i69 x1c1uobl\" dir=\"auto\">\n<div class=\"html-div xdj266r x14z9mp xat24cr x1lziwak xexx8yu xyri2b x18d9i69 x1c1uobl\" dir=\"auto\">\n<div class=\"html-div xdj266r x14z9mp xat24cr x1lziwak xexx8yu xyri2b x18d9i69 x1c1uobl\" data-ad-rendering-role=\"story_message\">\n<div class=\"x1l90r2v x1iorvi4 x1g0dm76 xpdmqnj\" data-ad-comet-preview=\"message\" data-ad-preview=\"message\">\n<div class=\"x78zum5 xdt5ytf xz62fqu x16ldp7u\">\n<div class=\"xu06os2 x1ok221b\">\n<div class=\"html-div xdj266r x14z9mp xat24cr x1lziwak xexx8yu xyri2b x18d9i69 x1c1uobl\">\n<div class=\"xdj266r x14z9mp xat24cr x1lziwak x1vvkbs x126k92a\"><\/div>\n<div class=\"x14z9mp xat24cr x1lziwak x1vvkbs xtlvy1s x126k92a\">\n<div dir=\"auto\"><\/div>\n<\/div>\n<\/div>\n<\/div>\n<\/div>\n<\/div>\n<\/div>\n<\/div>\n<\/div>\n","protected":false},"excerpt":{"rendered":"<p>Lutus Luarca \/Virginia Gonzalez Sierra.\/ CARTELU Angua\u00f1o&#8217;l cartelu de les fiestes de La nuesa Se\u00f1ora del Rosariu de L.luarca rinde homenaxe a unu de los momentos m\u00e1s emotivos y sent\u00edos por tola comunid\u00e1 marinera: la embarcaci\u00f3n de la Virxe y l&#8217;alcordanza eterna a los marineros finaos na mar.<\/p>\n","protected":false},"author":117,"featured_media":0,"comment_status":"closed","ping_status":"open","sticky":false,"template":"","format":"standard","meta":{"footnotes":""},"categories":[214],"tags":[],"class_list":["post-52411","post","type-post","status-publish","format-standard","hentry","category-cartelos"],"_links":{"self":[{"href":"https:\/\/edublog.educastur.es\/ixuxu\/wp-json\/wp\/v2\/posts\/52411","targetHints":{"allow":["GET"]}}],"collection":[{"href":"https:\/\/edublog.educastur.es\/ixuxu\/wp-json\/wp\/v2\/posts"}],"about":[{"href":"https:\/\/edublog.educastur.es\/ixuxu\/wp-json\/wp\/v2\/types\/post"}],"author":[{"embeddable":true,"href":"https:\/\/edublog.educastur.es\/ixuxu\/wp-json\/wp\/v2\/users\/117"}],"replies":[{"embeddable":true,"href":"https:\/\/edublog.educastur.es\/ixuxu\/wp-json\/wp\/v2\/comments?post=52411"}],"version-history":[{"count":1,"href":"https:\/\/edublog.educastur.es\/ixuxu\/wp-json\/wp\/v2\/posts\/52411\/revisions"}],"predecessor-version":[{"id":52412,"href":"https:\/\/edublog.educastur.es\/ixuxu\/wp-json\/wp\/v2\/posts\/52411\/revisions\/52412"}],"wp:attachment":[{"href":"https:\/\/edublog.educastur.es\/ixuxu\/wp-json\/wp\/v2\/media?parent=52411"}],"wp:term":[{"taxonomy":"category","embeddable":true,"href":"https:\/\/edublog.educastur.es\/ixuxu\/wp-json\/wp\/v2\/categories?post=52411"},{"taxonomy":"post_tag","embeddable":true,"href":"https:\/\/edublog.educastur.es\/ixuxu\/wp-json\/wp\/v2\/tags?post=52411"}],"curies":[{"name":"wp","href":"https:\/\/api.w.org\/{rel}","templated":true}]}}