{"id":52424,"date":"2025-07-09T18:49:42","date_gmt":"2025-07-09T16:49:42","guid":{"rendered":"https:\/\/edublog.educastur.es\/ixuxu\/?p=52424"},"modified":"2025-07-10T20:09:16","modified_gmt":"2025-07-10T18:09:16","slug":"el-proyectu-barnahus-ya-tien-allugamientu-nuvieu","status":"publish","type":"post","link":"https:\/\/edublog.educastur.es\/ixuxu\/2025\/07\/el-proyectu-barnahus-ya-tien-allugamientu-nuvieu\/","title":{"rendered":"El proyectu &#8216;Barnahus&#8217; y\u00e1 tien allugamientu n&#8217;Uvi\u00e9u"},"content":{"rendered":"<section class=\"contenido \">\n<div class=\"container\">\n<div class=\"row\">\n<div class=\"col-lg-8 col-md-12 col-xs-12\" role=\"main\" aria-label=\"Bloque del titular, texto imagen o v\u00eddeo de la noticia\">\n<div class=\"padding-t-35\">\n<p class=\"font-size-xxl margin-b-5 font-weight-b color-b-050 letter-spacing--1 fuente-corporativa\"><a href=\"https:\/\/www.rtpa.es\/noticias-asturias-ast\/2025-07-08\/El-proyectu-'Barnahus'-ya-tien-allugamientu-nun-edificiu-cerca-de-los-xulgaos-de-Llamaquique_111751975924.html\"><span style=\"font-size: 16px\">El proyectu &#8216;Barnahus&#8217; y\u00e1 tien allugamientu nun edificiu cerca de los xulgaos de Llamaquique<\/span><\/a><\/p>\n<\/div>\n<figure class=\"position-r hover-zoom\"><img loading=\"lazy\" decoding=\"async\" class=\"img-responsive position-a top-0 left-0 width-0100 aligncenter\" src=\"https:\/\/www.rtpa.es\/fotos\/\/25\/07\/20250708141340_RTPA6827792.webp\" alt=\"El proyecto 'Barnahus' ya tiene ubicaci\u00f3n en un edificio pr\u00f3ximo a los juzgados de Llamaquique\" width=\"661\" height=\"372\" \/><\/figure>\n<div id=\"noticiacompleta\" class=\"parragraph-padding font-c-conent\">\n<p class=\"font-size-m padding-b-20 font-weight-b margin-t-16\">&#8216;Barnahus&#8217; busca un modelu d&#8217;atenci\u00f3n total a les v\u00edctimes d&#8217;abusu sexual infantil. El Princip\u00e1u y\u00e1 tien allugamientu pa la denomada Casa de los ne\u00f1os, Barnahus. Asitiar\u00e1se nesti edificiu propied\u00e1 de la Segurid\u00e1 Social, pero que ta ced\u00edu al Princip\u00e1u. Son m\u00e1s de mil metros cuadraos, distribuy\u00edos en dos plantes, na contornada de los xulgaos de Llamaquique.<\/p>\n<\/div>\n<\/div>\n<div class=\"col-lg-4 col-md-12 col-xs-12 padding-t-20 padding-b-20\">\n<div class=\"utiles bg-contenido-destacado border-radius-8\" role=\"group\" aria-label=\"Informaci\u00f3n de subt\u00edtulos y bloque para compartir la noticia en redes sociales\"><\/div>\n<div class=\"margin-t-20 margin-b-20\">\n<section class=\"padding-t-20 color-w-0100\">\n<div class=\"row text-align-c padding-t-30 padding-b-30 padding-l-10 padding-r-10 hidden-md-down\" aria-hidden=\"true\">\n<div class=\"col-xs-12\">\n<div id=\"div-rtpa-right1\" class=\"text-align-c\" data-google-query-id=\"COyRh8SSsI4DFSdZ9ggdEB0kNw\">\n<div id=\"google_ads_iframe_\/22526134856\/rtpa\/right1_0__container__\"><\/div>\n<\/div>\n<\/div>\n<\/div>\n<\/section>\n<\/div>\n<div class=\"margin-t-20 margin-b-20\"><\/div>\n<\/div>\n<\/div>\n<\/div>\n<\/section>\n","protected":false},"excerpt":{"rendered":"<p>El proyectu &#8216;Barnahus&#8217; y\u00e1 tien allugamientu nun edificiu cerca de los xulgaos de Llamaquique &#8216;Barnahus&#8217; busca un modelu d&#8217;atenci\u00f3n total a les v\u00edctimes d&#8217;abusu sexual infantil. El Princip\u00e1u y\u00e1 tien allugamientu pa la denomada Casa de los ne\u00f1os, Barnahus. Asitiar\u00e1se nesti edificiu propied\u00e1 de la Segurid\u00e1 Social, pero que ta ced\u00edu al Princip\u00e1u. Son m\u00e1s [&hellip;]<\/p>\n","protected":false},"author":117,"featured_media":0,"comment_status":"closed","ping_status":"open","sticky":false,"template":"","format":"standard","meta":{"footnotes":""},"categories":[59],"tags":[],"class_list":["post-52424","post","type-post","status-publish","format-standard","hentry","category-rtpa"],"_links":{"self":[{"href":"https:\/\/edublog.educastur.es\/ixuxu\/wp-json\/wp\/v2\/posts\/52424","targetHints":{"allow":["GET"]}}],"collection":[{"href":"https:\/\/edublog.educastur.es\/ixuxu\/wp-json\/wp\/v2\/posts"}],"about":[{"href":"https:\/\/edublog.educastur.es\/ixuxu\/wp-json\/wp\/v2\/types\/post"}],"author":[{"embeddable":true,"href":"https:\/\/edublog.educastur.es\/ixuxu\/wp-json\/wp\/v2\/users\/117"}],"replies":[{"embeddable":true,"href":"https:\/\/edublog.educastur.es\/ixuxu\/wp-json\/wp\/v2\/comments?post=52424"}],"version-history":[{"count":3,"href":"https:\/\/edublog.educastur.es\/ixuxu\/wp-json\/wp\/v2\/posts\/52424\/revisions"}],"predecessor-version":[{"id":52572,"href":"https:\/\/edublog.educastur.es\/ixuxu\/wp-json\/wp\/v2\/posts\/52424\/revisions\/52572"}],"wp:attachment":[{"href":"https:\/\/edublog.educastur.es\/ixuxu\/wp-json\/wp\/v2\/media?parent=52424"}],"wp:term":[{"taxonomy":"category","embeddable":true,"href":"https:\/\/edublog.educastur.es\/ixuxu\/wp-json\/wp\/v2\/categories?post=52424"},{"taxonomy":"post_tag","embeddable":true,"href":"https:\/\/edublog.educastur.es\/ixuxu\/wp-json\/wp\/v2\/tags?post=52424"}],"curies":[{"name":"wp","href":"https:\/\/api.w.org\/{rel}","templated":true}]}}