{"id":52434,"date":"2025-07-09T19:00:28","date_gmt":"2025-07-09T17:00:28","guid":{"rendered":"https:\/\/edublog.educastur.es\/ixuxu\/?p=52434"},"modified":"2025-07-09T19:00:28","modified_gmt":"2025-07-09T17:00:28","slug":"lego-busca-solo-laplausu","status":"publish","type":"post","link":"https:\/\/edublog.educastur.es\/ixuxu\/2025\/07\/lego-busca-solo-laplausu\/","title":{"rendered":"L&#8217;ego busca solo l&#8217;aplausu&#8230;"},"content":{"rendered":"<p>Marco Aurelio yera l&#8217;home m\u00e1s poderosu del mundu\u2026 Y sicas\u00ed, cada ma\u00f1ana escrib\u00eda recordatorios para nun creese m\u00e1s que naide.<br \/>\nSab\u00eda que l&#8217;ego ye l&#8217;enemigu m\u00e1s peligrosu, porque nun ataca dende fuera, sin\u00f3n dende dientro.Mientres toos lu allababen como emperador, \u00e9l repit\u00edase:<\/p>\n<p><span style=\"color: #008080\"><em>\u201cNun soi m\u00e1s qu&#8217;un home.<\/em><\/span><br \/>\n<span style=\"color: #008080\"><em>Nun tengo de dexar que l&#8217;adulaci\u00f3n debil\u00edteme.<\/em><\/span><br \/>\n<span style=\"color: #008080\"><em>Nun tengo de dexar que la cr\u00edtica m\u00e1nqueme.<\/em><\/span><br \/>\n<strong><span style=\"color: #008080\"><em>Soi solo un alma que tien de cumplir cola so deber.\u201d<\/em><\/span><\/strong><\/p>\n<p><strong>Sab\u00eda que l&#8217;ego nun busca la verd\u00e1, solo l&#8217;aplausu. <\/strong>Y por eso, decidi\u00f3 nun vivir como un dios\u2026 sin\u00f3n como un fil\u00f3sofu. Porque para los estoicos, el verdaderu trunfu nun ye que&#8217;l mundu alm\u00edrete\u2026 sin\u00f3n que tu non te pierdas a ti mesmu.<\/p>\n","protected":false},"excerpt":{"rendered":"<p>Marco Aurelio yera l&#8217;home m\u00e1s poderosu del mundu\u2026 Y sicas\u00ed, cada ma\u00f1ana escrib\u00eda recordatorios para nun creese m\u00e1s que naide. Sab\u00eda que l&#8217;ego ye l&#8217;enemigu m\u00e1s peligrosu, porque nun ataca dende fuera, sin\u00f3n dende dientro.Mientres toos lu allababen como emperador, \u00e9l repit\u00edase: \u201cNun soi m\u00e1s qu&#8217;un home. Nun tengo de dexar que l&#8217;adulaci\u00f3n debil\u00edteme. Nun [&hellip;]<\/p>\n","protected":false},"author":117,"featured_media":0,"comment_status":"closed","ping_status":"open","sticky":false,"template":"","format":"standard","meta":{"footnotes":""},"categories":[353],"tags":[],"class_list":["post-52434","post","type-post","status-publish","format-standard","hentry","category-filosofia"],"_links":{"self":[{"href":"https:\/\/edublog.educastur.es\/ixuxu\/wp-json\/wp\/v2\/posts\/52434","targetHints":{"allow":["GET"]}}],"collection":[{"href":"https:\/\/edublog.educastur.es\/ixuxu\/wp-json\/wp\/v2\/posts"}],"about":[{"href":"https:\/\/edublog.educastur.es\/ixuxu\/wp-json\/wp\/v2\/types\/post"}],"author":[{"embeddable":true,"href":"https:\/\/edublog.educastur.es\/ixuxu\/wp-json\/wp\/v2\/users\/117"}],"replies":[{"embeddable":true,"href":"https:\/\/edublog.educastur.es\/ixuxu\/wp-json\/wp\/v2\/comments?post=52434"}],"version-history":[{"count":2,"href":"https:\/\/edublog.educastur.es\/ixuxu\/wp-json\/wp\/v2\/posts\/52434\/revisions"}],"predecessor-version":[{"id":52448,"href":"https:\/\/edublog.educastur.es\/ixuxu\/wp-json\/wp\/v2\/posts\/52434\/revisions\/52448"}],"wp:attachment":[{"href":"https:\/\/edublog.educastur.es\/ixuxu\/wp-json\/wp\/v2\/media?parent=52434"}],"wp:term":[{"taxonomy":"category","embeddable":true,"href":"https:\/\/edublog.educastur.es\/ixuxu\/wp-json\/wp\/v2\/categories?post=52434"},{"taxonomy":"post_tag","embeddable":true,"href":"https:\/\/edublog.educastur.es\/ixuxu\/wp-json\/wp\/v2\/tags?post=52434"}],"curies":[{"name":"wp","href":"https:\/\/api.w.org\/{rel}","templated":true}]}}