{"id":52450,"date":"2025-07-09T10:00:22","date_gmt":"2025-07-09T08:00:22","guid":{"rendered":"https:\/\/edublog.educastur.es\/ixuxu\/?p=52450"},"modified":"2025-07-09T19:18:29","modified_gmt":"2025-07-09T17:18:29","slug":"asina-lluz-el-mas-nuevu-y-modernu-centru-educativu-duvieu","status":"publish","type":"post","link":"https:\/\/edublog.educastur.es\/ixuxu\/2025\/07\/asina-lluz-el-mas-nuevu-y-modernu-centru-educativu-duvieu\/","title":{"rendered":"Asina lluz el m\u00e1s nuevu y modernu centru educativu d&#8217;Uvi\u00e9u"},"content":{"rendered":"<p style=\"text-align: center\"><a href=\"https:\/\/estaticos-cdn.prensaiberica.es\/clip\/b5c28c2c-b669-4568-9ccd-78c042b5b6c3_16-9-aspect-ratio_default_0.webp\"><img loading=\"lazy\" decoding=\"async\" class=\"aligncenter size-large\" src=\"https:\/\/estaticos-cdn.prensaiberica.es\/clip\/b5c28c2c-b669-4568-9ccd-78c042b5b6c3_16-9-aspect-ratio_default_0.webp\" width=\"880\" height=\"495\" \/><\/a><\/p>\n<p>Asina lluz el m\u00e1s nuevu y modernu centru educativu d&#8217;Uvi\u00e9u: Una inversi\u00f3n de 18 millones d&#8217;euros na so recta final. El nuevu institutu de La Corredoria, el m\u00e1s grande d&#8217;Asturies, recibe los \u00faltimos retoques a dos meses de la llegada de los primeros alumnos. L&#8217;edificiu del IES Margarita Salas, col nuevu cam\u00edn acondicion\u00e1u nel parque en primer t\u00e9rminu. | <a href=\"https:\/\/www.lne.es\/oviedo\/la-corredoria\/2025\/07\/09\/ies-margarita-salas-corredoria-recta-119503251.html?fbclid=IwY2xjawLbgjBleHRuA2FlbQIxMQBicmlkETB2TDQzVHBHN09SUkg4VEoxAR7oKLwRe3S6J0Y6x4t8zO7RVQLVFZLh2uzhrX07wVZAi-UBaM9fWuXMM0B7XA_aem_BRax9u3tUKzBHs5HJCI5nw\">LNE<\/a><\/p>\n<p><!--more--><\/p>\n<p>&nbsp;<\/p>\n<p>Nel accesu principal del IES Margarita Salas, que va recibir a los sos primeros alumnos el pr\u00f3ximu mes de setiembre, y\u00e1 s&#8217;instalaron los bancos y los m\u00e1stiles para les banderes. A la obra de construcci\u00f3n del segundu institutu del barriu de La Corredoria y el que va ser el m\u00e1s grande d&#8217;Asturies solo f\u00e1lten-y los \u00faltimos retoques por que pueda ser inaugurada.<\/p>\n<p>Los andamios asitiaos na fachada del edificiu, onde nesta \u00faltima fase de los trabayos instal\u00e1ronse les colorides chapes met\u00e1liques d&#8217;aluminiu lac\u00e1u, y\u00e1 fueron desmontaos. Y los \u00e1rboles crecen nos peque\u00f1os parterres allugaos en distintes zones de la cortil educativa. Na \u00e1rea trasera de la construcci\u00f3n, nel parque, acondicion\u00f3se un nuevu cam\u00edn. La construcci\u00f3n del nuevu equipamientu educativu de la cai Media Llegua entra na recta final dos meses primero que les aules reciban a los primeres estudiantes, solucionando los problemes de saturaci\u00f3n que soporta dende va a\u00f1os el IES La Corredoria. Ayeri tuvo llugar una visita de supervisi\u00f3n de la obra como parte de los llabores que queden pa dala por rematada.<\/p>\n<p style=\"text-align: center\"><a href=\"https:\/\/estaticos-cdn.prensaiberica.es\/clip\/4adcb522-2052-456e-bf20-2c732302d37a_source-aspect-ratio_default_0.webp\"><img loading=\"lazy\" decoding=\"async\" class=\"aligncenter size-large\" src=\"https:\/\/estaticos-cdn.prensaiberica.es\/clip\/4adcb522-2052-456e-bf20-2c732302d37a_source-aspect-ratio_default_0.webp\" width=\"1920\" height=\"1080\" \/><\/a><\/p>\n<p><em>Enriba, pola esquierda: l&#8217;accesu principal; el patiu interior; <\/em><br \/>\n<em>el polideportivu y una de les \u00e1rees axardinaes. \/ LNE<\/em><\/p>\n<p>Con esti IES dase respuesta a una reivindicaci\u00f3n de la comunid\u00e1 educativa y del barriu de La Corredoria, que llegaron a entamar manifestaciones \u00e9nte los retrasos sufiertos. Cuando s&#8217;empecipi\u00f3 la construcci\u00f3n del edificiu, fai m\u00e1s de dos a\u00f1os, llevaba m\u00e1s d&#8217;un llustru con part\u00edes nos socesivos presupuestos rexonales. La obra aport\u00f3 a licitada cuatro vegaes. Tres la tercera, l&#8217;Executivu viose oblig\u00e1u a suspender el contratu cola axudicataria, qu&#8217;argumentara dificultaes econ\u00f3miques pa desenvolver los trabayos. Una vegada actualiz\u00e1u y amont\u00e1u el presupuestu la obra foi axudicada por 17,2 millones a la UTE formada por Taller d&#8217;Urbanismu ya Inxenier\u00eda S.A., Ogensa y Esfer S.A. Dolce constructores presentaron ufiertes pa executar l&#8217;actuaci\u00f3n, que&#8217;l so plazu d&#8217;execuci\u00f3n inicial yera de 24 meses.<\/p>\n<p>La obra nun remat\u00f3 en plazu, una y bones el primeru taba afit\u00e1u pola Conseyer\u00eda d&#8217;Educaci\u00f3n pa finales del primer trimestre d&#8217;angua\u00f1o. Ampli\u00f3se m\u00e1s de dos meses, hasta&#8217;l pas\u00e1u 8 de xunu, por cuenta de que les carpinter\u00edes interiores del edificiu fabricarense nuna zona de Valencia afectada pola dana, lo que provoc\u00f3 un retrasu de dos meses y medio na entrega del material. Am\u00e1s, l&#8217;axudicataria apunt\u00f3 a otres causes venceyaes a la cimentaci\u00f3n y a les acomet\u00edes el\u00e9ctriques.<\/p>\n<p>Esi retrasu caus\u00f3 incertidume ente les families, qu&#8217;echaron en falta informaci\u00f3n per parte de la Conseyer\u00eda sobro les previsiones de finalizaci\u00f3n, indicaron dende l&#8217;AMPA del institutu. Nestes \u00faltimes selmanes los trabayos avanzaron nel segundu IES de La Corredoria, construy\u00edu nuna parcela con 10.161 metros cuadraos, y capacid\u00e1 pa 640 alumnos. L&#8217;edificiu tien cinco niveles superpuestos y aterrazados, afaci\u00e9ndose a la topograf\u00eda de la cortil.<\/p>\n<p><strong>L&#8217;institutu Margarita Salas va empezar a funcionar en septiembre colos cuatro cursos d&#8217;ESO y los dos de Bachilleratu. Nel centru y\u00e1 tienen plaza, angua\u00f1o, alredor de 340 alumnos.<\/strong><\/p>\n<p>La obra dispon de financiamientu del <strong>Fondu Europ\u00e9u de Desenvolvimientu Rexonal (Feder)<\/strong>. A los 17,2 millones xunen los 565.000 euros conse\u00f1aos para&#8217;l moblame del centru. Para l&#8217;apertura del centru en septiembre y\u00e1 s&#8217;avanz\u00f3 na tramitaci\u00f3n para&#8217;l tresll\u00e1u de 29 profesores dende&#8217;l IES La Corredoria.<\/p>\n","protected":false},"excerpt":{"rendered":"<p>Asina lluz el m\u00e1s nuevu y modernu centru educativu d&#8217;Uvi\u00e9u: Una inversi\u00f3n de 18 millones d&#8217;euros na so recta final. El nuevu institutu de La Corredoria, el m\u00e1s grande d&#8217;Asturies, recibe los \u00faltimos retoques a dos meses de la llegada de los primeros alumnos. L&#8217;edificiu del IES Margarita Salas, col nuevu cam\u00edn acondicion\u00e1u nel parque [&hellip;]<\/p>\n","protected":false},"author":117,"featured_media":0,"comment_status":"closed","ping_status":"open","sticky":false,"template":"","format":"standard","meta":{"footnotes":""},"categories":[431],"tags":[],"class_list":["post-52450","post","type-post","status-publish","format-standard","hentry","category-ies-margarita-salas"],"_links":{"self":[{"href":"https:\/\/edublog.educastur.es\/ixuxu\/wp-json\/wp\/v2\/posts\/52450","targetHints":{"allow":["GET"]}}],"collection":[{"href":"https:\/\/edublog.educastur.es\/ixuxu\/wp-json\/wp\/v2\/posts"}],"about":[{"href":"https:\/\/edublog.educastur.es\/ixuxu\/wp-json\/wp\/v2\/types\/post"}],"author":[{"embeddable":true,"href":"https:\/\/edublog.educastur.es\/ixuxu\/wp-json\/wp\/v2\/users\/117"}],"replies":[{"embeddable":true,"href":"https:\/\/edublog.educastur.es\/ixuxu\/wp-json\/wp\/v2\/comments?post=52450"}],"version-history":[{"count":6,"href":"https:\/\/edublog.educastur.es\/ixuxu\/wp-json\/wp\/v2\/posts\/52450\/revisions"}],"predecessor-version":[{"id":52456,"href":"https:\/\/edublog.educastur.es\/ixuxu\/wp-json\/wp\/v2\/posts\/52450\/revisions\/52456"}],"wp:attachment":[{"href":"https:\/\/edublog.educastur.es\/ixuxu\/wp-json\/wp\/v2\/media?parent=52450"}],"wp:term":[{"taxonomy":"category","embeddable":true,"href":"https:\/\/edublog.educastur.es\/ixuxu\/wp-json\/wp\/v2\/categories?post=52450"},{"taxonomy":"post_tag","embeddable":true,"href":"https:\/\/edublog.educastur.es\/ixuxu\/wp-json\/wp\/v2\/tags?post=52450"}],"curies":[{"name":"wp","href":"https:\/\/api.w.org\/{rel}","templated":true}]}}