{"id":52500,"date":"2025-07-10T18:46:22","date_gmt":"2025-07-10T16:46:22","guid":{"rendered":"https:\/\/edublog.educastur.es\/ixuxu\/?p=52500"},"modified":"2025-07-11T20:16:02","modified_gmt":"2025-07-11T18:16:02","slug":"recuperen-la-cadarma-dun-gran-dinosauriu-nos-cantiles-de-ribesella","status":"publish","type":"post","link":"https:\/\/edublog.educastur.es\/ixuxu\/2025\/07\/recuperen-la-cadarma-dun-gran-dinosauriu-nos-cantiles-de-ribesella\/","title":{"rendered":"Recuperen la cadarma d&#8217;un gran dinosauriu nos cantiles de Ribesella."},"content":{"rendered":"<div class=\"html-div xdj266r x14z9mp xat24cr x1lziwak xexx8yu xyri2b x18d9i69 x1c1uobl\" dir=\"auto\">\n<div class=\"html-div xdj266r x14z9mp xat24cr x1lziwak xexx8yu xyri2b x18d9i69 x1c1uobl\" data-ad-rendering-role=\"story_message\">\n<div id=\"_r_om_\" class=\"x1l90r2v x1iorvi4 x1g0dm76 xpdmqnj\" data-ad-comet-preview=\"message\" data-ad-preview=\"message\">\n<div class=\"x78zum5 xdt5ytf xz62fqu x16ldp7u\">\n<div class=\"xu06os2 x1ok221b\">\n<div class=\"html-div xdj266r x14z9mp xat24cr x1lziwak xexx8yu xyri2b x18d9i69 x1c1uobl\">\n<div class=\"xdj266r x14z9mp xat24cr x1lziwak x1vvkbs x126k92a\">\n<div dir=\"auto\" style=\"text-align: center\"><span class=\"html-span xexx8yu x4uap5 x18d9i69 xkhd6sd x1hl2dhg x16tdsg8 x1vvkbs x3nfvp2 x1j61x8r x1fcty0u xdj266r xat24cr xgzva0m xhhsvwb xxymvpz xlup9mm x1kky2od\">\n<!-- iframe plugin v.6.0 wordpress.org\/plugins\/iframe\/ -->\n<iframe loading=\"lazy\" src=\"https:\/\/www.instagram.com\/reel\/DL7_I1zgzEs\/embed\" width=\"640\" height=\"460\" 0=\"\/iframe\" scrolling=\"yes\" class=\"iframe-class\" frameborder=\"0\"><\/iframe>\n<\/span><\/div>\n<div dir=\"auto\">\n<p>\ud83e\udd95 El MUJA recuper\u00f3 los restos f\u00f3siles d&#8217;un gran dinosauriu nos acantilaos de Ribeseya. \ud83c\udfde\ufe0f Un bloque de media tonelada del f\u00f3sil foi tresllad\u00e1u, nuna operaci\u00f3n escepcional, nun helic\u00f3pteru del SEPA al mus\u00e9u, nuna operaci\u00f3n espectacular que cunt\u00f3 cola guarda de la conseyera de Cultura, Vanessa Guti\u00e9rrez.<\/p>\n<p>\ud83d\udd2c Esti descubrimientu ta lider\u00e1u pol equipu del MUJA xunto a los prestixosos paleont\u00f3logos Pablo Puerta y Oliver Rauhut. \ud83d\udccd L&#8217;esqueletu parcial incl\u00fai v\u00e9rtebres, cadril, costielles y m\u00e1s, y podr\u00eda convertise n\u00fan de los afayos m\u00e1s relevantes de la nuesa mari\u00f1a.<\/p>\n<p>\ud83d\udcac La conseyera destac\u00f3 \u201cel conocimientu, la entrega y el compromisu del equipu del mus\u00e9u, que lider\u00f3 esta escavaci\u00f3n con un rigor estraordinariu. El guo trabayu, xunto col d&#8217;investigadores internacionales, asitia Asturies na vanguardia de la paleontolox\u00eda europea\u201d.<\/p>\n<\/div>\n<div dir=\"auto\"><!--more--><\/div>\n<div dir=\"auto\">V\u00cdDEU L&#8217;helic\u00f3pteru del SEPA llega al MUJA de Colunga colos f\u00f3siles del gran dinosauriu recuper\u00e1u nos cantiles de Ribesella. Recuperen la cadarma d&#8217;un gran dinosauriu nos cantiles de Ribesella.<a href=\"https:\/\/actualidad.asturias.es\/-\/el-muja-recupera-los-restos-f%C3%B3siles-de-un-gran-dinosaurio-en-los-acantilados-de-ribadesella?redirect=%2Fnoticias\"> Actualid\u00e1 Asturies<\/a><\/div>\n<div dir=\"auto\"><\/div>\n<div dir=\"auto\" style=\"text-align: center\"><img loading=\"lazy\" decoding=\"async\" class=\"aligncenter size-large\" src=\"https:\/\/coperibadesella.com\/wp-content\/uploads\/2025\/07\/MUJA-Esqueleto-Dinosaurio-Ribadesella-1-1350x1013.jpeg\" width=\"1350\" height=\"1013\" \/><\/div>\n<\/div>\n<div class=\"xdj266r x14z9mp xat24cr x1lziwak x1vvkbs x126k92a\">\n<div dir=\"auto\"><span class=\"html-span xdj266r x14z9mp xat24cr x1lziwak xexx8yu xyri2b x18d9i69 x1c1uobl x1hl2dhg x16tdsg8 x1vvkbs\"><a class=\"x1i10hfl xjbqb8w x1ejq31n x18oe1m7 x1sy0etr xstzfhl x972fbf x10w94by x1qhh985 x14e42zd x9f619 x1ypdohk xt0psk2 xe8uvvx xdj266r x14z9mp xat24cr x1lziwak xexx8yu xyri2b x18d9i69 x1c1uobl x16tdsg8 x1hl2dhg xggy1nq x1a2a7pz xkrqix3 x1sur9pj x1fey0fg x1s688f\" role=\"link\" href=\"https:\/\/coperibadesella.com\/10\/07\/2025\/recuperan-el-esqueleto-de-un-gran-dinosaurio-en-los-acantilados-de-ribadesella\/?fbclid=IwZXh0bgNhZW0CMTAAYnJpZBEwZTZPVFR4ZWdnODJCaExOYgEeS-xNYN46SBxy8oKizDoZQu7hGP2Cu_LDjDp4OYw1gWySXJ37_mfgz2GKadk_aem_7cDebyAjaoJRtEuoBv9cKg\" target=\"_blank\" rel=\"nofollow noopener noreferrer\">https:\/\/coperibadesella.com\/&#8230;\/recuperan-el-esqueleto&#8230;\/<\/a><\/span><\/div>\n<\/div>\n<\/div>\n<div dir=\"auto\">\n<div class=\"xdj266r x14z9mp xat24cr x1lziwak x1vvkbs x126k92a\">\n<div dir=\"auto\"><\/div>\n<\/div>\n<div dir=\"auto\" style=\"text-align: center\">\n<!-- iframe plugin v.6.0 wordpress.org\/plugins\/iframe\/ -->\n<iframe loading=\"lazy\" src=\"https:\/\/www.facebook.com\/plugins\/video.php?height=314&#038;href=https%3A%2F%2Fwww.facebook.com%2Fcoperibadesella%2Fvideos%2F1657089231496050%2F&#038;show_text=false&#038;width=560&#038;t=0\" width=\"560\" height=\"314\" style=\"border:none;overflow:hidden\" scrolling=\"no\" frameborder=\"0\" allowfullscreen=\"true\" allow=\"autoplay; clipboard-write; encrypted-media; picture-in-picture; web-share\" 0=\"\/iframe\" class=\"iframe-class\"><\/iframe>\n<\/div>\n<div dir=\"auto\" style=\"text-align: center\"><a href=\"https:\/\/actualidad.asturias.es\/documents\/537115\/2681366\/2025_07_10+MUJA+piezas+Ribeseya+3.jpeg\/26bb9733-8a4c-41ac-51b5-cab1c1f0f58f?t=1752149097879\"><img loading=\"lazy\" decoding=\"async\" class=\"aligncenter size-large\" src=\"https:\/\/actualidad.asturias.es\/documents\/537115\/2681366\/2025_07_10+MUJA+piezas+Ribeseya+3.jpeg\/26bb9733-8a4c-41ac-51b5-cab1c1f0f58f?t=1752149097879\" width=\"1600\" height=\"1200\" \/><\/a><\/div>\n<\/div>\n<\/div>\n<\/div>\n<\/div>\n<\/div>\n<\/div>\n<p>&nbsp;<\/p>\n","protected":false},"excerpt":{"rendered":"<p>\ud83e\udd95 El MUJA recuper\u00f3 los restos f\u00f3siles d&#8217;un gran dinosauriu nos acantilaos de Ribeseya. \ud83c\udfde\ufe0f Un bloque de media tonelada del f\u00f3sil foi tresllad\u00e1u, nuna operaci\u00f3n escepcional, nun helic\u00f3pteru del SEPA al mus\u00e9u, nuna operaci\u00f3n espectacular que cunt\u00f3 cola guarda de la conseyera de Cultura, Vanessa Guti\u00e9rrez. \ud83d\udd2c Esti descubrimientu ta lider\u00e1u pol equipu del [&hellip;]<\/p>\n","protected":false},"author":117,"featured_media":0,"comment_status":"closed","ping_status":"open","sticky":false,"template":"","format":"standard","meta":{"footnotes":""},"categories":[259],"tags":[],"class_list":["post-52500","post","type-post","status-publish","format-standard","hentry","category-dinosaurios"],"_links":{"self":[{"href":"https:\/\/edublog.educastur.es\/ixuxu\/wp-json\/wp\/v2\/posts\/52500","targetHints":{"allow":["GET"]}}],"collection":[{"href":"https:\/\/edublog.educastur.es\/ixuxu\/wp-json\/wp\/v2\/posts"}],"about":[{"href":"https:\/\/edublog.educastur.es\/ixuxu\/wp-json\/wp\/v2\/types\/post"}],"author":[{"embeddable":true,"href":"https:\/\/edublog.educastur.es\/ixuxu\/wp-json\/wp\/v2\/users\/117"}],"replies":[{"embeddable":true,"href":"https:\/\/edublog.educastur.es\/ixuxu\/wp-json\/wp\/v2\/comments?post=52500"}],"version-history":[{"count":5,"href":"https:\/\/edublog.educastur.es\/ixuxu\/wp-json\/wp\/v2\/posts\/52500\/revisions"}],"predecessor-version":[{"id":52642,"href":"https:\/\/edublog.educastur.es\/ixuxu\/wp-json\/wp\/v2\/posts\/52500\/revisions\/52642"}],"wp:attachment":[{"href":"https:\/\/edublog.educastur.es\/ixuxu\/wp-json\/wp\/v2\/media?parent=52500"}],"wp:term":[{"taxonomy":"category","embeddable":true,"href":"https:\/\/edublog.educastur.es\/ixuxu\/wp-json\/wp\/v2\/categories?post=52500"},{"taxonomy":"post_tag","embeddable":true,"href":"https:\/\/edublog.educastur.es\/ixuxu\/wp-json\/wp\/v2\/tags?post=52500"}],"curies":[{"name":"wp","href":"https:\/\/api.w.org\/{rel}","templated":true}]}}