{"id":52515,"date":"2025-07-10T19:04:15","date_gmt":"2025-07-10T17:04:15","guid":{"rendered":"https:\/\/edublog.educastur.es\/ixuxu\/?p=52515"},"modified":"2025-07-10T19:29:14","modified_gmt":"2025-07-10T17:29:14","slug":"87-a-edicion-del-descensu-internacional-del-sella","status":"publish","type":"post","link":"https:\/\/edublog.educastur.es\/ixuxu\/2025\/07\/87-a-edicion-del-descensu-internacional-del-sella\/","title":{"rendered":"87.\u00aa edici\u00f3n del Descensu Internacional del Sella"},"content":{"rendered":"<div class=\"html-div xdj266r xat24cr x1lziwak xexx8yu xyri2b x18d9i69 x1c1uobl x78zum5 x2lah0s xqtp20y x1xegmmw\" style=\"text-align: center\"><a href=\"https:\/\/actualidad.asturias.es\/documents\/537115\/2679867\/WhatsApp+Image+2025-07-09+at+20.39.44.jpeg\/22c1a66a-3693-25f6-8020-8ebec298fa16?t=1752086831830\"><img loading=\"lazy\" decoding=\"async\" class=\"aligncenter size-large\" src=\"https:\/\/actualidad.asturias.es\/documents\/537115\/2679867\/WhatsApp+Image+2025-07-09+at+20.39.44.jpeg\/22c1a66a-3693-25f6-8020-8ebec298fa16?t=1752086831830\" width=\"5120\" height=\"3840\" \/><\/a><\/div>\n<div class=\"x78zum5 xdt5ytf xz62fqu x16ldp7u\">\n<div class=\"xu06os2 x1ok221b\">\n<div class=\"html-div xdj266r x14z9mp xat24cr x1lziwak xexx8yu xyri2b x18d9i69 x1c1uobl\" data-ad-rendering-role=\"profile_name\">\n<ul>\n<li class=\"html-h3 x14z9mp xat24cr x1lziwak xexx8yu xyri2b x18d9i69 x1c1uobl x1vvkbs x1heor9g x1qlqyl8 x1pd3egz x1a2a7pz x1gslohp x1yc453h\"><span class=\"x1lliihq x6ikm8r x10wlt62 x1n2onr6\"><span class=\"xt0psk2\"><span class=\"xjp7ctv\"><a class=\"x1i10hfl xjbqb8w x1ejq31n x18oe1m7 x1sy0etr xstzfhl x972fbf x10w94by x1qhh985 x14e42zd x9f619 x1ypdohk xt0psk2 xe8uvvx xdj266r x14z9mp xat24cr x1lziwak xexx8yu xyri2b x18d9i69 x1c1uobl x16tdsg8 x1hl2dhg xggy1nq x1a2a7pz xkrqix3 x1sur9pj xzsf02u x1s688f\" role=\"link\" href=\"https:\/\/www.facebook.com\/gobiernodeasturias?__cft__[0]=AZUwjimRJHAy60smytj7zO169C4B694v8x4JYlJjOMEh0Lt26KqFjkoTMBYRy8-7WqIzbnEP4ciK5RE7Oa2YtdWf9brmi5TePmE0hwfslLX2eGZpgmStReOXcCcQfO0axEUX1FcRgc5-McS1YrHMXYRqoQxeJDEPY0S55sVMUd5CECumd0mZDx6663eX-wMqwoj7yesKGmUEYo97jaHjOugKudCB68T0CtjsSpFD3y-neQ&amp;__tn__=-UC%2CP-y-R\"><strong class=\"html-strong xdj266r x14z9mp xat24cr x1lziwak xexx8yu xyri2b x18d9i69 x1c1uobl x1hl2dhg x16tdsg8 x1vvkbs x1s688f\"><span class=\"html-span xdj266r x14z9mp xat24cr x1lziwak xexx8yu xyri2b x18d9i69 x1c1uobl x1hl2dhg x16tdsg8 x1vvkbs\">Principado de Asturias<\/span><\/strong><\/a><\/span><\/span><span class=\"html-span xdj266r x14z9mp xat24cr x1lziwak xexx8yu xyri2b x18d9i69 x1c1uobl x1hl2dhg x16tdsg8 x1vvkbs x1dor1uw x1n2onr6 xxymvpz\"> \/ <a href=\"https:\/\/actualidad.asturias.es\/-\/cultura-firma-un-protocolo-con-industrias-ferri-y-muros-de-nal%C3%B3n-para-recuperar-el-hist%C3%B3rico-barco-el-vapor%C3%ADn-durante-las-fiestas-de-san-esteban?redirect=%2Fnoticias%3Fp_p_id%3Dcom_liferay_asset_publisher_web_portlet_AssetPublisherPortlet_INSTANCE_Pk4uPC5yniIC%26p_p_lifecycle%3D0%26p_p_state%3Dnormal%26p_p_mode%3Dview%26_com_liferay_asset_publisher_web_portlet_AssetPublisherPortlet_INSTANCE_Pk4uPC5yniIC_delta%3D10%26p_r_p_resetCur%3Dfalse%26_com_liferay_asset_publisher_web_portlet_AssetPublisherPortlet_INSTANCE_Pk4uPC5yniIC_cur%3D2\">Actualid\u00e1 Asturies<\/a><\/span><\/span><\/li>\n<\/ul>\n<\/div>\n<\/div>\n<\/div>\n<div class=\"html-div xdj266r x14z9mp xat24cr x1lziwak xexx8yu xyri2b x18d9i69 x1c1uobl\" dir=\"auto\">\n<div class=\"html-div xdj266r x14z9mp xat24cr x1lziwak xexx8yu xyri2b x18d9i69 x1c1uobl\" dir=\"auto\">\n<div class=\"html-div xdj266r x14z9mp xat24cr x1lziwak xexx8yu xyri2b x18d9i69 x1c1uobl\" data-ad-rendering-role=\"story_message\">\n<div class=\"x1l90r2v x1iorvi4 x1g0dm76 xpdmqnj\" data-ad-comet-preview=\"message\" data-ad-preview=\"message\">\n<div class=\"x78zum5 xdt5ytf xz62fqu x16ldp7u\">\n<div class=\"xu06os2 x1ok221b\">\n<div class=\"html-div xdj266r x14z9mp xat24cr x1lziwak xexx8yu xyri2b x18d9i69 x1c1uobl\">\n<div class=\"x14z9mp xat24cr x1lziwak x1vvkbs xtlvy1s x126k92a\">\n<div dir=\"auto\">La vicepresidenta del Gobiernu del Princip\u00e1u, Gimena Llamedo, particip\u00f3 g\u00fcei na presentaci\u00f3n de la <strong><span style=\"color: #008080\">87.\u00aa edici\u00f3n del Descensu Internacional del Sella,<\/span><\/strong> una de les grandes cites deportives, tur\u00edstiques y culturales d&#8217;Asturies. El Sella ye un s\u00edmbolu d&#8217;identid\u00e1 colectiva y proyecci\u00f3n internacional, que reflexa la esencia de la nuesa tierra: esfuerzu, naturaleza, cultura y comunid\u00e1.<\/div>\n<div dir=\"auto\"><!--more--><\/div>\n<div dir=\"auto\"><\/div>\n<\/div>\n<div dir=\"auto\" style=\"text-align: center\"><\/div>\n<div dir=\"auto\" style=\"text-align: center\"><a href=\"https:\/\/actualidad.asturias.es\/documents\/537115\/2679867\/WhatsApp+Image+2025-07-09+at+19.23.17.jpeg\/3b15b551-04fc-22ef-b331-d6bca6f85379?t=1752083232835\"><img loading=\"lazy\" decoding=\"async\" class=\"aligncenter size-large\" src=\"https:\/\/actualidad.asturias.es\/documents\/537115\/2679867\/WhatsApp+Image+2025-07-09+at+19.23.17.jpeg\/3b15b551-04fc-22ef-b331-d6bca6f85379?t=1752083232835\" width=\"4032\" height=\"3024\" \/><\/a><\/div>\n<div dir=\"auto\"><\/div>\n<div class=\"x14z9mp xat24cr x1lziwak x1vvkbs xtlvy1s x126k92a\">\n<div dir=\"auto\">Esta edici\u00f3n rinde homenaxe al @CNHelios, celebra&#8217;l leg\u00e1u de Dionisio de la G\u00fcerta y presenta un cartelu obra d&#8217;Arcadi Moradell, ceador de la imaxe <strong><span style=\"color: #008080\">\u201cAsturies Para\u00edsu Natural\u201d<\/span><\/strong>, que va ser nom\u00e1u F\u00edu Adoptivu d&#8217;Asturies. Les Arriondes, Ribesella y tol oriente asturianu prep\u00e1rense para acoyer una nueva edici\u00f3n d&#8217;esta fiesta declarada d&#8217;Inter\u00e9s Tur\u00edsticu Internacional.<\/div>\n<div dir=\"auto\"><\/div>\n<div dir=\"auto\" style=\"text-align: center\">\n<!-- iframe plugin v.6.0 wordpress.org\/plugins\/iframe\/ -->\n<iframe loading=\"lazy\" src=\"https:\/\/www.facebook.com\/plugins\/post.php?href=https%3A%2F%2Fwww.facebook.com%2Fphoto.php%3Ffbid%3D1041220328181933%26set%3Da.229758265994814%26type%3D3&#038;show_text=false&#038;width=500\" width=\"500\" height=\"811\" style=\"border:none;overflow:hidden\" scrolling=\"no\" frameborder=\"0\" allowfullscreen=\"true\" allow=\"autoplay; clipboard-write; encrypted-media; picture-in-picture; web-share\" 0=\"\/iframe\" class=\"iframe-class\"><\/iframe>\n<\/div>\n<\/div>\n<\/div>\n<\/div>\n<\/div>\n<\/div>\n<\/div>\n<\/div>\n<\/div>\n<p>&nbsp;<\/p>\n","protected":false},"excerpt":{"rendered":"<p>Principado de Asturias \/ Actualid\u00e1 Asturies La vicepresidenta del Gobiernu del Princip\u00e1u, Gimena Llamedo, particip\u00f3 g\u00fcei na presentaci\u00f3n de la 87.\u00aa edici\u00f3n del Descensu Internacional del Sella, una de les grandes cites deportives, tur\u00edstiques y culturales d&#8217;Asturies. El Sella ye un s\u00edmbolu d&#8217;identid\u00e1 colectiva y proyecci\u00f3n internacional, que reflexa la esencia de la nuesa tierra: [&hellip;]<\/p>\n","protected":false},"author":117,"featured_media":0,"comment_status":"closed","ping_status":"open","sticky":false,"template":"","format":"standard","meta":{"footnotes":""},"categories":[21],"tags":[],"class_list":["post-52515","post","type-post","status-publish","format-standard","hentry","category-fiestes"],"_links":{"self":[{"href":"https:\/\/edublog.educastur.es\/ixuxu\/wp-json\/wp\/v2\/posts\/52515","targetHints":{"allow":["GET"]}}],"collection":[{"href":"https:\/\/edublog.educastur.es\/ixuxu\/wp-json\/wp\/v2\/posts"}],"about":[{"href":"https:\/\/edublog.educastur.es\/ixuxu\/wp-json\/wp\/v2\/types\/post"}],"author":[{"embeddable":true,"href":"https:\/\/edublog.educastur.es\/ixuxu\/wp-json\/wp\/v2\/users\/117"}],"replies":[{"embeddable":true,"href":"https:\/\/edublog.educastur.es\/ixuxu\/wp-json\/wp\/v2\/comments?post=52515"}],"version-history":[{"count":5,"href":"https:\/\/edublog.educastur.es\/ixuxu\/wp-json\/wp\/v2\/posts\/52515\/revisions"}],"predecessor-version":[{"id":52541,"href":"https:\/\/edublog.educastur.es\/ixuxu\/wp-json\/wp\/v2\/posts\/52515\/revisions\/52541"}],"wp:attachment":[{"href":"https:\/\/edublog.educastur.es\/ixuxu\/wp-json\/wp\/v2\/media?parent=52515"}],"wp:term":[{"taxonomy":"category","embeddable":true,"href":"https:\/\/edublog.educastur.es\/ixuxu\/wp-json\/wp\/v2\/categories?post=52515"},{"taxonomy":"post_tag","embeddable":true,"href":"https:\/\/edublog.educastur.es\/ixuxu\/wp-json\/wp\/v2\/tags?post=52515"}],"curies":[{"name":"wp","href":"https:\/\/api.w.org\/{rel}","templated":true}]}}