{"id":52525,"date":"2025-07-10T08:30:01","date_gmt":"2025-07-10T06:30:01","guid":{"rendered":"https:\/\/edublog.educastur.es\/ixuxu\/?p=52525"},"modified":"2025-07-10T19:15:50","modified_gmt":"2025-07-10T17:15:50","slug":"el-tiempu-el-comercio-88","status":"publish","type":"post","link":"https:\/\/edublog.educastur.es\/ixuxu\/2025\/07\/el-tiempu-el-comercio-88\/","title":{"rendered":"El tiempu (El Comercio)"},"content":{"rendered":"<p style=\"text-align: center\"><a href=\"https:\/\/s3.ppllstatics.com\/elcomercio\/www\/multimedia\/2025\/07\/09\/tiempo-asturias-jueves-10-julio-kmlC-U2301948938566Ca-1200x860@El%20Comercio.jpg\"><img loading=\"lazy\" decoding=\"async\" class=\"aligncenter size-large\" src=\"https:\/\/s3.ppllstatics.com\/elcomercio\/www\/multimedia\/2025\/07\/09\/tiempo-asturias-jueves-10-julio-kmlC-U2301948938566Ca-1200x860@El%20Comercio.jpg\" width=\"1200\" height=\"860\" \/><\/a><\/p>\n<p>Prevese un d\u00eda soleyeru mientres gran parte del d\u00eda. <strong>Vamos poder amanecer<\/strong> localmente con delles gurrianes, pero r\u00e1pido van estenase dando pasu al sol que va consiguir xubir les temperatures al respective de la xornada del mi\u00e9rcoles. <strong>A lo llargo de la tarde<\/strong>, nun se refuga la presencia de nubosid\u00e1 d&#8217;evoluci\u00f3n nel cordal y, anque ye dif\u00edcil, nun se refuga dalg\u00fan bastiu aisll\u00e1u nel sur del Princip\u00e1u. L<strong>es temperatures<\/strong>, como dic\u00edamos antes, van xubir.<\/p>\n<p><!--more--><\/p>\n<p><strong>Les m\u00e1ximes<\/strong> van xubir hasta 2 o 3 \u00baC polo que, ensin dulda, va ser un d\u00eda t\u00e9rmicamente veraniegu. Hai posibilid\u00e1 de que puedan algamase los 30 \u00baC n&#8217;Asturies y nun se refuga qu&#8217;en zones templaes del interior pudieren superar felicid\u00e1 cifra. Nel casu del ascensu de<strong> les m\u00ednimes<\/strong> va ser muncho m\u00e1s significativu cuidao que van xubir hasta 5 o 6 \u00baC nel interior (especialmente l&#8217;oriental) y de forma daqu\u00e9 m\u00e1s llixera a moderada van xubir na mari\u00f1a. <strong>Los vientos<\/strong> van predominar de nordeste pero van ser m\u00e1s fluexos que los d&#8217;esti mi\u00e9rcoles onde soplaron con cierta intensid\u00e1 na mari\u00f1a.<\/p>\n","protected":false},"excerpt":{"rendered":"<p>Prevese un d\u00eda soleyeru mientres gran parte del d\u00eda. Vamos poder amanecer localmente con delles gurrianes, pero r\u00e1pido van estenase dando pasu al sol que va consiguir xubir les temperatures al respective de la xornada del mi\u00e9rcoles. A lo llargo de la tarde, nun se refuga la presencia de nubosid\u00e1 d&#8217;evoluci\u00f3n nel cordal y, anque [&hellip;]<\/p>\n","protected":false},"author":117,"featured_media":0,"comment_status":"closed","ping_status":"open","sticky":false,"template":"","format":"standard","meta":{"footnotes":""},"categories":[1,5],"tags":[],"class_list":["post-52525","post","type-post","status-publish","format-standard","hentry","category-sin-categoria","category-tiempu"],"_links":{"self":[{"href":"https:\/\/edublog.educastur.es\/ixuxu\/wp-json\/wp\/v2\/posts\/52525","targetHints":{"allow":["GET"]}}],"collection":[{"href":"https:\/\/edublog.educastur.es\/ixuxu\/wp-json\/wp\/v2\/posts"}],"about":[{"href":"https:\/\/edublog.educastur.es\/ixuxu\/wp-json\/wp\/v2\/types\/post"}],"author":[{"embeddable":true,"href":"https:\/\/edublog.educastur.es\/ixuxu\/wp-json\/wp\/v2\/users\/117"}],"replies":[{"embeddable":true,"href":"https:\/\/edublog.educastur.es\/ixuxu\/wp-json\/wp\/v2\/comments?post=52525"}],"version-history":[{"count":1,"href":"https:\/\/edublog.educastur.es\/ixuxu\/wp-json\/wp\/v2\/posts\/52525\/revisions"}],"predecessor-version":[{"id":52526,"href":"https:\/\/edublog.educastur.es\/ixuxu\/wp-json\/wp\/v2\/posts\/52525\/revisions\/52526"}],"wp:attachment":[{"href":"https:\/\/edublog.educastur.es\/ixuxu\/wp-json\/wp\/v2\/media?parent=52525"}],"wp:term":[{"taxonomy":"category","embeddable":true,"href":"https:\/\/edublog.educastur.es\/ixuxu\/wp-json\/wp\/v2\/categories?post=52525"},{"taxonomy":"post_tag","embeddable":true,"href":"https:\/\/edublog.educastur.es\/ixuxu\/wp-json\/wp\/v2\/tags?post=52525"}],"curies":[{"name":"wp","href":"https:\/\/api.w.org\/{rel}","templated":true}]}}