{"id":52543,"date":"2025-07-10T10:32:09","date_gmt":"2025-07-10T08:32:09","guid":{"rendered":"https:\/\/edublog.educastur.es\/ixuxu\/?p=52543"},"modified":"2025-07-10T19:35:29","modified_gmt":"2025-07-10T17:35:29","slug":"ledo-reorganiza-la-conseyeria-deducacion-pa-impulsar-el-pactu-asturies-educa","status":"publish","type":"post","link":"https:\/\/edublog.educastur.es\/ixuxu\/2025\/07\/ledo-reorganiza-la-conseyeria-deducacion-pa-impulsar-el-pactu-asturies-educa\/","title":{"rendered":"Ledo reorganiza la Conseyer\u00eda d&#8217;Educaci\u00f3n pa impulsar el pactu &#8216;Asturies Educa&#8217;"},"content":{"rendered":"<div class=\"padding-t-35\">\n<ul>\n<li class=\"font-size-xxl margin-b-5 font-weight-b color-b-050 letter-spacing--1 fuente-corporativa\"><a href=\"https:\/\/www.rtpa.es\/noticias-asturias-ast\/2025-07-10\/Ledo-reorganiza-la-Conseyeria-d'Educacion-pa-impulsar-el-pactu-'Asturies-Educa'_111752145990.html\">Ledo reorganiza la Conseyer\u00eda d&#8217;Educaci\u00f3n pa impulsar el pactu &#8216;Asturies Educa&#8217;. TPA<\/a><\/li>\n<\/ul>\n<p style=\"text-align: center\"><a href=\"https:\/\/actualidad.asturias.es\/documents\/537115\/2680445\/educacion+aula+vacia+4.jpg\/14bff09a-9d1f-b9d0-bc88-79b44031c51b?t=1752135344989\"><img loading=\"lazy\" decoding=\"async\" class=\"aligncenter size-large\" src=\"https:\/\/actualidad.asturias.es\/documents\/537115\/2680445\/educacion+aula+vacia+4.jpg\/14bff09a-9d1f-b9d0-bc88-79b44031c51b?t=1752135344989\" width=\"6000\" height=\"4000\" \/><\/a><\/p>\n<\/div>\n<figure class=\"position-r hover-zoom\"><\/figure>\n<div id=\"noticiacompleta\" class=\"parragraph-padding font-c-conent\">\n<ul>\n<li class=\"font-size-m padding-b-20 font-weight-b margin-t-16\">Mar\u00eda Dolores Bueno y Paula Fern\u00e1ndez, nueves directores xenerales y Francisco Jos\u00e9 D\u00edaz, secretariu xeneral.<\/li>\n<\/ul>\n<p><!--more--><\/p>\n<p>El Conseyu de Gobiernu aprob\u00f3 esti xueves el nomamientu de <strong>Mar\u00eda Dolores Bueno como directora xeneral d&#8217;Innovaci\u00f3n Educativa y Ordenaci\u00f3n<\/strong>, y de <strong>Paula Fern\u00e1ndez como directora de Centros y Rede 0-3<\/strong>, dientro d&#8217;una restructuraci\u00f3n de la Conseyer\u00eda d&#8217;Educaci\u00f3n impulsada pola nueva titular, Eva Ledo, coles mires d&#8217;avanzar nel cumplimientu del pactu &#8216;Asturies Educa&#8217;. A les nueves directores xenerales, que sustituyen respectivamente a David Artime y Cristina Blanco, s\u00famase&#8217;l nomamientu d&#8217;un nuevu secretariu xeneral: Francisco Jos\u00e9 D\u00edaz Ortiz, en sustituci\u00f3n de Bego\u00f1a Fern\u00e1ndez.<\/p>\n<p style=\"text-align: center\"><a href=\"https:\/\/actualidad.asturias.es\/documents\/537115\/2680445\/2025_07_10+Ficha+PaulaFernandezLeon.jpg\/ef9e8602-5fe4-bc42-1d82-6b916fedfbf5?t=1752139154211\"><img loading=\"lazy\" decoding=\"async\" class=\"aligncenter size-large\" src=\"https:\/\/actualidad.asturias.es\/documents\/537115\/2680445\/2025_07_10+Ficha+PaulaFernandezLeon.jpg\/ef9e8602-5fe4-bc42-1d82-6b916fedfbf5?t=1752139154211\" width=\"1200\" height=\"855\" \/><\/a><\/p>\n<p>Ye una reorganizaci\u00f3n de la conseyer\u00eda empobinada a impulsar el cumplimientu del pactu &#8216;Asturies Educa&#8217;, robl\u00e1u colos sindicatos la selmana pasada, inform\u00f3&#8217;l Princip\u00e1u nun comunic\u00e1u.<\/p>\n<p style=\"text-align: center\"><a href=\"https:\/\/actualidad.asturias.es\/documents\/537115\/2680445\/2025_07_10+Ficha+DoloresBueno.jpg\/8a2d8da4-065f-3be3-fc68-31039f5d0c85?t=1752139154129\"><img loading=\"lazy\" decoding=\"async\" class=\"aligncenter size-large\" src=\"https:\/\/actualidad.asturias.es\/documents\/537115\/2680445\/2025_07_10+Ficha+DoloresBueno.jpg\/8a2d8da4-065f-3be3-fc68-31039f5d0c85?t=1752139154129\" width=\"1200\" height=\"855\" \/><\/a><\/p>\n<\/div>\n<p>&nbsp;<\/p>\n","protected":false},"excerpt":{"rendered":"<p>Ledo reorganiza la Conseyer\u00eda d&#8217;Educaci\u00f3n pa impulsar el pactu &#8216;Asturies Educa&#8217;. TPA Mar\u00eda Dolores Bueno y Paula Fern\u00e1ndez, nueves directores xenerales y Francisco Jos\u00e9 D\u00edaz, secretariu xeneral.<\/p>\n","protected":false},"author":117,"featured_media":0,"comment_status":"closed","ping_status":"open","sticky":false,"template":"","format":"standard","meta":{"footnotes":""},"categories":[132],"tags":[],"class_list":["post-52543","post","type-post","status-publish","format-standard","hentry","category-educastur"],"_links":{"self":[{"href":"https:\/\/edublog.educastur.es\/ixuxu\/wp-json\/wp\/v2\/posts\/52543","targetHints":{"allow":["GET"]}}],"collection":[{"href":"https:\/\/edublog.educastur.es\/ixuxu\/wp-json\/wp\/v2\/posts"}],"about":[{"href":"https:\/\/edublog.educastur.es\/ixuxu\/wp-json\/wp\/v2\/types\/post"}],"author":[{"embeddable":true,"href":"https:\/\/edublog.educastur.es\/ixuxu\/wp-json\/wp\/v2\/users\/117"}],"replies":[{"embeddable":true,"href":"https:\/\/edublog.educastur.es\/ixuxu\/wp-json\/wp\/v2\/comments?post=52543"}],"version-history":[{"count":3,"href":"https:\/\/edublog.educastur.es\/ixuxu\/wp-json\/wp\/v2\/posts\/52543\/revisions"}],"predecessor-version":[{"id":52546,"href":"https:\/\/edublog.educastur.es\/ixuxu\/wp-json\/wp\/v2\/posts\/52543\/revisions\/52546"}],"wp:attachment":[{"href":"https:\/\/edublog.educastur.es\/ixuxu\/wp-json\/wp\/v2\/media?parent=52543"}],"wp:term":[{"taxonomy":"category","embeddable":true,"href":"https:\/\/edublog.educastur.es\/ixuxu\/wp-json\/wp\/v2\/categories?post=52543"},{"taxonomy":"post_tag","embeddable":true,"href":"https:\/\/edublog.educastur.es\/ixuxu\/wp-json\/wp\/v2\/tags?post=52543"}],"curies":[{"name":"wp","href":"https:\/\/api.w.org\/{rel}","templated":true}]}}