{"id":52547,"date":"2025-07-10T19:37:53","date_gmt":"2025-07-10T17:37:53","guid":{"rendered":"https:\/\/edublog.educastur.es\/ixuxu\/?p=52547"},"modified":"2025-07-10T19:45:13","modified_gmt":"2025-07-10T17:45:13","slug":"noruega-lunicu-pais-nel-mundu-que-prohibio-oficialmente-la-deforestacion","status":"publish","type":"post","link":"https:\/\/edublog.educastur.es\/ixuxu\/2025\/07\/noruega-lunicu-pais-nel-mundu-que-prohibio-oficialmente-la-deforestacion\/","title":{"rendered":"Noruega, l&#8217;\u00fanicu pa\u00eds nel mundu que prohibi\u00f3 oficialmente la deforestaci\u00f3n"},"content":{"rendered":"<div class=\"xu06os2 x1ok221b\">\n<div class=\"html-div xdj266r x14z9mp xat24cr x1lziwak xexx8yu xyri2b x18d9i69 x1c1uobl\" data-ad-rendering-role=\"profile_name\">\n<ul>\n<li class=\"html-h3 x14z9mp xat24cr x1lziwak xexx8yu xyri2b x18d9i69 x1c1uobl x1vvkbs x1heor9g x1qlqyl8 x1pd3egz x1a2a7pz x1gslohp x1yc453h\"><span class=\"x1lliihq x6ikm8r x10wlt62 x1n2onr6\"><span class=\"xt0psk2\"><span class=\"xjp7ctv\"><a class=\"x1i10hfl xjbqb8w x1ejq31n x18oe1m7 x1sy0etr xstzfhl x972fbf x10w94by x1qhh985 x14e42zd x9f619 x1ypdohk xt0psk2 xe8uvvx xdj266r x14z9mp xat24cr x1lziwak xexx8yu xyri2b x18d9i69 x1c1uobl x16tdsg8 x1hl2dhg xggy1nq x1a2a7pz xkrqix3 x1sur9pj xzsf02u x1s688f\" role=\"link\" href=\"https:\/\/www.facebook.com\/hoyaprendioficial?__cft__[0]=AZUj3WhPaa-OmC16bL3vVURPeYRjw-JRjaF89LJIP0O1D2BP9Cli28pSZ4YlhgSO-Qad-MA-ndFoHpI-UsujXMmxfVxfTQbQEeGycmXFajms09VcdtF38fIaPSnJOQBcZpgvDI6MxXA6aOhyW_eaTM_WOcnRUM4EiND2J2ubpya2Zj3abnEdCEs3eXjjCF0dS4poMDuPQURV4h5JH2tAfDJGDrc6W4EmoptADcDvSo2gBA&amp;__tn__=-UC%2CP-y-R\"><strong class=\"html-strong xdj266r x14z9mp xat24cr x1lziwak xexx8yu xyri2b x18d9i69 x1c1uobl x1hl2dhg x16tdsg8 x1vvkbs x1s688f\"><span class=\"html-span xdj266r x14z9mp xat24cr x1lziwak xexx8yu xyri2b x18d9i69 x1c1uobl x1hl2dhg x16tdsg8 x1vvkbs\">Hoy Aprend\u00ed<\/span><\/strong><\/a><\/span><\/span><span class=\"html-span xdj266r x14z9mp xat24cr x1lziwak xexx8yu xyri2b x18d9i69 x1c1uobl x1hl2dhg x16tdsg8 x1vvkbs x1dor1uw x1n2onr6 xxymvpz\">\u00a0<\/span><\/span><\/li>\n<\/ul>\n<\/div>\n<\/div>\n<div class=\"html-div xdj266r x14z9mp xat24cr x1lziwak xexx8yu xyri2b x18d9i69 x1c1uobl x1q0g3np\" style=\"text-align: center\">\n<!-- iframe plugin v.6.0 wordpress.org\/plugins\/iframe\/ -->\n<iframe loading=\"lazy\" src=\"https:\/\/www.facebook.com\/plugins\/post.php?href=https%3A%2F%2Fwww.facebook.com%2Fhoyaprendioficial%2Fposts%2Fpfbid0iuC3cT2dTCVJixjm4tUeGiYdd5TNkViDppeNpWpWjo9PpGtpKTkpxTUWwZa6oHovl&#038;show_text=false&#038;width=500\" width=\"500\" height=\"498\" style=\"border:none;overflow:hidden\" scrolling=\"no\" frameborder=\"0\" allowfullscreen=\"true\" allow=\"autoplay; clipboard-write; encrypted-media; picture-in-picture; web-share\" 0=\"\/iframe\" class=\"iframe-class\"><\/iframe>\n<\/div>\n<div><\/div>\n<div class=\"html-div xdj266r x14z9mp xat24cr x1lziwak xexx8yu xyri2b x18d9i69 x1c1uobl\" dir=\"auto\">\n<div class=\"html-div xdj266r x14z9mp xat24cr x1lziwak xexx8yu xyri2b x18d9i69 x1c1uobl\" dir=\"auto\">\n<div class=\"html-div xdj266r x14z9mp xat24cr x1lziwak xexx8yu xyri2b x18d9i69 x1c1uobl\" data-ad-rendering-role=\"story_message\">\n<div class=\"x1l90r2v x1iorvi4 x1g0dm76 xpdmqnj\" data-ad-comet-preview=\"message\" data-ad-preview=\"message\">\n<div class=\"x78zum5 xdt5ytf xz62fqu x16ldp7u\">\n<div class=\"xu06os2 x1ok221b\">\n<div class=\"html-div xdj266r x14z9mp xat24cr x1lziwak xexx8yu xyri2b x18d9i69 x1c1uobl\">\n<div class=\"xdj266r x14z9mp xat24cr x1lziwak x1vvkbs x126k92a\"><\/div>\n<div class=\"x14z9mp xat24cr x1lziwak x1vvkbs xtlvy1s x126k92a\">\n<div dir=\"auto\">Noruega caltien la so posici\u00f3n como<span style=\"color: #008080\"><strong> l&#8217;\u00fanicu pa\u00eds nel mundu que prohibi\u00f3 oficialmente la deforestaci\u00f3n<\/strong> <\/span>y consid\u00e9rase un grave delitu, nes sos actividaes institucionales. Esta midida, implementada en 2018 al travi\u00e9s del Plan Nacional sobro Biodiversid\u00e1, establez que<strong><span style=\"color: #008080\"> la balta d&#8217;\u00e1rboles ye considerada un delitu dientro del territoriu noruegu<\/span><\/strong>. Am\u00e1s, el gobiernu dex\u00f3 de roblar contratos con empreses arreyaes na deforestaci\u00f3n y promovi\u00f3 inversiones empobinaes a amenorgar esti fen\u00f3menu n&#8217;otres partes del mundu.<\/div>\n<div dir=\"auto\"><!--more--><br \/>\nEl 7 de xunetu de 2025, el gobiernu noruegu anunci\u00f3 que va implementar partes clave del <a href=\"https:\/\/www.boe.es\/buscar\/doc.php?id=DOUE-L-2023-80809\"><strong>Reglamentu de Deforestaci\u00f3n de la Uni\u00f3n Europea (EUDR, poles sos sigles n&#8217;ingl\u00e9s)<\/strong> <\/a>como parte de los sos esfuerzos pa combatir el camb\u00e9u clim\u00e1ticu y prevenir la perda de biodiversid\u00e1.<\/div>\n<div dir=\"auto\"><\/div>\n<div dir=\"auto\">Esta decisi\u00f3n incl\u00fai la introducci\u00f3n de requisitos m\u00e1s estrictos pa productos con altu riesgu de contribuyir a la *deforestaci\u00f3n, como madera, caf\u00e9, cac\u00e1u, cauchu y aceite de palma. El ministru de Clima y Mediu Ambiente de Noruega, Andreas Bjelland Eriksen, destac\u00f3 que la conversi\u00f3n de montes en tierres agr\u00edcoles representa casi&#8217;l 90% de la deforestaci\u00f3n global, y enfatiz\u00f3 la importancia de que los consumidores puedan confiar en que los productos que merquen nun contrib\u00fain a la destrucci\u00f3n d&#8217;\u00e1rees naturales cr\u00edtiques.<\/div>\n<div dir=\"auto\"><\/div>\n<div dir=\"auto\">Am\u00e1s, Noruega decidi\u00f3 incorporar el Reglamentu de Deforestaci\u00f3n de la UE nel Alcuerdu del Espaciu Econ\u00f3micu Europ\u00e9u (EEE), lo que va garantizar que les partes relevantes del reglamentu aplicaranse en Noruega. Sicas\u00ed, dellos productos agr\u00edcoles como carne de res y soya, que nun t\u00e1n cubiertos pol EEE, nun van tar suxetos a esti reglamentu. El gobiernu noruegu ta considerando regulaciones nacionales pa estos productos.<span class=\"html-span xexx8yu xyri2b x18d9i69 x1c1uobl x1hl2dhg x16tdsg8 x1vvkbs x3nfvp2 x1j61x8r x1fcty0u xdj266r xat24cr xm2jcoa x1mpyi22 xxymvpz xlup9mm x1kky2od\"><img loading=\"lazy\" decoding=\"async\" class=\"xz74otr x15mokao x1ga7v0g x16uus16 xbiv7yw\" src=\"https:\/\/static.xx.fbcdn.net\/images\/emoji.php\/v9\/tdd\/1\/16\/1f9d0.png\" alt=\"\ud83e\uddd0\" width=\"16\" height=\"16\" \/><\/span> <span class=\"html-span xdj266r x14z9mp xat24cr x1lziwak xexx8yu xyri2b x18d9i69 x1c1uobl x1hl2dhg x16tdsg8 x1vvkbs\"><a class=\"x1i10hfl xjbqb8w x1ejq31n x18oe1m7 x1sy0etr xstzfhl x972fbf x10w94by x1qhh985 x14e42zd x9f619 x1ypdohk xt0psk2 xe8uvvx xdj266r x14z9mp xat24cr x1lziwak xexx8yu xyri2b x18d9i69 x1c1uobl x16tdsg8 x1hl2dhg xggy1nq x1a2a7pz xkrqix3 x1sur9pj x1fey0fg x1s688f\" role=\"link\" href=\"https:\/\/www.facebook.com\/hashtag\/hoyaprendi?__eep__=6&amp;__cft__[0]=AZUj3WhPaa-OmC16bL3vVURPeYRjw-JRjaF89LJIP0O1D2BP9Cli28pSZ4YlhgSO-Qad-MA-ndFoHpI-UsujXMmxfVxfTQbQEeGycmXFajms09VcdtF38fIaPSnJOQBcZpgvDI6MxXA6aOhyW_eaTM_WOcnRUM4EiND2J2ubpya2Zj3abnEdCEs3eXjjCF0dS4poMDuPQURV4h5JH2tAfDJGDrc6W4EmoptADcDvSo2gBA&amp;__tn__=*NK-y-R\">#hoyaprendi<\/a><\/span> <span class=\"html-span xdj266r x14z9mp xat24cr x1lziwak xexx8yu xyri2b x18d9i69 x1c1uobl x1hl2dhg x16tdsg8 x1vvkbs\"><a class=\"x1i10hfl xjbqb8w x1ejq31n x18oe1m7 x1sy0etr xstzfhl x972fbf x10w94by x1qhh985 x14e42zd x9f619 x1ypdohk xt0psk2 xe8uvvx xdj266r x14z9mp xat24cr x1lziwak xexx8yu xyri2b x18d9i69 x1c1uobl x16tdsg8 x1hl2dhg xggy1nq x1a2a7pz xkrqix3 x1sur9pj x1fey0fg x1s688f\" role=\"link\" href=\"https:\/\/www.facebook.com\/hashtag\/noruega?__eep__=6&amp;__cft__[0]=AZUj3WhPaa-OmC16bL3vVURPeYRjw-JRjaF89LJIP0O1D2BP9Cli28pSZ4YlhgSO-Qad-MA-ndFoHpI-UsujXMmxfVxfTQbQEeGycmXFajms09VcdtF38fIaPSnJOQBcZpgvDI6MxXA6aOhyW_eaTM_WOcnRUM4EiND2J2ubpya2Zj3abnEdCEs3eXjjCF0dS4poMDuPQURV4h5JH2tAfDJGDrc6W4EmoptADcDvSo2gBA&amp;__tn__=*NK-y-R\">#noruega<\/a><\/span> <span class=\"html-span xdj266r x14z9mp xat24cr x1lziwak xexx8yu xyri2b x18d9i69 x1c1uobl x1hl2dhg x16tdsg8 x1vvkbs\"><a class=\"x1i10hfl xjbqb8w x1ejq31n x18oe1m7 x1sy0etr xstzfhl x972fbf x10w94by x1qhh985 x14e42zd x9f619 x1ypdohk xt0psk2 xe8uvvx xdj266r x14z9mp xat24cr x1lziwak xexx8yu xyri2b x18d9i69 x1c1uobl x16tdsg8 x1hl2dhg xggy1nq x1a2a7pz xkrqix3 x1sur9pj x1fey0fg x1s688f\" role=\"link\" href=\"https:\/\/www.facebook.com\/hashtag\/arboles?__eep__=6&amp;__cft__[0]=AZUj3WhPaa-OmC16bL3vVURPeYRjw-JRjaF89LJIP0O1D2BP9Cli28pSZ4YlhgSO-Qad-MA-ndFoHpI-UsujXMmxfVxfTQbQEeGycmXFajms09VcdtF38fIaPSnJOQBcZpgvDI6MxXA6aOhyW_eaTM_WOcnRUM4EiND2J2ubpya2Zj3abnEdCEs3eXjjCF0dS4poMDuPQURV4h5JH2tAfDJGDrc6W4EmoptADcDvSo2gBA&amp;__tn__=*NK-y-R\">#arboles<\/a><\/span><\/div>\n<div dir=\"auto\" style=\"text-align: center\"><a href=\"https:\/\/www.ecologistasenaccion.org\/wp-content\/uploads\/2024\/05\/reglamento-europeo-deforestacion-guia.pdf\"><img loading=\"lazy\" decoding=\"async\" class=\"aligncenter\" src=\"https:\/\/www.ecologistasenaccion.org\/wp-content\/uploads\/2024\/07\/reglamento-europeo-sobre-deforestacion.jpg\" alt=\"\" width=\"575\" height=\"814\" \/><\/a><\/div>\n<\/div>\n<\/div>\n<\/div>\n<\/div>\n<\/div>\n<\/div>\n<\/div>\n<\/div>\n<p style=\"text-align: center\"><a href=\"https:\/\/www.ecologistasenaccion.org\/wp-content\/uploads\/2024\/05\/reglamento-europeo-deforestacion-guia.pdf\">Reglamentu (pdf)<\/a><\/p>\n<p><strong>Los montes apurren una gran varied\u00e1 de beneficios ambientales, econ\u00f3micos y sociales, incluy\u00edos la madera y los productos forestales distintos de la madera, y empresten servicios medioambientales esenciales para la humanid\u00e1, y\u00e1 que alluguen la mayor parte de la biodiversid\u00e1 terrestre del nuesu planeta.<\/strong><\/p>\n<p>Caltienen les funciones ecosist\u00e9micas, contrib\u00fain a la protecci\u00f3n del sistema clim\u00e1ticu, apurren aire llimpio y desempe\u00f1en un papel fundamental na purificaci\u00f3n de les ag\u00fces y los suelos, seg\u00fan na retenci\u00f3n y recarga d&#8217;agua. Los grandes montes act\u00faen como fonte de mugor y ayuden a prevenir la desertificaci\u00f3n de les rexones continentales.<\/p>\n<p>Am\u00e1s, los montes apurren sustentu ya ingresos aprosimao a un terciu de la poblaci\u00f3n mundial y la destrucci\u00f3n de montes tien graves consecuencies pa los medios de subsistencia de les poblaciones m\u00e1s vulnerables, incluy\u00edos los pueblos ind\u00edxenes y les comunidaes locales que dependen descomanadamente de los ecosistemes forestales.<\/p>\n<p>Coles mesmes, la\u00a0deforestaci\u00f3n y la degradaci\u00f3n forestal provoquen l&#8217;amenorgamientu de sumidorios esenciales de carbonu. La deforestaci\u00f3n y la degradaci\u00f3n forestal tami\u00e9n provoquen un aumentu de la probabilid\u00e1 de contactos ente animales monteses, animales de granxa y seres humanos, amont\u00e1ndose con ello&#8217;l riesgu d&#8217;espardimientu de nueves enfermedaes, epidemies y pandemies.<\/p>\n<p><strong>La deforestaci\u00f3n y la degradaci\u00f3n forestal t\u00e1n avanzando a un ritmu alarmante.<\/strong> La Organizaci\u00f3n de les Naciones Xun\u00edes pa l&#8217;Alimentaci\u00f3n y l&#8217;Agricultura (FAO) calcula qu&#8217;ente 1990 y 2020 perdi\u00e9ronse 420 millones d&#8217;hect\u00e1rees de monte en tol mundu (alredor del 10 % de los montes que queden nel mundu, lo qu&#8217;equival a una superficie mayor que la Uni\u00f3n Europea).<\/p>\n<p>La deforestaci\u00f3n y la degradaci\u00f3n forestal son, de la mesma, factores importantes del calentamientu global y perda de biodiversid\u00e1 nel mundu, los dos problemes medioambientales m\u00e1s importantes de la nuesa d\u00f3mina. <strong>El mundu, sicas\u00ed, sigui perdiendo cada a\u00f1u 10 millones d&#8217;hect\u00e1rees de monte.<\/strong> Los montes tami\u00e9n se ven gravemente afectaos pol camb\u00e9u clim\u00e1ticu, y vase a tener que faer frente a munchos retos pa garantizar la so adaptabilid\u00e1 y resiliencia nes pr\u00f3ximes d\u00e9cades.<\/p>\n<p>La crisis clim\u00e1tica provoca la perda de biodiversid\u00e1 a nivel mundial, y la perda de biodiversid\u00e1, de la mesma, agrava&#8217;l camb\u00e9u clim\u00e1ticu, polo que dambos fen\u00f3menos t\u00e1n estrechamente amestaos, como lo confirmen estudios reci\u00e9n.<\/p>\n<p>El consumu de la Uni\u00f3n Europea ye un factor por dem\u00e1s importante de la deforestaci\u00f3n y degradaci\u00f3n forestal en tol mundu. La evaluaci\u00f3n d&#8217;impactu del presente Reglamentu envalor\u00f3 que, ensin una intervenci\u00f3n reguladora fayadiza, el consumu y<strong> la producci\u00f3n na Uni\u00f3n Europea, por s\u00ed solos, de seis materies primes (gan\u00e1u bovino, cac\u00e1u, caf\u00e9, palma aceitera, soya y madera) fadr\u00eden que d&#8217;equ\u00ed a 2030 la deforestaci\u00f3n aumentara aprosimao 248.000 hect\u00e1rees cada a\u00f1u.<\/strong><\/p>\n<p>El Parlamentu Europ\u00e9u destac\u00f3 que la destrucci\u00f3n, degradaci\u00f3n y conversi\u00f3n continues de los montes y ecosistemes naturales del mundu, seg\u00fan les violaciones de los derechos humanos, t\u00e1n rellacionaes, en gran midida, cola espansi\u00f3n de la producci\u00f3n agrariasobremanera, la conversi\u00f3n de los montes sotierres agraries dedicaes a la producci\u00f3n d&#8217;una serie de materies primes y productos de gran demanda.<\/p>\n<p><strong>Les materies primes suxetes al presente reglamentu son, nesti momentu, la soya, l&#8217;aceite de palma, el cac\u00e1u, el caf\u00e9, el cauchu, la madera, y el gan\u00e1u bovino, seg\u00fan tolos sos productos derivaos.<\/strong> Nel futuru podr\u00e1n incorporase otres materies primes y ecosistemes naturales suxetos a degradaci\u00f3n ambiental, conforme prod\u00fazanse les revisiones del reglamentu.<\/p>\n<div class=\"field field-name-field-documentos field-type-file field-label-above\">\n<div class=\"field-label\"><\/div>\n<div class=\"field-items\">\n<div class=\"field-item even\"><span class=\"file\"><img decoding=\"async\" class=\"file-icon\" title=\"application\/pdf\" src=\"https:\/\/ieeb.fundacion-biodiversidad.es\/modules\/file\/icons\/application-pdf.png\" alt=\"PDF icon\" \/> <a href=\"https:\/\/ieeb.fundacion-biodiversidad.es\/sites\/default\/files\/infografia_eudr_vf_0.pdf\" target=\"_blank\" rel=\"noopener noreferrer\">Infografia_EUDR_vf.pdf<\/a><\/span><\/div>\n<\/div>\n<\/div>\n<div class=\"field field-name-field-fotograf-a field-type-image field-label-above\">\n<div class=\"field-label\">Fotograf\u00eda:<\/div>\n<div class=\"field-items\">\n<div class=\"field-item even\"><img loading=\"lazy\" decoding=\"async\" class=\"\" src=\"https:\/\/ieeb.fundacion-biodiversidad.es\/sites\/default\/files\/styles\/large\/public\/infogragia_eudr.jpeg?itok=PQVZpYQH\" alt=\"\" width=\"158\" height=\"110\" \/><\/div>\n<\/div>\n<\/div>\n<div class=\"field field-name-field-tipo-de-documentacion field-type-taxonomy-term-reference field-label-above\">\n<div class=\"field-label\">\n<p>Esta infograf\u00eda desarrollada por la Subdirecci\u00f3n General de Pol\u00edtica Forestal y Lucha contra la Desertificaci\u00f3n de la Direcci\u00f3n General de Biodiversidad, Bosques y Desertificaci\u00f3n del MITECO y\u00a0la Iniciativa Espa\u00f1ola Empresa y Biodiversidad,\u00a0con la\u00a0 colaboraci\u00f3n de Preferred by Nature, recoge un resumen de informaci\u00f3n clave\u00a0sobre las implicaciones que tiene para los actores de las cadenas de suministro de las materias primas afectadas por\u00a0el nuevo Reglamento de lucha contra la deforestaci\u00f3n y la degradaci\u00f3n ambiental (<em>EUDR<\/em>, por sus siglas en ingl\u00e9s).<\/p>\n<p><a href=\"https:\/\/ieeb.fundacion-biodiversidad.es\/sites\/default\/files\/infografia_eudr_vf_0.pdf\" target=\"_blank\" rel=\"noopener noreferrer\"><strong>DESCARGA LA INFOGRAF\u00cdA<\/strong><\/a><\/p>\n<\/div>\n<\/div>\n","protected":false},"excerpt":{"rendered":"<p>Hoy Aprend\u00ed\u00a0 Noruega caltien la so posici\u00f3n como l&#8217;\u00fanicu pa\u00eds nel mundu que prohibi\u00f3 oficialmente la deforestaci\u00f3n y consid\u00e9rase un grave delitu, nes sos actividaes institucionales. Esta midida, implementada en 2018 al travi\u00e9s del Plan Nacional sobro Biodiversid\u00e1, establez que la balta d&#8217;\u00e1rboles ye considerada un delitu dientro del territoriu noruegu. Am\u00e1s, el gobiernu dex\u00f3 [&hellip;]<\/p>\n","protected":false},"author":117,"featured_media":0,"comment_status":"closed","ping_status":"open","sticky":false,"template":"","format":"standard","meta":{"footnotes":""},"categories":[221],"tags":[],"class_list":["post-52547","post","type-post","status-publish","format-standard","hentry","category-mediu-ambiente"],"_links":{"self":[{"href":"https:\/\/edublog.educastur.es\/ixuxu\/wp-json\/wp\/v2\/posts\/52547","targetHints":{"allow":["GET"]}}],"collection":[{"href":"https:\/\/edublog.educastur.es\/ixuxu\/wp-json\/wp\/v2\/posts"}],"about":[{"href":"https:\/\/edublog.educastur.es\/ixuxu\/wp-json\/wp\/v2\/types\/post"}],"author":[{"embeddable":true,"href":"https:\/\/edublog.educastur.es\/ixuxu\/wp-json\/wp\/v2\/users\/117"}],"replies":[{"embeddable":true,"href":"https:\/\/edublog.educastur.es\/ixuxu\/wp-json\/wp\/v2\/comments?post=52547"}],"version-history":[{"count":6,"href":"https:\/\/edublog.educastur.es\/ixuxu\/wp-json\/wp\/v2\/posts\/52547\/revisions"}],"predecessor-version":[{"id":52553,"href":"https:\/\/edublog.educastur.es\/ixuxu\/wp-json\/wp\/v2\/posts\/52547\/revisions\/52553"}],"wp:attachment":[{"href":"https:\/\/edublog.educastur.es\/ixuxu\/wp-json\/wp\/v2\/media?parent=52547"}],"wp:term":[{"taxonomy":"category","embeddable":true,"href":"https:\/\/edublog.educastur.es\/ixuxu\/wp-json\/wp\/v2\/categories?post=52547"},{"taxonomy":"post_tag","embeddable":true,"href":"https:\/\/edublog.educastur.es\/ixuxu\/wp-json\/wp\/v2\/tags?post=52547"}],"curies":[{"name":"wp","href":"https:\/\/api.w.org\/{rel}","templated":true}]}}