{"id":52614,"date":"2025-07-10T21:48:42","date_gmt":"2025-07-10T19:48:42","guid":{"rendered":"https:\/\/edublog.educastur.es\/ixuxu\/?p=52614"},"modified":"2025-07-10T22:13:13","modified_gmt":"2025-07-10T20:13:13","slug":"podofobia-fobia-por-ver-tocar-imaxinar-o-falar-de-los-pies","status":"publish","type":"post","link":"https:\/\/edublog.educastur.es\/ixuxu\/2025\/07\/podofobia-fobia-por-ver-tocar-imaxinar-o-falar-de-los-pies\/","title":{"rendered":"\u00abPODOfobia\u00bb: fobia por ver, tocar, imaxinar o falar de los pies"},"content":{"rendered":"<p style=\"text-align: center\"><span style=\"font-size: 28px\"><em>Pod\u00f3fobo:<br \/>\n<strong><span style=\"text-decoration: underline\"><span style=\"color: #008080;text-decoration: underline\">\u00a1NON\u00a0 ME\u00a0 TOQUES\u00a0 LOS\u00a0 PIES!<\/span><\/span><\/strong><\/em><\/span><\/p>\n<p style=\"text-align: center\"><a href=\"https:\/\/www.podoactiva.com\/wp-content\/uploads\/imagenes\/blogg_4.jpg\"><br \/>\n<img loading=\"lazy\" decoding=\"async\" class=\"aligncenter size-large\" src=\"https:\/\/www.podoactiva.com\/wp-content\/uploads\/imagenes\/blogg_4.jpg\" width=\"848\" height=\"423\" \/><\/a><\/p>\n<p style=\"text-align: center\"><span style=\"text-decoration: underline\"><span style=\"color: #808080;text-decoration: underline\"><em><span style=\"font-size: 24px\">Podofobia. Mieu y refugu a los pies<\/span><\/em><\/span><\/span><\/p>\n<ul>\n<li><span style=\"font-size: 20px\"><strong><span style=\"color: #008080\">Ye&#8217;l mieu o antipat\u00eda que se siente escontra una parte concreta del cuerpu: los pies.<\/span> <\/strong><\/span><\/li>\n<li><span style=\"font-size: 20px\">Esti sentimientu xenera sensaciones como<strong><span style=\"color: #008080\"> l&#8217;ascu, antipat\u00eda o repulsi\u00f3n escontra ellos.<\/span> <\/strong><\/span><\/li>\n<li><span style=\"font-size: 20px\">Produzse por ver o tocar los pies menos guapos tocantes a est\u00e9tica o desdexaos, si non que se caltien escontra los mesmos pies o inclusive a unos sanos y bien cuid\u00e1os.<\/span><\/li>\n<li><span style=\"font-size: 20px\"><span style=\"color: #008080\"><strong>Nun hai una sola causa que xustifique<\/strong><\/span> esta fobia. Pueden ser munches les causes psicol\u00f3xiques, xen\u00e9tiques, traum\u00e1tiques o inclusive tener dalg\u00fan complexu con esta parte del cuerpu.<\/span><\/li>\n<\/ul>\n<p><!--more--><\/p>\n<p><span style=\"font-size: 16px\">Anque sabemos que los pies nun son da\u00f1ibles o peligrosos un paciente con podofobia puede llegar a desenvolver:<\/span><\/p>\n<ul>\n<li><span style=\"font-size: 20px\"><strong><span style=\"color: #008080\">S\u00edntomes<\/span><\/strong> <span style=\"color: #008080\">como ansied\u00e1, opresi\u00f3n nel pechu, dificult\u00e1 pa respirar\/alendar, estomagaes y n\u00e1usees, sudoraci\u00f3n, temblones, p\u00e1nicu, mareos, desmayos, esmorecimientu&#8230;<\/span><\/span><\/li>\n<li><span style=\"font-size: 20px\">Los s\u00edntomes m\u00e1s frecuentes cola podofobia son el<span style=\"color: #008080\"><strong> refugu a tocar, ver o imaxinar esta parte del cuerpu<\/strong><\/span>, y\u00e1 s\u00edan pies ayenos o propios. <\/span><\/li>\n<li><span style=\"font-size: 20px\">Ye una fobia <strong>mui malo de llevar<\/strong> porque los pies son un elementu que formen parte del cuerpu humanu, y por desgracia non podemos desfacenos d&#8217;ellos.<\/span><\/li>\n<li><span style=\"font-size: 20px\">Tampocu podemos evitar <strong>velos en llugares p\u00fablicos<\/strong> onde hai persones descalces como en piscines, sableres, duches de los ximnasios, etc.<\/span><\/li>\n<\/ul>\n<p style=\"text-align: center\"><a href=\"https:\/\/www.65ymas.com\/uploads\/s1\/56\/81\/04\/bigstock-embarrassede-fmale-hiding-her-39201901_6_928x621.jpeg\"><img loading=\"lazy\" decoding=\"async\" class=\"aligncenter size-large\" src=\"https:\/\/www.65ymas.com\/uploads\/s1\/56\/81\/04\/bigstock-embarrassede-fmale-hiding-her-39201901_6_928x621.jpeg\" width=\"928\" height=\"621\" \/><\/a><\/p>\n<p style=\"text-align: center\"><span style=\"text-decoration: underline;font-size: 20px\"><span style=\"color: #008080;text-decoration: underline\"><strong>Posibles causes:<\/strong><\/span><\/span><\/p>\n<p style=\"text-align: center\"><span style=\"font-size: 20px\"><strong>\u2022 TRAUMAS:<\/strong> Esperiencies traum\u00e1tiques rellacionaes colos pies.<\/span><br \/>\n<span style=\"font-size: 20px\"><strong>\u2022 COMPLEXOS:<\/strong> Complexos o inseguridaes sobro los mesmos pies.<\/span><br \/>\n<span style=\"font-size: 20px\">\u2022 <strong>ENFERMEDAES:<\/strong> Factores psicol\u00f3xicos, xen\u00e9ticos o hereditarios.<\/span><\/p>\n<p style=\"text-align: center\"><a href=\"https:\/\/www.podoactiva.com\/wp-content\/uploads\/imagenes\/bloggg_0.jpg\"><img loading=\"lazy\" decoding=\"async\" class=\"aligncenter size-large\" src=\"https:\/\/www.podoactiva.com\/wp-content\/uploads\/imagenes\/bloggg_0.jpg\" width=\"778\" height=\"423\" \/><\/a><\/p>\n<p style=\"text-align: center\"><span style=\"font-size: 24px;color: #008080\"><strong>\u00bfPuede tratase? TRATAMIENTU:<\/strong><\/span><\/p>\n<p>&nbsp;<\/p>\n<ul>\n<li><span style=\"font-size: 20px\">A nivel podol\u00f3xicu <span style=\"color: #008080\"><strong>ye dif\u00edcil qu&#8217;un paciente podof\u00f3bicu allegue a consulta<\/strong><\/span>, am\u00e1s poles causes qu&#8217;espresemos enantes por que un pod\u00f3logu va esaminar los sos pies minuciosamente, pero am\u00e1s el contactu del profesional colos sos pies lo m\u00e1s probable ye que-y xenere una repulsi\u00f3n absoluta.<\/span><\/li>\n<li><span style=\"font-size: 20px\">Para poder tratar esti problema <strong>ye bien importante buscar ayuda m\u00e9dica para solucionalo y superalo lo antes posible.<\/strong><\/span><\/li>\n<li><span style=\"font-size: 20px\">En dellos casos, <strong>pue volvese tan grave qu&#8217;acomu\u00f1a la muerte colos pies<\/strong>. Pue afectar gravemente a la vida diaria, retir\u00e1ndose de les interacciones sociales y afectando a toles relaciones.\u00a0<\/span><\/li>\n<\/ul>\n<p><span style=\"font-size: 20px\">\u2022 <strong><span style=\"color: #008080\">La terapia cognitivu-conductual (TCC)<\/span><\/strong> ye un enfoque com\u00fan pa tratar les fobies, ayudando al paciente a encarar los sos mieos gradualmente.<\/span><br \/>\n<span style=\"font-size: 20px\">\u2022 En dellos casos, pueden utilizase <strong><span style=\"color: #008080\">t\u00e9cniques d&#8217;esposici\u00f3n gradual,<\/span><\/strong> onde&#8217;l paciente esp\u00f3nse progresivamente a est\u00edmulos rellacionaos colos pies.<\/span><\/p>\n<p><span style=\"font-size: 20px\">\u2022 <strong><span style=\"color: #008080\">La medicaci\u00f3n, como ansiol\u00edticos o antidepresivos<\/span><\/strong>, pue ser \u00fatil en dellos casos, especialmente <span style=\"text-decoration: underline\">si la podofobia ta acompa\u00f1ada d&#8217;otros problemes de sal\u00fa mental.<\/span><\/span><\/p>\n<p><span style=\"font-size: 20px\">\u2022 Ye importante <strong><span style=\"color: #008080\">buscar ayuda profesional<\/span><\/strong> si la podofobia interfier significativamente na vida diaria del paciente.<\/span><\/p>\n<p style=\"text-align: center\"><span style=\"text-decoration: underline\"><span style=\"font-size: 20px;color: #008080;text-decoration: underline\">Ante una fobia qu&#8217;interfier cola vida diaria,<strong><br \/>\nye importante buscar atenci\u00f3n m\u00e9dica.<\/strong><\/span><\/span><\/p>\n<ul>\n<li><span style=\"font-size: 20px;color: #808080\">La mayor\u00eda de los terapeutas encamienten <strong>una desensibilizaci\u00f3n gradual<\/strong> pa superar el mieu a los pies. Esto implica <strong>esponese amodo a imaxes o imaxes de pies.<\/strong> Depu\u00e9s puedes <strong>tocar los pies o dexar qu&#8217;otres persones t\u00f3quente los pies.<\/strong><\/span><\/li>\n<li><span style=\"font-size: 20px;color: #808080\">Inclusive a les persones que tienen mieu de los sos propios pies encami\u00e9ntase-yos sometese a pedicuras peri\u00f3diques. Esto pue ayudar a racionalizar el so mieu a los pies.<\/span><\/li>\n<li><span style=\"font-size: 20px;color: #808080\">La <strong>hipnoterapia<\/strong> puede ayudar a enfusar nos pensamientos del paciente y afayar los raiga\u00f1os de la fobia. Esto pue ayudar a sentite m\u00e1s c\u00f3modu colos tos pies al enfrentar el to mieu.<\/span><\/li>\n<li><span style=\"font-size: 20px;color: #808080\">Como parte de la terapia, <strong>tami\u00e9n se receten melecines y meditaci\u00f3n<\/strong> p&#8217;amenorgar l&#8217;ansied\u00e1 provocada pola podofobia.<strong> Y lleer llibros d&#8217;autoayuda&#8230;<\/strong><\/span><\/li>\n<\/ul>\n<p>&nbsp;<\/p>\n<p style=\"text-align: center\"><a href=\"https:\/\/elisasalguero.wordpress.com\/wp-content\/uploads\/2013\/07\/podofobia.jpg\"><img loading=\"lazy\" decoding=\"async\" class=\"aligncenter size-large\" src=\"https:\/\/elisasalguero.wordpress.com\/wp-content\/uploads\/2013\/07\/podofobia.jpg\" width=\"2109\" height=\"1219\" \/><\/a><\/p>\n<blockquote>\n<p style=\"text-align: center\"><span style=\"color: #800000;font-size: 24px\">CONSEYU:<strong> Si ten\u00e9is dalg\u00fan conoc\u00edu<br \/>\ncon esta fobia,<\/strong><br \/>\n<strong> nun se vos ocurra regala-y un vale<\/strong><br \/>\n<strong> pa una sesi\u00f3n d&#8217;ictioterapia<br \/>\no terapia con pexes.<\/strong><\/span><\/p>\n<\/blockquote>\n<p style=\"text-align: center\"><a href=\"https:\/\/www.podoactiva.com\/wp-content\/uploads\/imagenes\/ictioterapia_1.jpg\"><img loading=\"lazy\" decoding=\"async\" class=\"aligncenter size-large\" src=\"https:\/\/www.podoactiva.com\/wp-content\/uploads\/imagenes\/ictioterapia_1.jpg\" width=\"1180\" height=\"664\" \/><\/a><\/p>\n<p style=\"text-align: center\"><span style=\"font-size: 20px;color: #808080\"><em>Somorguiar los pies nun pequenu tanque d&#8217;agua,<br \/>\nonde <strong>unos pexes llamaos \u201cGarra Ablonda\u201d<\/strong><br \/>\n<strong>llimpien y exfolien les c\u00e9lules muertes<\/strong><br \/>\n<strong>de la piel de los pies.<\/strong><\/em><\/span><\/p>\n<p style=\"text-align: center\">\n","protected":false},"excerpt":{"rendered":"<p>Pod\u00f3fobo: \u00a1NON\u00a0 ME\u00a0 TOQUES\u00a0 LOS\u00a0 PIES! Podofobia. Mieu y refugu a los pies Ye&#8217;l mieu o antipat\u00eda que se siente escontra una parte concreta del cuerpu: los pies. Esti sentimientu xenera sensaciones como l&#8217;ascu, antipat\u00eda o repulsi\u00f3n escontra ellos. Produzse por ver o tocar los pies menos guapos tocantes a est\u00e9tica o desdexaos, si non [&hellip;]<\/p>\n","protected":false},"author":117,"featured_media":0,"comment_status":"closed","ping_status":"open","sticky":false,"template":"","format":"standard","meta":{"footnotes":""},"categories":[460,48,1],"tags":[],"class_list":["post-52614","post","type-post","status-publish","format-standard","hentry","category-fobies","category-salu","category-sin-categoria"],"_links":{"self":[{"href":"https:\/\/edublog.educastur.es\/ixuxu\/wp-json\/wp\/v2\/posts\/52614","targetHints":{"allow":["GET"]}}],"collection":[{"href":"https:\/\/edublog.educastur.es\/ixuxu\/wp-json\/wp\/v2\/posts"}],"about":[{"href":"https:\/\/edublog.educastur.es\/ixuxu\/wp-json\/wp\/v2\/types\/post"}],"author":[{"embeddable":true,"href":"https:\/\/edublog.educastur.es\/ixuxu\/wp-json\/wp\/v2\/users\/117"}],"replies":[{"embeddable":true,"href":"https:\/\/edublog.educastur.es\/ixuxu\/wp-json\/wp\/v2\/comments?post=52614"}],"version-history":[{"count":14,"href":"https:\/\/edublog.educastur.es\/ixuxu\/wp-json\/wp\/v2\/posts\/52614\/revisions"}],"predecessor-version":[{"id":52628,"href":"https:\/\/edublog.educastur.es\/ixuxu\/wp-json\/wp\/v2\/posts\/52614\/revisions\/52628"}],"wp:attachment":[{"href":"https:\/\/edublog.educastur.es\/ixuxu\/wp-json\/wp\/v2\/media?parent=52614"}],"wp:term":[{"taxonomy":"category","embeddable":true,"href":"https:\/\/edublog.educastur.es\/ixuxu\/wp-json\/wp\/v2\/categories?post=52614"},{"taxonomy":"post_tag","embeddable":true,"href":"https:\/\/edublog.educastur.es\/ixuxu\/wp-json\/wp\/v2\/tags?post=52614"}],"curies":[{"name":"wp","href":"https:\/\/api.w.org\/{rel}","templated":true}]}}