{"id":52650,"date":"2025-07-10T20:24:54","date_gmt":"2025-07-10T18:24:54","guid":{"rendered":"https:\/\/edublog.educastur.es\/ixuxu\/?p=52650"},"modified":"2025-07-11T20:29:03","modified_gmt":"2025-07-11T18:29:03","slug":"toos-somos-les-6-de-la-suiza","status":"publish","type":"post","link":"https:\/\/edublog.educastur.es\/ixuxu\/2025\/07\/toos-somos-les-6-de-la-suiza\/","title":{"rendered":"Toos somos \u00abLes 6 de la Suiza\u00bb."},"content":{"rendered":"<p class=\"_ap3a _aaco _aacu _aacx _aad7 _aade\" dir=\"auto\">Les <a class=\"x1i10hfl xjbqb8w x1ejq31n x18oe1m7 x1sy0etr xstzfhl x972fbf x10w94by x1qhh985 x14e42zd x9f619 x1ypdohk xt0psk2 xe8uvvx xdj266r x14z9mp xat24cr x1lziwak xexx8yu xyri2b x18d9i69 x1c1uobl x16tdsg8 x1hl2dhg xggy1nq x1a2a7pz notranslate _a6hd\" role=\"link\" href=\"https:\/\/www.instagram.com\/6delasuiza\/\">@6delasuiza<\/a> nun ten\u00eden que tar onde t\u00e1n nin pasar por esto!<\/p>\n<p dir=\"auto\" style=\"text-align: center\"><span class=\"html-span xexx8yu x4uap5 x18d9i69 xkhd6sd x1hl2dhg x16tdsg8 x1vvkbs x3nfvp2 x1j61x8r x1fcty0u xdj266r xat24cr xgzva0m xhhsvwb xxymvpz xlup9mm x1kky2od\">\n<!-- iframe plugin v.6.0 wordpress.org\/plugins\/iframe\/ -->\n<iframe loading=\"lazy\" src=\"https:\/\/www.instagram.com\/reel\/DL6zOjYMP31\/embed\" width=\"460\" height=\"620\" 0=\"\/iframe\" scrolling=\"yes\" class=\"iframe-class\" frameborder=\"0\"><\/iframe>\n<\/span><\/p>\n<p dir=\"auto\"><!--more--><\/p>\n<div class=\"td-post-header td-container\">\n<div class=\"td-post-header-holder td-image-gradient\">\n<header class=\"td-post-title\">\n<p class=\"entry-title\" style=\"text-align: center\"><span style=\"color: #008080\"><strong><em>Les 6 de La Suiza entren finalmente a prisi\u00f3n<br \/>\npor facer sindicalismu.<\/em><\/strong><\/span><\/p>\n<div class=\"td-module-meta-info\">\n<div class=\"td-post-author-name\"><\/div>\n<\/div>\n<\/header>\n<\/div>\n<\/div>\n<div class=\"td-container\">\n<div class=\"td-pb-row\">\n<div class=\"td-pb-span8 td-main-content\" role=\"main\">\n<div class=\"td-ss-main-content\">\n<div class=\"td-post-content tagdiv-type\">\n<div><i>Les 6 sindicalistes de la CNT condenaes pol casu de La Suiza deciden ingresar voluntariamente en Villabona, seg\u00fan dicta la sentencia que les condena a 3 a\u00f1os y mediu de c\u00e1rcel, anque siguen llamando a la protesta<\/i><\/div>\n<div><i>\u00a0<\/i><\/div>\n<div>El Xulg\u00e1u de lo Penal n\u00ba1 de Xix\u00f3n dictaba esti mi\u00e9rcoles la orde de detenci\u00f3n de les 6 cenetistes imputaes pol famosu casu de la Pasteler\u00eda La Suiza. El delitu foi defender los derechos d\u2019una compa\u00f1era sobre la que la xerencia de la Pasteler\u00eda La Suiza exerc\u00eda acosu y abusos llaborales, tando am\u00e1s embaranzada. Cuando van 8 a\u00f1os desque s\u2019aniciare\u2019l conflictu y \u00e9nte la orde d\u2019arrestu inmediatu dictada pol xulg\u00e1u, g\u00fcei xueves 10 de xunetu de 2025, les 6 condenaes por facer sindicalismu ingresaben voluntaria y pac\u00edficamente na prisi\u00f3n de Villabona, nun xestu qu\u2019evita les detenciones a pie de cai y un mayor trauma pal so entornu. Les 6 cuerren peligru de cumplir hasta a 3 a\u00f1os y mediu por delitos de coacci\u00f3n continuada, nun casu ampar\u00e1u pola famosa Llei Mordaza. Esta decisi\u00f3n del xulg\u00e1u asienta un precedente mui peligrosu que fai peligrar tol trabayu sindical escontra la defensa de los derechos llaborales y de llibre asociaci\u00f3n, non s\u00f3lo de la propia xente sindicalista, sinon de tola ciudadan\u00eda.<\/div>\n<div><\/div>\n<div>El Xulg\u00e1u, na mesma llinia de servilismu pa cola patronal que vieno siguiendo mientres tou\u2019l procesu, dict\u00f3 ayeri mi\u00e9rcoles autu de detenci\u00f3n inmediata. Nun s\u2019esper\u00f3 pa esta acci\u00f3n pola resoluci\u00f3n de la petici\u00f3n d\u2019indultu apoyada pola mayor\u00eda social asturiana, tolos sindicatos de clase del est\u00e1u, el Gobiernu asturianu y el propiu Ministeriu de Trabayu d\u2019Espa\u00f1a. Tampoco quiso\u2019l Xulg\u00e1u xixon\u00e9s dar tiempu al pronunciamientu del Tribunal Europ\u00e9u de Derechos Humanos, que tov\u00eda t\u00e1 en procesu de considerar el recursu de revisi\u00f3n del casu present\u00e1u pola defensa.<\/div>\n<div><\/div>\n<h3>Un cap\u00edtulu nuevu, pero non un final<\/h3>\n<div>La noticia del ingresu en prisi\u00f3n amuesa la capacid\u00e1 de represi\u00f3n de la patronal a comu\u00f1a col sistema de xusticia que l\u2019ampara. Pero\u2019l percorr\u00edu d\u2019esti drama llaboral, que trai en fierros al movimientu obreru y a la socied\u00e1 asturiana dende hai y\u00e1 8 a\u00f1os, nun acaba col encarcelamientu de les 6 de La Suiza, sinon qu\u2019\u00e1brese una nueva etapa del mesmu.<\/div>\n<div><\/div>\n<div>Nin un d\u00eda tardaron en convocase <b>nueves movilizaciones <\/b>pa <b><a href=\"https:\/\/6delasuiza.info\/\">sofitar la llucha de les 6 de La Suiza<\/a><\/b>.La primera, esta mesma tarde del xueves na <b>Plaza<\/b><b>\u2018l\u00a0Conceyu\u00a0de Xix\u00f3n a les 19.30 <\/b>y siguiendo ma\u00f1ana vienres cola convocada en Lli\u00f3n a les 12.00 \u00e9nte la Subdelegaci\u00f3n de Gobiernu. Miembros de la CNT y d\u2019otros sindicatos mayoritarios afirmen que les movilizaciones van siguir hasta que s\u2019indulte a les 6 compa\u00f1eres encarcelaes.<\/div>\n<\/div>\n<\/div>\n<\/div>\n<\/div>\n<\/div>\n","protected":false},"excerpt":{"rendered":"<p>Les @6delasuiza nun ten\u00eden que tar onde t\u00e1n nin pasar por esto!<\/p>\n","protected":false},"author":117,"featured_media":0,"comment_status":"closed","ping_status":"open","sticky":false,"template":"","format":"standard","meta":{"footnotes":""},"categories":[1],"tags":[],"class_list":["post-52650","post","type-post","status-publish","format-standard","hentry","category-sin-categoria"],"_links":{"self":[{"href":"https:\/\/edublog.educastur.es\/ixuxu\/wp-json\/wp\/v2\/posts\/52650","targetHints":{"allow":["GET"]}}],"collection":[{"href":"https:\/\/edublog.educastur.es\/ixuxu\/wp-json\/wp\/v2\/posts"}],"about":[{"href":"https:\/\/edublog.educastur.es\/ixuxu\/wp-json\/wp\/v2\/types\/post"}],"author":[{"embeddable":true,"href":"https:\/\/edublog.educastur.es\/ixuxu\/wp-json\/wp\/v2\/users\/117"}],"replies":[{"embeddable":true,"href":"https:\/\/edublog.educastur.es\/ixuxu\/wp-json\/wp\/v2\/comments?post=52650"}],"version-history":[{"count":4,"href":"https:\/\/edublog.educastur.es\/ixuxu\/wp-json\/wp\/v2\/posts\/52650\/revisions"}],"predecessor-version":[{"id":52656,"href":"https:\/\/edublog.educastur.es\/ixuxu\/wp-json\/wp\/v2\/posts\/52650\/revisions\/52656"}],"wp:attachment":[{"href":"https:\/\/edublog.educastur.es\/ixuxu\/wp-json\/wp\/v2\/media?parent=52650"}],"wp:term":[{"taxonomy":"category","embeddable":true,"href":"https:\/\/edublog.educastur.es\/ixuxu\/wp-json\/wp\/v2\/categories?post=52650"},{"taxonomy":"post_tag","embeddable":true,"href":"https:\/\/edublog.educastur.es\/ixuxu\/wp-json\/wp\/v2\/tags?post=52650"}],"curies":[{"name":"wp","href":"https:\/\/api.w.org\/{rel}","templated":true}]}}