{"id":52658,"date":"2025-07-11T20:35:57","date_gmt":"2025-07-11T18:35:57","guid":{"rendered":"https:\/\/edublog.educastur.es\/ixuxu\/?p=52658"},"modified":"2025-07-11T20:35:57","modified_gmt":"2025-07-11T18:35:57","slug":"asturies-medra-en-poblacion-tres-anos-siguios","status":"publish","type":"post","link":"https:\/\/edublog.educastur.es\/ixuxu\/2025\/07\/asturies-medra-en-poblacion-tres-anos-siguios\/","title":{"rendered":"Asturies medra en poblaci\u00f3n tres a\u00f1os sigu\u00edos"},"content":{"rendered":"<div class=\"td-post-header td-container\">\n<div class=\"td-post-header-holder td-image-gradient\">\n<header class=\"td-post-title\">\n<h1 class=\"entry-title\" style=\"text-align: center\"><a href=\"https:\/\/s2.ppllstatics.com\/elcomercio\/www\/multimedia\/2024\/12\/20\/Mapa%20Desnsidad%20de%20POBLACION%202024-krL-U2303522642437hC-2000x840@El%20Comercio.jpg\"><img loading=\"lazy\" decoding=\"async\" class=\"aligncenter size-large\" src=\"https:\/\/s2.ppllstatics.com\/elcomercio\/www\/multimedia\/2024\/12\/20\/Mapa%20Desnsidad%20de%20POBLACION%202024-krL-U2303522642437hC-2000x840@El%20Comercio.jpg\" width=\"1934\" height=\"840\" \/><\/a><\/h1>\n<div class=\"td-module-meta-info\">\n<div class=\"td-post-author-name\">\n<ul>\n<li class=\"td-author-by\"><a href=\"https:\/\/actualidad.asturias.es\/-\/asturias-encadena-tres-a%C3%B1os-de-crecimiento-demogr%C3%A1fico-y-alcanza-un-r%C3%A9cord-hist%C3%B3rico-un-saldo-migratorio-positivo-de-13.000-personas-en-2024?redirect=%2F\">Actualid\u00e1 Asturies<\/a> \/Por <a href=\"https:\/\/xixonaldia.com\/author\/xixonaldia\/\">xixonaldia<\/a><\/li>\n<\/ul>\n<\/div>\n<\/div>\n<\/header>\n<\/div>\n<\/div>\n<div class=\"td-container\">\n<div class=\"td-pb-row\">\n<div class=\"td-pb-span8 td-main-content\" role=\"main\">\n<div class=\"td-ss-main-content\">\n<div class=\"td-post-content tagdiv-type\">\n<p>Asturies llogr\u00f3 revertir l\u2019encl\u00edn hist\u00f3ricu de perda de poblaci\u00f3n y encadena <strong>y\u00e1 tr\u00e9s a\u00f1os consecutivos de crecimientu<\/strong>. Tres tocar suelu demogr\u00e1ficu en 2022, la comunid\u00e1 gan\u00f3 m\u00e1s de 9.000 habitantes. En 2024 ll\u00e9gase a 1.014.112 persones residentes, seg\u00fan datos de la Socied\u00e1 Asturiana d\u2019Estudios Econ\u00f3micos ya Industriales (Sadei). En gran parte, esti camb\u00e9u d\u00e9bese al r\u00e9cord migratoriu rexistr\u00e1u mientres tr\u00e9s a\u00f1os consecutivos, con un saldu positivu de casi 13.000 persones en 2024, abonda pa compensar el descensu natural por avieyamientu. <strong>Per primer vegada, lleguen m\u00e1s persones del estranxeru que d\u2019otres comunidaes<\/strong>, lo que consolida Asturies como un territoriu atractivu pa vivir y trabayar.<\/p>\n<p><!--more--><\/p>\n<p>El Gobiernu d\u2019Asturies constituy\u00f3 formalmente la Comisi\u00f3n Gubernamental pal Retu Demogr\u00e1ficu, el mu\u00e9rganu encarg\u00e1u de coordinar de forma tresversal toles pol\u00edtiques qu\u2019inciden na evoluci\u00f3n de la poblaci\u00f3n. La vicepresidenta y conseyera de Presidencia, Retu Demogr\u00e1ficu, Iguald\u00e1 y Turismu, Gimena Llamedo, presidi\u00f3 la xunta, na que punxo en valor el xiru positivu na evoluci\u00f3n demogr\u00e1fica de la comunid\u00e1.<\/p>\n<p>Nesi alcuentru, constat\u00f3se que\u2019l gobiernu ameyor\u00f3 los sos fluxos con otres rexones clave: dende 2020, el saldu migratoriu con Madrid pas\u00f3 de ser negativu a convertise nel meyor ente toles comunidaes, lo que reflexa l\u2019impactu de les pol\u00edtiques d\u2019atracci\u00f3n de talentu, torna y calid\u00e1 de vida impulsaes pol Executivu auton\u00f3micu.<\/p>\n<p>\u201cAsturies ye una tierra d\u2019oportunidaes. Estos datos demuestren que les nueses pol\u00edtiques t\u00e1n funcionando: tamos recuperando poblaci\u00f3n, atrayendo talentu y xenerando futuru\u201d, destac\u00f3 la vicepresidenta.<\/p>\n<\/div>\n<\/div>\n<\/div>\n<\/div>\n<\/div>\n<p>&nbsp;<\/p>\n","protected":false},"excerpt":{"rendered":"<p>Actualid\u00e1 Asturies \/Por xixonaldia Asturies llogr\u00f3 revertir l\u2019encl\u00edn hist\u00f3ricu de perda de poblaci\u00f3n y encadena y\u00e1 tr\u00e9s a\u00f1os consecutivos de crecimientu. Tres tocar suelu demogr\u00e1ficu en 2022, la comunid\u00e1 gan\u00f3 m\u00e1s de 9.000 habitantes. En 2024 ll\u00e9gase a 1.014.112 persones residentes, seg\u00fan datos de la Socied\u00e1 Asturiana d\u2019Estudios Econ\u00f3micos ya Industriales (Sadei). En gran parte, [&hellip;]<\/p>\n","protected":false},"author":117,"featured_media":0,"comment_status":"closed","ping_status":"open","sticky":false,"template":"","format":"standard","meta":{"footnotes":""},"categories":[258],"tags":[],"class_list":["post-52658","post","type-post","status-publish","format-standard","hentry","category-estadistiques"],"_links":{"self":[{"href":"https:\/\/edublog.educastur.es\/ixuxu\/wp-json\/wp\/v2\/posts\/52658","targetHints":{"allow":["GET"]}}],"collection":[{"href":"https:\/\/edublog.educastur.es\/ixuxu\/wp-json\/wp\/v2\/posts"}],"about":[{"href":"https:\/\/edublog.educastur.es\/ixuxu\/wp-json\/wp\/v2\/types\/post"}],"author":[{"embeddable":true,"href":"https:\/\/edublog.educastur.es\/ixuxu\/wp-json\/wp\/v2\/users\/117"}],"replies":[{"embeddable":true,"href":"https:\/\/edublog.educastur.es\/ixuxu\/wp-json\/wp\/v2\/comments?post=52658"}],"version-history":[{"count":1,"href":"https:\/\/edublog.educastur.es\/ixuxu\/wp-json\/wp\/v2\/posts\/52658\/revisions"}],"predecessor-version":[{"id":52663,"href":"https:\/\/edublog.educastur.es\/ixuxu\/wp-json\/wp\/v2\/posts\/52658\/revisions\/52663"}],"wp:attachment":[{"href":"https:\/\/edublog.educastur.es\/ixuxu\/wp-json\/wp\/v2\/media?parent=52658"}],"wp:term":[{"taxonomy":"category","embeddable":true,"href":"https:\/\/edublog.educastur.es\/ixuxu\/wp-json\/wp\/v2\/categories?post=52658"},{"taxonomy":"post_tag","embeddable":true,"href":"https:\/\/edublog.educastur.es\/ixuxu\/wp-json\/wp\/v2\/tags?post=52658"}],"curies":[{"name":"wp","href":"https:\/\/api.w.org\/{rel}","templated":true}]}}