{"id":52660,"date":"2025-07-11T08:32:28","date_gmt":"2025-07-11T06:32:28","guid":{"rendered":"https:\/\/edublog.educastur.es\/ixuxu\/?p=52660"},"modified":"2025-07-11T20:33:39","modified_gmt":"2025-07-11T18:33:39","slug":"estau-del-tiempu-vienres-11-de-xunetu","status":"publish","type":"post","link":"https:\/\/edublog.educastur.es\/ixuxu\/2025\/07\/estau-del-tiempu-vienres-11-de-xunetu\/","title":{"rendered":"Est\u00e1u del tiempu: vienres 11 de xunetu"},"content":{"rendered":"<div class=\"x78zum5 xdt5ytf xz62fqu x16ldp7u\">\n<div class=\"xu06os2 x1ok221b\">\n<div class=\"html-div xdj266r x14z9mp xat24cr x1lziwak xexx8yu xyri2b x18d9i69 x1c1uobl\" data-ad-rendering-role=\"profile_name\">\n<ul>\n<li class=\"html-h3 x14z9mp xat24cr x1lziwak xexx8yu xyri2b x18d9i69 x1c1uobl x1vvkbs x1heor9g x1qlqyl8 x1pd3egz x1a2a7pz x1gslohp x1yc453h\"><span class=\"x1lliihq x6ikm8r x10wlt62 x1n2onr6\"><span class=\"xt0psk2\"><span class=\"xjp7ctv\"><a class=\"x1i10hfl xjbqb8w x1ejq31n x18oe1m7 x1sy0etr xstzfhl x972fbf x10w94by x1qhh985 x14e42zd x9f619 x1ypdohk xt0psk2 xe8uvvx xdj266r x14z9mp xat24cr x1lziwak xexx8yu xyri2b x18d9i69 x1c1uobl x16tdsg8 x1hl2dhg xggy1nq x1a2a7pz xkrqix3 x1sur9pj xzsf02u x1s688f\" role=\"link\" href=\"https:\/\/www.facebook.com\/eltiempuenasturies?__cft__[0]=AZXIJx3NMlfHWvE-XiHWcaumUyp8-oBMjjkN2uXyWDcABitalaKWnnhGSMhGp0X91cyzxXsof-avtDMg_Pm7TwNWm-nKwA1W5Ax4_0BVIC7xkgTodU55ehroibCPGrhbdrUUQh29JxIPYtqCWLyZ050wtSXD7NdskEuTE7VuIOv6O9MbbNrSacOfuwGnR1xq7jVAwnXj-HIbYN-fLF7GsZ0_ohhAqi0TPc9WoVjnUBWj7A&amp;__tn__=-UC%2CP-y-R\"><strong class=\"html-strong xdj266r x14z9mp xat24cr x1lziwak xexx8yu xyri2b x18d9i69 x1c1uobl x1hl2dhg x16tdsg8 x1vvkbs x1s688f\"><span class=\"html-span xdj266r x14z9mp xat24cr x1lziwak xexx8yu xyri2b x18d9i69 x1c1uobl x1hl2dhg x16tdsg8 x1vvkbs\">El Tiempu n&#8217;Asturies.<\/span><\/strong><\/a><\/span><\/span><\/span><\/li>\n<\/ul>\n<\/div>\n<\/div>\n<\/div>\n<div class=\"html-div xdj266r x14z9mp xat24cr x1lziwak xexx8yu xyri2b x18d9i69 x1c1uobl\" dir=\"auto\">\n<div class=\"html-div xdj266r x14z9mp xat24cr x1lziwak xexx8yu xyri2b x18d9i69 x1c1uobl\" data-ad-rendering-role=\"story_message\">\n<div class=\"x1l90r2v x1iorvi4 x1g0dm76 xpdmqnj\" data-ad-comet-preview=\"message\" data-ad-preview=\"message\">\n<div class=\"x78zum5 xdt5ytf xz62fqu x16ldp7u\">\n<div class=\"xu06os2 x1ok221b\">\n<div class=\"html-div xdj266r x14z9mp xat24cr x1lziwak xexx8yu xyri2b x18d9i69 x1c1uobl\">\n<div class=\"x14z9mp xat24cr x1lziwak x1vvkbs xtlvy1s x126k92a\">\n<ul>\n<li dir=\"auto\"><strong><span style=\"color: #008080\">Alborecemos<\/span><\/strong> con nubes baxes na fastera central asturiana ya entrando nubosid\u00e1 alta pel Navia, tando poco nuboso o escampl\u00e1u nel restu con unes temperatures que tan alrodiu de los 18\u00baC, rexistr\u00e1ndose nel puirtu Payares 15\u00baC.<\/li>\n<\/ul>\n<\/div>\n<div class=\"x14z9mp xat24cr x1lziwak x1vvkbs xtlvy1s x126k92a\">\n<ul>\n<li dir=\"auto\"><strong><span style=\"color: #008080\">G\u00fcei<\/span> <\/strong>vamos tener el cielu nuboso con nubosid\u00e1 de desendolque que va dir ganando terr\u00e9n a partir del mediud\u00eda pa dexando pela tarde xarabatos de calter tormentosu na cordelera pudiendo estendese a otres zones d&#8217;Asturies al atapecer. Les temperatures en descensu ente llixeru y moder\u00e1u, sobre too nel interior y l&#8217;aire sedr\u00e1 sele ya variable con predominiu de la componente norte.<\/li>\n<\/ul>\n<p><!--more--><\/p>\n<\/div>\n<div class=\"x14z9mp xat24cr x1lziwak x1vvkbs xtlvy1s x126k92a\">\n<ul>\n<li dir=\"auto\"><strong><span style=\"color: #008080\">Ma\u00f1ana s\u00e1badu<\/span> <\/strong>tendremos un d\u00eda m\u00e1s seliquino, una vegada que se dixebren los borrinos y nublines del alborecer tendremos el cielu poco nuboso o escampl\u00e1u, am\u00e1s les temperatures tornar\u00e1n a subir dalgo, asina y too de tarde, les nubes de desendolque medrar\u00e1n y mos dexar\u00e1n dalg\u00fan xarabato ya truena na cordelera pero n&#8217;esta vegada nun paez que vayan a estendese per otres fasteres d&#8217;Asturies. L&#8217;aire sedr\u00e1 de componente norte con dalguna racha moderada na costa.<\/li>\n<\/ul>\n<\/div>\n<div class=\"x14z9mp xat24cr x1lziwak x1vvkbs xtlvy1s x126k92a\">\n<ul>\n<li dir=\"auto\"><strong><span style=\"color: #008080\">El domingu<\/span><\/strong> aumentar\u00e1 la nubosid\u00e1 ya mos dexar\u00e1&#8217;l d\u00eda nuble con un descensu llixeru de les temperatures y paez que la selmana viniente volver\u00e1 a ser braniega con un ascensu de les temperatures seg\u00fan vayan pasando les xornaes.<\/li>\n<\/ul>\n<\/div>\n<\/div>\n<\/div>\n<\/div>\n<\/div>\n<\/div>\n<\/div>\n<p>&nbsp;<\/p>\n","protected":false},"excerpt":{"rendered":"<p>El Tiempu n&#8217;Asturies. Alborecemos con nubes baxes na fastera central asturiana ya entrando nubosid\u00e1 alta pel Navia, tando poco nuboso o escampl\u00e1u nel restu con unes temperatures que tan alrodiu de los 18\u00baC, rexistr\u00e1ndose nel puirtu Payares 15\u00baC. G\u00fcei vamos tener el cielu nuboso con nubosid\u00e1 de desendolque que va dir ganando terr\u00e9n a partir [&hellip;]<\/p>\n","protected":false},"author":117,"featured_media":0,"comment_status":"closed","ping_status":"open","sticky":false,"template":"","format":"standard","meta":{"footnotes":""},"categories":[5],"tags":[],"class_list":["post-52660","post","type-post","status-publish","format-standard","hentry","category-tiempu"],"_links":{"self":[{"href":"https:\/\/edublog.educastur.es\/ixuxu\/wp-json\/wp\/v2\/posts\/52660","targetHints":{"allow":["GET"]}}],"collection":[{"href":"https:\/\/edublog.educastur.es\/ixuxu\/wp-json\/wp\/v2\/posts"}],"about":[{"href":"https:\/\/edublog.educastur.es\/ixuxu\/wp-json\/wp\/v2\/types\/post"}],"author":[{"embeddable":true,"href":"https:\/\/edublog.educastur.es\/ixuxu\/wp-json\/wp\/v2\/users\/117"}],"replies":[{"embeddable":true,"href":"https:\/\/edublog.educastur.es\/ixuxu\/wp-json\/wp\/v2\/comments?post=52660"}],"version-history":[{"count":2,"href":"https:\/\/edublog.educastur.es\/ixuxu\/wp-json\/wp\/v2\/posts\/52660\/revisions"}],"predecessor-version":[{"id":52662,"href":"https:\/\/edublog.educastur.es\/ixuxu\/wp-json\/wp\/v2\/posts\/52660\/revisions\/52662"}],"wp:attachment":[{"href":"https:\/\/edublog.educastur.es\/ixuxu\/wp-json\/wp\/v2\/media?parent=52660"}],"wp:term":[{"taxonomy":"category","embeddable":true,"href":"https:\/\/edublog.educastur.es\/ixuxu\/wp-json\/wp\/v2\/categories?post=52660"},{"taxonomy":"post_tag","embeddable":true,"href":"https:\/\/edublog.educastur.es\/ixuxu\/wp-json\/wp\/v2\/tags?post=52660"}],"curies":[{"name":"wp","href":"https:\/\/api.w.org\/{rel}","templated":true}]}}