{"id":52664,"date":"2025-07-11T08:36:40","date_gmt":"2025-07-11T06:36:40","guid":{"rendered":"https:\/\/edublog.educastur.es\/ixuxu\/?p=52664"},"modified":"2025-07-11T20:40:38","modified_gmt":"2025-07-11T18:40:38","slug":"el-tiempu-el-comercio-89","status":"publish","type":"post","link":"https:\/\/edublog.educastur.es\/ixuxu\/2025\/07\/el-tiempu-el-comercio-89\/","title":{"rendered":"El tiempu (El Comercio)"},"content":{"rendered":"<p style=\"text-align: center\"><a href=\"https:\/\/s1.ppllstatics.com\/elcomercio\/www\/multimedia\/2025\/07\/10\/tiempo-asturias-viernes-11-julio-kZ0H-U2301948938566Ca-1200x860@El%20Comercio.jpg\"><img loading=\"lazy\" decoding=\"async\" class=\"aligncenter size-large\" src=\"https:\/\/s1.ppllstatics.com\/elcomercio\/www\/multimedia\/2025\/07\/10\/tiempo-asturias-viernes-11-julio-kZ0H-U2301948938566Ca-1200x860@El%20Comercio.jpg\" width=\"1200\" height=\"860\" \/><\/a><\/p>\n<p><span style=\"color: #008080\"><strong>Vamos amanecer<\/strong> <\/span>con cielos pocu nublos salvu na mari\u00f1a y na zona central del interior onde van empezar el d\u00eda con nubes de tipu baxu. <span style=\"color: #008080\"><strong>Col intre de la ma\u00f1ana<\/strong><\/span> estes nubes baxes van sumir polo que se van abrir claros anque podr\u00eden predominar les nubes de tipu altu. <span style=\"color: #008080\"><strong>Pela tarde<\/strong><\/span> la nubosid\u00e1 va estendese por tola rex\u00f3n y nun se refuguen bastios que van activar l&#8217;avisu mariellu nel suroccidente, nel cordal y, inclusive, na mari\u00f1a oriental. Por ello, <span style=\"color: #008080\"><strong>a partir de les 16 hores<\/strong><\/span> y hasta el final del d\u00eda, l&#8217;Axencia Estatal de Meteorolox\u00eda va activar dichu avisu por nubes que podr\u00eden venir acompa\u00f1aes de xarazo y, am\u00e1s, pola posibilid\u00e1 de rexistrar hasta 15 llitros per metro cuadr\u00e1u nuna hora.<span style=\"color: #008080\"><strong> Les temperatures m\u00e1ximes<\/strong><\/span> van baxar de forma xeneralizada ente 2 y 3 \u00baC al respective de les del xueves y <span style=\"color: #008080\"><strong>les m\u00ednimes<\/strong><\/span> apenes van variar.<\/p>\n<p><span style=\"color: #008080\"><strong>El s\u00e1badu<\/strong> <\/span>preve tiempu estable pela ma\u00f1ana con intervalos nublos anque con encl\u00edn a abrise grandes claros dende&#8217;l norte del Princip\u00e1u. Pela tarde nun se refuga que puedan volvese a desenvolver nubes d&#8217;evoluci\u00f3n con posibles bastios vespertinos nel cordal. Les temperatures van xubir llixeramente.<\/p>\n","protected":false},"excerpt":{"rendered":"<p>Vamos amanecer con cielos pocu nublos salvu na mari\u00f1a y na zona central del interior onde van empezar el d\u00eda con nubes de tipu baxu. Col intre de la ma\u00f1ana estes nubes baxes van sumir polo que se van abrir claros anque podr\u00eden predominar les nubes de tipu altu. Pela tarde la nubosid\u00e1 va estendese [&hellip;]<\/p>\n","protected":false},"author":117,"featured_media":0,"comment_status":"closed","ping_status":"open","sticky":false,"template":"","format":"standard","meta":{"footnotes":""},"categories":[5],"tags":[],"class_list":["post-52664","post","type-post","status-publish","format-standard","hentry","category-tiempu"],"_links":{"self":[{"href":"https:\/\/edublog.educastur.es\/ixuxu\/wp-json\/wp\/v2\/posts\/52664","targetHints":{"allow":["GET"]}}],"collection":[{"href":"https:\/\/edublog.educastur.es\/ixuxu\/wp-json\/wp\/v2\/posts"}],"about":[{"href":"https:\/\/edublog.educastur.es\/ixuxu\/wp-json\/wp\/v2\/types\/post"}],"author":[{"embeddable":true,"href":"https:\/\/edublog.educastur.es\/ixuxu\/wp-json\/wp\/v2\/users\/117"}],"replies":[{"embeddable":true,"href":"https:\/\/edublog.educastur.es\/ixuxu\/wp-json\/wp\/v2\/comments?post=52664"}],"version-history":[{"count":1,"href":"https:\/\/edublog.educastur.es\/ixuxu\/wp-json\/wp\/v2\/posts\/52664\/revisions"}],"predecessor-version":[{"id":52665,"href":"https:\/\/edublog.educastur.es\/ixuxu\/wp-json\/wp\/v2\/posts\/52664\/revisions\/52665"}],"wp:attachment":[{"href":"https:\/\/edublog.educastur.es\/ixuxu\/wp-json\/wp\/v2\/media?parent=52664"}],"wp:term":[{"taxonomy":"category","embeddable":true,"href":"https:\/\/edublog.educastur.es\/ixuxu\/wp-json\/wp\/v2\/categories?post=52664"},{"taxonomy":"post_tag","embeddable":true,"href":"https:\/\/edublog.educastur.es\/ixuxu\/wp-json\/wp\/v2\/tags?post=52664"}],"curies":[{"name":"wp","href":"https:\/\/api.w.org\/{rel}","templated":true}]}}