{"id":52681,"date":"2025-07-01T18:23:08","date_gmt":"2025-07-01T16:23:08","guid":{"rendered":"https:\/\/edublog.educastur.es\/ixuxu\/?p=52681"},"modified":"2025-07-11T21:32:24","modified_gmt":"2025-07-11T19:32:24","slug":"52681","status":"publish","type":"post","link":"https:\/\/edublog.educastur.es\/ixuxu\/2025\/07\/52681\/","title":{"rendered":"Hai nueves se\u00f1ales de tr\u00e1ficu"},"content":{"rendered":"<div class=\"html-div xdj266r xat24cr x1lziwak xexx8yu xyri2b x18d9i69 x1c1uobl x78zum5 x2lah0s xqtp20y x1xegmmw\">\n<div class=\"xc9qbxq x14qfxbe x6s0dn4 x78zum5 xl56j7k\">\n<div class=\"\"><a href=\"https:\/\/www.dgt.es\/export\/sites\/web-DGT\/.galleries\/downloads\/nota_prensa\/20250610-el-gobierno-aprueba-actualizacion-catalogo-oficial-de-senales\/nuevas_senales-g.jpg\"><img loading=\"lazy\" decoding=\"async\" class=\"alignnone\" src=\"https:\/\/www.dgt.es\/export\/sites\/web-DGT\/.galleries\/downloads\/nota_prensa\/20250610-el-gobierno-aprueba-actualizacion-catalogo-oficial-de-senales\/nuevas_senales.jpg\" alt=\"\" width=\"180\" height=\"450\" \/><\/a> \/ <a href=\"https:\/\/www.dgt.es\/export\/sites\/web-DGT\/.galleries\/downloads\/nota_prensa\/20250610-el-gobierno-aprueba-actualizacion-catalogo-oficial-de-senales\/senales_renovadas-g.jpg\"><img loading=\"lazy\" decoding=\"async\" class=\"alignnone size-large\" src=\"https:\/\/www.dgt.es\/export\/sites\/web-DGT\/.galleries\/downloads\/nota_prensa\/20250610-el-gobierno-aprueba-actualizacion-catalogo-oficial-de-senales\/senales_renovadas.jpg\" width=\"180\" height=\"450\" \/><\/a><\/div>\n<\/div>\n<\/div>\n<div class=\"x78zum5 xdt5ytf xz62fqu x16ldp7u\">\n<div class=\"xu06os2 x1ok221b\">\n<div class=\"html-div xdj266r x14z9mp xat24cr x1lziwak xexx8yu xyri2b x18d9i69 x1c1uobl\" data-ad-rendering-role=\"profile_name\">\n<ul>\n<li class=\"html-h3 x14z9mp xat24cr x1lziwak xexx8yu xyri2b x18d9i69 x1c1uobl x1vvkbs x1heor9g x1qlqyl8 x1pd3egz x1a2a7pz x1gslohp x1yc453h\"><span class=\"x1lliihq x6ikm8r x10wlt62 x1n2onr6\"><span class=\"xt0psk2\"><span class=\"xjp7ctv\"><a class=\"x1i10hfl xjbqb8w x1ejq31n x18oe1m7 x1sy0etr xstzfhl x972fbf x10w94by x1qhh985 x14e42zd x9f619 x1ypdohk xt0psk2 xe8uvvx xdj266r x14z9mp xat24cr x1lziwak xexx8yu xyri2b x18d9i69 x1c1uobl x16tdsg8 x1hl2dhg xggy1nq x1a2a7pz xkrqix3 x1sur9pj xzsf02u x1s688f\" role=\"link\" href=\"https:\/\/www.facebook.com\/DelGobAsturias?__cft__[0]=AZV6MjgSwTLl4TpE4BfaO0VyGhYEelsjQNBgHh2-M3UvRFYdSbqWbQRJwQfoN4ix4g8xhhCwNmplnCJbZmVacXyL5rq1d6RsIKYhuXppFp9rdNl0qLkVVbo6LOOFxHiwPecGi8S9_ymIbqT1t8ffn1YbpMLqENkVEp1C93e0BJiWn869kxY7VwtNuHiEdqlld3OfOVZNfS73F5JTQxtFNZK9oxT6yaCaSLKUDgVaTeKZAg&amp;__tn__=-UC%2CP-y-R\"><strong class=\"html-strong xdj266r x14z9mp xat24cr x1lziwak xexx8yu xyri2b x18d9i69 x1c1uobl x1hl2dhg x16tdsg8 x1vvkbs x1s688f\"><span class=\"html-span xdj266r x14z9mp xat24cr x1lziwak xexx8yu xyri2b x18d9i69 x1c1uobl x1hl2dhg x16tdsg8 x1vvkbs\">Delegaci\u00f3n del Gobierno n&#8217;Asturies<\/span><\/strong><\/a><\/span><\/span><\/span><span class=\"html-span xdj266r x14z9mp xat24cr x1lziwak xexx8yu xyri2b x18d9i69 x1c1uobl x1hl2dhg x16tdsg8 x1vvkbs\"><span class=\"html-span xdj266r x14z9mp xat24cr x1lziwak xexx8yu xyri2b x18d9i69 x1c1uobl x1hl2dhg x16tdsg8 x1vvkbs x4k7w5x x1h91t0o x1h9r5lt x1jfb8zj xv2umb2 x1beo9mf xaigb6o x12ejxvf x3igimt xarpa2k xedcshv x1lytzrv x1t2pt76 x7ja8zs x1qrby5j\"><span class=\"x1rg5ohu x6ikm8r x10wlt62 x16dsc37 xt0b8zv\" aria-labelledby=\"_r_b49_\"><span class=\"xmper1u xt0psk2 xjb2p0i x1qlqyl8 x15bjb6t x1n2onr6 x17ihmo5 x1g77sc7\"><span class=\"x1r8a4m5 x1n2onr6 x17ihmo5 x1xxvtuq vrhKlDGd krhKlDG2 lrhKlDG3 irhKlDG0 hdl5 sdkQ tdkR udkS\">\/<\/span><\/span><\/span><\/span><\/span> <span class=\"html-span xdj266r x14z9mp xat24cr x1lziwak xexx8yu xyri2b x18d9i69 x1c1uobl x1hl2dhg x16tdsg8 x1vvkbs\"><a class=\"x1i10hfl xjbqb8w x1ejq31n x18oe1m7 x1sy0etr xstzfhl x972fbf x10w94by x1qhh985 x14e42zd x9f619 x1ypdohk xt0psk2 xe8uvvx xdj266r x14z9mp xat24cr x1lziwak xexx8yu xyri2b x18d9i69 x1c1uobl x16tdsg8 x1hl2dhg xggy1nq x1a2a7pz xkrqix3 x1sur9pj x1fey0fg x1s688f\" role=\"link\" href=\"https:\/\/www.facebook.com\/DGTes?__cft__[0]=AZV6MjgSwTLl4TpE4BfaO0VyGhYEelsjQNBgHh2-M3UvRFYdSbqWbQRJwQfoN4ix4g8xhhCwNmplnCJbZmVacXyL5rq1d6RsIKYhuXppFp9rdNl0qLkVVbo6LOOFxHiwPecGi8S9_ymIbqT1t8ffn1YbpMLqENkVEp1C93e0BJiWn869kxY7VwtNuHiEdqlld3OfOVZNfS73F5JTQxtFNZK9oxT6yaCaSLKUDgVaTeKZAg&amp;__tn__=-]K-y-R\"><span class=\"xt0psk2\"><span class=\"xjp7ctv\">Direcci\u00f3n General de Tr\u00e1fico<\/span><\/span><\/a><\/span> \/<\/li>\n<li class=\"html-h3 x14z9mp xat24cr x1lziwak xexx8yu xyri2b x18d9i69 x1c1uobl x1vvkbs x1heor9g x1qlqyl8 x1pd3egz x1a2a7pz x1gslohp x1yc453h\"><span class=\"html-span xexx8yu xyri2b x18d9i69 x1c1uobl x1hl2dhg x16tdsg8 x1vvkbs x3nfvp2 x1j61x8r x1fcty0u xdj266r xat24cr xm2jcoa x1mpyi22 xxymvpz xlup9mm x1kky2od\"><img loading=\"lazy\" decoding=\"async\" class=\"xz74otr x15mokao x1ga7v0g x16uus16 xbiv7yw\" src=\"https:\/\/static.xx.fbcdn.net\/images\/emoji.php\/v9\/t51\/1\/16\/1f449.png\" alt=\"\ud83d\udc49\" width=\"16\" height=\"16\" \/><\/span> <span class=\"html-span xdj266r x14z9mp xat24cr x1lziwak xexx8yu xyri2b x18d9i69 x1c1uobl x1hl2dhg x16tdsg8 x1vvkbs\"><a class=\"x1i10hfl xjbqb8w x1ejq31n x18oe1m7 x1sy0etr xstzfhl x972fbf x10w94by x1qhh985 x14e42zd x9f619 x1ypdohk xt0psk2 xe8uvvx xdj266r x14z9mp xat24cr x1lziwak xexx8yu xyri2b x18d9i69 x1c1uobl x16tdsg8 x1hl2dhg xggy1nq x1a2a7pz xkrqix3 x1sur9pj x1fey0fg x1s688f\" role=\"link\" href=\"https:\/\/www.dgt.es\/comunicacion\/notas-de-prensa\/20250610-el-gobierno-aprueba-la-actualizacion-del-catalogo-oficial-de-senales-de-trafico\/?fbclid=IwZXh0bgNhZW0CMTAAYnJpZBEwZTZPVFR4ZWdnODJCaExOYgEeQOV3k3Nw2IHSeKjUhP9oxK1eVBDWtPgmycfS8tYfRzRdfFfOLNMUhC5hsdY_aem_WXg6LKcC_vPuYm_LIAdpIQ\" target=\"_blank\" rel=\"nofollow noopener noreferrer\">https:\/\/www.dgt.es\/&#8230;\/20250610-el-gobierno-aprueba-la&#8230;\/<\/a><\/span><\/li>\n<\/ul>\n<\/div>\n<\/div>\n<\/div>\n<div class=\"html-div xdj266r x14z9mp xat24cr x1lziwak xexx8yu xyri2b x18d9i69 x1c1uobl\" dir=\"auto\">\n<div class=\"html-div xdj266r x14z9mp xat24cr x1lziwak xexx8yu xyri2b x18d9i69 x1c1uobl\" dir=\"auto\">\n<div class=\"html-div xdj266r x14z9mp xat24cr x1lziwak xexx8yu xyri2b x18d9i69 x1c1uobl\" data-ad-rendering-role=\"story_message\">\n<div class=\"x1l90r2v x1iorvi4 x1g0dm76 xpdmqnj\" data-ad-comet-preview=\"message\" data-ad-preview=\"message\">\n<div class=\"x78zum5 xdt5ytf xz62fqu x16ldp7u\">\n<div class=\"xu06os2 x1ok221b\">\n<div class=\"html-div xdj266r x14z9mp xat24cr x1lziwak xexx8yu xyri2b x18d9i69 x1c1uobl\">\n<div dir=\"auto\">\u00bfSabes que dende&#8217;l 1 de xunetu hai nueves se\u00f1ales de tr\u00e1ficu y qu&#8217;otres fueron anovaes? Echa un g\u00fceyu a la imaxe y comprueba na web de la Direcci\u00f3n Xeneral de Tr\u00e1ficu&#8217;l por qu\u00e9 d&#8217;estes novedaes.<\/div>\n<div dir=\"auto\"><!--more--><\/div>\n<div dir=\"auto\"><\/div>\n<div dir=\"auto\"><strong>Nueves.\u00a0<\/strong>El nuevu cat\u00e1logu de se\u00f1ales verticales incorpora una serie de nuevos indicadores creaos para dar respuesta a les nueves realidaes y necesidaes de movilid\u00e1 que plantega una socied\u00e1 en constante evoluci\u00f3n. L&#8217;apaici\u00f3n de nueves maneres de tresporte, como los veh\u00edculos de movilid\u00e1 personal, xener\u00f3 situaciones que riquen una regulaci\u00f3n espec\u00edfica y una se\u00f1alizaci\u00f3n clara, actualizada y afecha al contestu urbanu y vial actual.<\/div>\n<div dir=\"auto\" style=\"text-align: center\"><a href=\"https:\/\/www.dgt.es\/export\/sites\/web-DGT\/.galleries\/downloads\/nota_prensa\/20250610-el-gobierno-aprueba-actualizacion-catalogo-oficial-de-senales\/nuevas_senales-g.jpg\"><img loading=\"lazy\" decoding=\"async\" class=\"aligncenter \" src=\"https:\/\/www.dgt.es\/export\/sites\/web-DGT\/.galleries\/downloads\/nota_prensa\/20250610-el-gobierno-aprueba-actualizacion-catalogo-oficial-de-senales\/nuevas_senales-g.jpg\" width=\"566\" height=\"1415\" \/><\/a><\/div>\n<div dir=\"auto\"><\/div>\n<div dir=\"auto\">\n<p><strong>Renov\u00e1es. <\/strong>La reforma recueye tami\u00e9n aquelles se\u00f1ales esistentes nel Reglamentu Xeneral de Circulaci\u00f3n que sufren dalg\u00fan tipu de camb\u00e9u nel so dise\u00f1u, nel so c\u00f3digu o que son esaniciaes para afaer el conten\u00edu del cit\u00e1u reglamentu al nuevu cat\u00e1logu propuestu.El camb\u00e9u d&#8217;estes se\u00f1ales escuerre ameyorar la so percepci\u00f3n y\/o afaeles a les nueves esixencies de movilid\u00e1. Na infograf\u00eda pueden vese delles d&#8217;elles (pinchando sobro la imaxe puede vese a tama\u00f1u completu).\u00e7<\/p>\n<p style=\"text-align: center\"><a href=\"https:\/\/www.dgt.es\/export\/sites\/web-DGT\/.galleries\/downloads\/nota_prensa\/20250610-el-gobierno-aprueba-actualizacion-catalogo-oficial-de-senales\/senales_renovadas-g.jpg\"><img loading=\"lazy\" decoding=\"async\" class=\"aligncenter \" src=\"https:\/\/www.dgt.es\/export\/sites\/web-DGT\/.galleries\/downloads\/nota_prensa\/20250610-el-gobierno-aprueba-actualizacion-catalogo-oficial-de-senales\/senales_renovadas-g.jpg\" width=\"579\" height=\"1448\" \/><\/a><\/p>\n<\/div>\n<div dir=\"auto\">\n<p>El Conseyu de Ministros aprob\u00f3 esti martes una camb\u00e9u del Reglamentu Xeneral de Circulaci\u00f3n qu&#8217;<strong>actualiza&#8217;l sistema de se\u00f1alizaci\u00f3n vial, vixente dende 2003<\/strong>, con nueves se\u00f1ales de tr\u00e1ficu que recueyen los cambeos sociales, tecnol\u00f3xicos y de movilid\u00e1 esperimentaos nes postreres dos d\u00e9cades y coles mires de ameyorar la segurid\u00e1 vial y l&#8217;eficacia na xesti\u00f3n del tr\u00e1ficu.<\/p>\n<p>La reforma del Reglamentu Xeneral de Circulaci\u00f3n, realizada cola collaboraci\u00f3n de los ministerios de Tresportes y Movilid\u00e1 Sostenible, d&#8217;Industria y Turismu y de Defensa, revisa&#8217;l T\u00edtulu IV de la norma, <strong>relativu a la se\u00f1alizaci\u00f3n vertical, la d&#8217;obra y abalizamientu, la de los axentes, la circunstancial o los sem\u00e1foros<\/strong> y consolida un cat\u00e1logu oficial de se\u00f1ales de circulaci\u00f3n y marques viales que recueye de forma unificada la forma, s\u00edmbolos y nomenclatura de toos los indicadores.<\/p>\n<p>Am\u00e1s, d\u00e1u&#8217;l creciente volume d&#8217;informaci\u00f3n que reciben #el conductores al travi\u00e9s de m\u00faltiples canales, la reforma pretende que&#8217;l sistema de se\u00f1alizaci\u00f3n vial tresmita mensaxes claros, directos y universalmente comprensibles, para lo que, m\u00e1s all\u00e1 d&#8217;actualizar el dise\u00f1u o los detalles gr\u00e1ficos de les se\u00f1ales, asegura que&#8217;l mensaxe que reciben ya interpreten conductores, peatones y dem\u00e1s usuarios cumpla colos principios d&#8217;un sistema semi\u00f3ticu eficaz en ll\u00ednea col establec\u00edu pola Convenci\u00f3n de Viena sobre Se\u00f1alizaci\u00f3n Vial, de cuenta que esta actualizaci\u00f3n va dexar xuna meyor comprensi\u00f3n per parte de los usuarios y xuna mayor coherencia en tol territoriu nacional.<\/p>\n<p><strong>PRINCIPALES CAMBEOS<\/strong><\/p>\n<p>Unu de los oxetivos prioritarios de la reforma del Reglamentu Xeneral de Circulaci\u00f3n ye afaer el so conten\u00edu a les normes vixentes y responder a les nueves necesidaes derivaes de la meyora de les infraestructures y de les tecnolox\u00edes de la movilid\u00e1. Esta actualizaci\u00f3n afecta tantu al articul\u00e1u como al Anexu I y a los cat\u00e1logos oficiales de se\u00f1alizaci\u00f3n.<\/p>\n<p>Ente los principales cambeos ta&#8217;l <strong>camb\u00e9u del dise\u00f1u y la definici\u00f3n de numberosos elementos de se\u00f1alizaci\u00f3n, incluy\u00edes se\u00f1ales verticales, marques viales y xuna clarificaci\u00f3n espec\u00edfica de la se\u00f1alizaci\u00f3n circunstancial<\/strong>. Tami\u00e9n s&#8217;introducen nueves se\u00f1ales que respuenden a demandes actuales y esan\u00edciense aquelles que quedaron obsoletes o que y\u00e1 nun t\u00e1n contemplaes por normatives reci\u00e9n.<\/p>\n<p>Los cambeos busquen <strong>alliniar el reglamentu cola Llei sobro Tr\u00e1ficu, ameyorar la comprensi\u00f3n y visibilid\u00e1 de les se\u00f1ales, modernizar pictogrames como los del ferrocarril o la bicicleta y dar una meyor respuesta a les necesidaes de peatones y ciclistes.<\/strong> Coles mesmes, af\u00e1ense los tama\u00f1os pa favorecer una fabricaci\u00f3n m\u00e1s eficiente y sostenible, ampl\u00edase la informaci\u00f3n n&#8217;estaciones de serviciu con nuevos tipos de combustibles, incorp\u00f3rense se\u00f1ales m\u00e1s detallaes d&#8217;aparcamientu y modif\u00edquense otres deb\u00edu al trabayu d&#8217;humanizaci\u00f3n que se ta realizando n&#8217;ensame de conceyos.<\/p>\n<p><strong>Tabla col nuevu c\u00f3digu de les se\u00f1ales<\/strong><\/p>\n<p>Otru aspeutu destac\u00e1u ye la eliminaci\u00f3n de connotaciones de x\u00e9neru na simbolox\u00eda pa fomentar asina un llinguaxe visual m\u00e1s inclusivu. Con esta propuesta ameyora la estructura normativa al acutar nel articul\u00e1u xeneral xuna menci\u00f3n curtia a la tipolox\u00eda de les se\u00f1ales y desenvolver nel Anexu I tolos detalles sobro forma, color, dise\u00f1u, signific\u00e1u y dimensiones xuntu al nuevu cat\u00e1logu, que recueye de manera visual y ordenada toles se\u00f1ales verticales y marques viales.<\/p>\n<p>Am\u00e1s, los Ministerios del Interior y de Tresportes y Movilid\u00e1 Sostenible van poder, por aciu orde ministerial conxunta, modificar, esaniciar o incorporar nueves se\u00f1ales al cat\u00e1logu oficial, lo que va dexar xuna adaptaci\u00f3n m\u00e1s axilosa y eficaz del sistema de se\u00f1alizaci\u00f3n a futures necesidaes.<\/p>\n<p>&nbsp;<\/p>\n<\/div>\n<\/div>\n<div dir=\"auto\"><\/div>\n<div class=\"html-div xdj266r x14z9mp xat24cr x1lziwak xexx8yu xyri2b x18d9i69 x1c1uobl\">\n<div dir=\"auto\"><\/div>\n<\/div>\n<\/div>\n<\/div>\n<\/div>\n<\/div>\n<\/div>\n<\/div>\n<p>&nbsp;<\/p>\n","protected":false},"excerpt":{"rendered":"<p>\/ Delegaci\u00f3n del Gobierno n&#8217;Asturies\/ Direcci\u00f3n General de Tr\u00e1fico \/ https:\/\/www.dgt.es\/&#8230;\/20250610-el-gobierno-aprueba-la&#8230;\/ \u00bfSabes que dende&#8217;l 1 de xunetu hai nueves se\u00f1ales de tr\u00e1ficu y qu&#8217;otres fueron anovaes? Echa un g\u00fceyu a la imaxe y comprueba na web de la Direcci\u00f3n Xeneral de Tr\u00e1ficu&#8217;l por qu\u00e9 d&#8217;estes novedaes.<\/p>\n","protected":false},"author":117,"featured_media":0,"comment_status":"closed","ping_status":"open","sticky":false,"template":"","format":"standard","meta":{"footnotes":""},"categories":[214,232],"tags":[],"class_list":["post-52681","post","type-post","status-publish","format-standard","hentry","category-cartelos","category-tresportes"],"_links":{"self":[{"href":"https:\/\/edublog.educastur.es\/ixuxu\/wp-json\/wp\/v2\/posts\/52681","targetHints":{"allow":["GET"]}}],"collection":[{"href":"https:\/\/edublog.educastur.es\/ixuxu\/wp-json\/wp\/v2\/posts"}],"about":[{"href":"https:\/\/edublog.educastur.es\/ixuxu\/wp-json\/wp\/v2\/types\/post"}],"author":[{"embeddable":true,"href":"https:\/\/edublog.educastur.es\/ixuxu\/wp-json\/wp\/v2\/users\/117"}],"replies":[{"embeddable":true,"href":"https:\/\/edublog.educastur.es\/ixuxu\/wp-json\/wp\/v2\/comments?post=52681"}],"version-history":[{"count":4,"href":"https:\/\/edublog.educastur.es\/ixuxu\/wp-json\/wp\/v2\/posts\/52681\/revisions"}],"predecessor-version":[{"id":52683,"href":"https:\/\/edublog.educastur.es\/ixuxu\/wp-json\/wp\/v2\/posts\/52681\/revisions\/52683"}],"wp:attachment":[{"href":"https:\/\/edublog.educastur.es\/ixuxu\/wp-json\/wp\/v2\/media?parent=52681"}],"wp:term":[{"taxonomy":"category","embeddable":true,"href":"https:\/\/edublog.educastur.es\/ixuxu\/wp-json\/wp\/v2\/categories?post=52681"},{"taxonomy":"post_tag","embeddable":true,"href":"https:\/\/edublog.educastur.es\/ixuxu\/wp-json\/wp\/v2\/tags?post=52681"}],"curies":[{"name":"wp","href":"https:\/\/api.w.org\/{rel}","templated":true}]}}