{"id":52692,"date":"2025-07-03T16:30:04","date_gmt":"2025-07-03T14:30:04","guid":{"rendered":"https:\/\/edublog.educastur.es\/ixuxu\/?p=52692"},"modified":"2025-07-11T22:02:06","modified_gmt":"2025-07-11T20:02:06","slug":"comic-con-conviertese-nel-meyor-antidotu-contra-lagua","status":"publish","type":"post","link":"https:\/\/edublog.educastur.es\/ixuxu\/2025\/07\/comic-con-conviertese-nel-meyor-antidotu-contra-lagua\/","title":{"rendered":"\u00abComic Con\u00bb convi\u00e9rtese nel meyor ant\u00eddotu contra l\u2019agua"},"content":{"rendered":"<p style=\"text-align: center\"><a href=\"https:\/\/xixonaldia.com\/wp-content\/uploads\/2025\/07\/Metropoli-7-Eire-Comunicacion_42-scaled.jpg\"><img loading=\"lazy\" decoding=\"async\" class=\"aligncenter size-large\" src=\"https:\/\/xixonaldia.com\/wp-content\/uploads\/2025\/07\/Metropoli-7-Eire-Comunicacion_42-scaled.jpg\" width=\"2560\" height=\"1708\" \/><\/a>Por <a href=\"https:\/\/xixonaldia.com\/author\/xixonaldia\/\">xixonaldia<\/a><\/p>\n<div class=\"td-container\">\n<div class=\"td-pb-row\">\n<div class=\"td-pb-span8 td-main-content\" role=\"main\">\n<div class=\"td-ss-main-content\">\n<div class=\"td-post-content tagdiv-type\">\n<p>La inauguraci\u00f3n del festival m\u00e1s esper\u00e1u del c\u00f3mic nacional da\u2019l pistoletazu de salida a cuatro d\u00edes de diversi\u00f3n, market, actuaciones, firmes y presentaciones, onde\u2019l mundu \u201cfriki\u201d ser\u00e1\u2019l protagonista. Ayeri dio empiezu la<strong> Comic Con<\/strong>, l\u2019eventu m\u00e1s esper\u00e1u polos amantes del c\u00f3mic y la manga. Tou empez\u00f3 a les 18.30 nel Palaciu de Congresos de la cortil ferial Luis Adaro cola presentaci\u00f3n y firmes de los c\u00f3mics esclusivos DC y Marvel.<\/p>\n<p><!--more--><\/p>\n<p>Los asistentes a esta presentaci\u00f3n tuvieron la oportunid\u00e1 de ser los primeres en tenelo nes sos manes, am\u00e1s de llevase tr\u00e9s prints in\u00e9ditos, que tami\u00e9n se fixeron puramente pa esta Comic Con cola collaboraci\u00f3n de Panini Comics.<\/p>\n<p>Na presentaci\u00f3n y firmes, presidida por Suca Garc\u00eda (direcci\u00f3n de Metr\u00f3poli y Comic Con) y Pepe Caldelas (direcci\u00f3n de Comic Con) tuvieron los autores del C\u00f3mic Esclusivu: Dan Mora, Rafa Sandoval, Jorge Jim\u00e9nez, Bruno Redondo, Daniel Sampere, Simone di Meo a los que se xunir\u00eden los coloristes Tomeu Morey y Alejandro S\u00e1nchez, otros dos pesos pesaos del mundu del c\u00f3mic. L\u2019ambiente d\u2019Anime Con y Comic Con era bultable en tol recintu, onde\u2019l \u201ccosplay\u201d, los distintos stands tem\u00e1ticos, el market, los talleres y les charres reinaron mientres la tarde de la sesta xornada de la Metr\u00f3poli.<\/p>\n<p>A les 21.00, contra vientu y marea, saltar\u00eden a les tables del escenariu 2 <strong>Salistre que magar del agua<\/strong>, animaron al p\u00fablicu col so son\u00edu gaditano, que nos fixo sentir un poco m\u00e1s cerca del branu que g\u00fcei non se terminaba de sentir en Xix\u00f3n. En\u00e9rxicos, org\u00e1nicos y naturales podr\u00eden defini-yos, pero sobremanera, portadores de bon rollu, porque\u2019l nutr\u00edu p\u00fablicu baill\u00f3 y cant\u00f3 so l\u2019agua mientres tol so conciertu.<\/p>\n<p>Con un tiempu que nun ameyoraba, l\u2019escenariu 1 taba atarraquit\u00e1u de fans que deseyaben ver al so artista, \u00c1lvaro de Lluna. Con una impresionante puesta n\u2019escena con cortines, fueu y xuegos de lluces, la potencia del pop rock m\u00e1s actual sentir en Metr\u00f3poli. El Sevillanu que nel so d\u00eda form\u00f3 parte de Cincinnati, agora en solitariu pero con una impecable banda demostr\u00f3nos de lo que ye capaz, y ye que si puedes faer coriar de principiu a fin al to p\u00fablicu nuna tarde lluviosa, ye que daqu\u00e9 tas faciendo bien.<\/p>\n<\/div>\n<\/div>\n<\/div>\n<\/div>\n<\/div>\n<p>&nbsp;<\/p>\n<p>&nbsp;<\/p>\n","protected":false},"excerpt":{"rendered":"<p>Por xixonaldia La inauguraci\u00f3n del festival m\u00e1s esper\u00e1u del c\u00f3mic nacional da\u2019l pistoletazu de salida a cuatro d\u00edes de diversi\u00f3n, market, actuaciones, firmes y presentaciones, onde\u2019l mundu \u201cfriki\u201d ser\u00e1\u2019l protagonista. Ayeri dio empiezu la Comic Con, l\u2019eventu m\u00e1s esper\u00e1u polos amantes del c\u00f3mic y la manga. Tou empez\u00f3 a les 18.30 nel Palaciu de Congresos [&hellip;]<\/p>\n","protected":false},"author":117,"featured_media":0,"comment_status":"closed","ping_status":"open","sticky":false,"template":"","format":"standard","meta":{"footnotes":""},"categories":[57,167],"tags":[],"class_list":["post-52692","post","type-post","status-publish","format-standard","hentry","category-comic","category-feries"],"_links":{"self":[{"href":"https:\/\/edublog.educastur.es\/ixuxu\/wp-json\/wp\/v2\/posts\/52692","targetHints":{"allow":["GET"]}}],"collection":[{"href":"https:\/\/edublog.educastur.es\/ixuxu\/wp-json\/wp\/v2\/posts"}],"about":[{"href":"https:\/\/edublog.educastur.es\/ixuxu\/wp-json\/wp\/v2\/types\/post"}],"author":[{"embeddable":true,"href":"https:\/\/edublog.educastur.es\/ixuxu\/wp-json\/wp\/v2\/users\/117"}],"replies":[{"embeddable":true,"href":"https:\/\/edublog.educastur.es\/ixuxu\/wp-json\/wp\/v2\/comments?post=52692"}],"version-history":[{"count":2,"href":"https:\/\/edublog.educastur.es\/ixuxu\/wp-json\/wp\/v2\/posts\/52692\/revisions"}],"predecessor-version":[{"id":52694,"href":"https:\/\/edublog.educastur.es\/ixuxu\/wp-json\/wp\/v2\/posts\/52692\/revisions\/52694"}],"wp:attachment":[{"href":"https:\/\/edublog.educastur.es\/ixuxu\/wp-json\/wp\/v2\/media?parent=52692"}],"wp:term":[{"taxonomy":"category","embeddable":true,"href":"https:\/\/edublog.educastur.es\/ixuxu\/wp-json\/wp\/v2\/categories?post=52692"},{"taxonomy":"post_tag","embeddable":true,"href":"https:\/\/edublog.educastur.es\/ixuxu\/wp-json\/wp\/v2\/tags?post=52692"}],"curies":[{"name":"wp","href":"https:\/\/api.w.org\/{rel}","templated":true}]}}