{"id":52775,"date":"2025-07-12T08:40:50","date_gmt":"2025-07-12T06:40:50","guid":{"rendered":"https:\/\/edublog.educastur.es\/ixuxu\/?p=52775"},"modified":"2025-07-12T20:09:34","modified_gmt":"2025-07-12T18:09:34","slug":"el-tiempu-el-comercio-90","status":"publish","type":"post","link":"https:\/\/edublog.educastur.es\/ixuxu\/2025\/07\/el-tiempu-el-comercio-90\/","title":{"rendered":"El tiempu (El Comercio)"},"content":{"rendered":"<p style=\"text-align: center\"><a href=\"https:\/\/s3.ppllstatics.com\/elcomercio\/www\/multimedia\/2025\/07\/11\/tiempo-asturias-sabado-12-julio-kiBF-U2301948938566Ca-1200x860@El%20Comercio.jpg\"><img loading=\"lazy\" decoding=\"async\" class=\"aligncenter size-large\" src=\"https:\/\/s3.ppllstatics.com\/elcomercio\/www\/multimedia\/2025\/07\/11\/tiempo-asturias-sabado-12-julio-kiBF-U2301948938566Ca-1200x860@El%20Comercio.jpg\" width=\"1200\" height=\"860\" \/><\/a><\/p>\n<p><strong><span style=\"color: #008080\">Mientres la tarde-nueche d&#8217;esti vienres<\/span><\/strong> rexistr\u00e1ronse bastios localmente fuertes y acompa\u00f1aos de nubes en sector oriental que provoc\u00f3 alzar a naranxa l&#8217;avisu na mari\u00f1a de dichu sector pr\u00e1cticamente sobre la marcha. <span style=\"color: #008080\"><strong>El s\u00e1badu<\/strong><\/span>, sicas\u00ed, va presentase una xornada bastante m\u00e1s estable. Vamos tener nubosid\u00e1 variable <span style=\"color: #008080\"><strong>mientres la ma\u00f1ana<\/strong><\/span> pero, a lo llargo del d\u00eda, dir\u00e1n abri\u00e9ndose grandes claros que van empezar pola mari\u00f1a y van estendese escontra l&#8217;interior. Comoquier, <strong><span style=\"color: #008080\">mientres la tarde<\/span> <\/strong>van apaecer nubes d&#8217;evoluci\u00f3n que podr\u00eden dexar dellos bastios d\u00e9biles escontra&#8217;l cordal pero que, a priori, nada van tener que ver cola intensid\u00e1 de los que se rexistraron especialmente nel oriente asturianu. <strong><span style=\"color: #008080\">Los vientos<\/span><\/strong> van ser fluexos con dalguna racha moderada na mari\u00f1a. <strong><span style=\"color: #008080\">Les temperatures m\u00e1ximes<\/span><\/strong> van xubir llixeramente n&#8217;occidente, van baxar nel cordal y van caltenese ensin cambeos nel restu. <strong><span style=\"color: #008080\">Les m\u00ednimes<\/span><\/strong> apenes van variar respectu al vienres.<\/p>\n<p><!--more--><\/p>\n<p><strong><span style=\"color: #008080\">El domingu<\/span><\/strong> esperamos amanecer con nubes baxes na mari\u00f1a y nel interior central, y con grandes claros nel restu. Estes nubes baxes van sumir y, especialmente a partir del mediud\u00eda, ye bien probable que predomine&#8217;l sol en pr\u00e1cticamente tola met\u00e1 norte. Sicas\u00ed, van dir aumentando les nubes pel sur y nun se refuguen precipitaciones d\u00e9biles a la fin de la tarde.<\/p>\n","protected":false},"excerpt":{"rendered":"<p>Mientres la tarde-nueche d&#8217;esti vienres rexistr\u00e1ronse bastios localmente fuertes y acompa\u00f1aos de nubes en sector oriental que provoc\u00f3 alzar a naranxa l&#8217;avisu na mari\u00f1a de dichu sector pr\u00e1cticamente sobre la marcha. El s\u00e1badu, sicas\u00ed, va presentase una xornada bastante m\u00e1s estable. Vamos tener nubosid\u00e1 variable mientres la ma\u00f1ana pero, a lo llargo del d\u00eda, dir\u00e1n [&hellip;]<\/p>\n","protected":false},"author":117,"featured_media":0,"comment_status":"closed","ping_status":"open","sticky":false,"template":"","format":"standard","meta":{"footnotes":""},"categories":[5],"tags":[],"class_list":["post-52775","post","type-post","status-publish","format-standard","hentry","category-tiempu"],"_links":{"self":[{"href":"https:\/\/edublog.educastur.es\/ixuxu\/wp-json\/wp\/v2\/posts\/52775","targetHints":{"allow":["GET"]}}],"collection":[{"href":"https:\/\/edublog.educastur.es\/ixuxu\/wp-json\/wp\/v2\/posts"}],"about":[{"href":"https:\/\/edublog.educastur.es\/ixuxu\/wp-json\/wp\/v2\/types\/post"}],"author":[{"embeddable":true,"href":"https:\/\/edublog.educastur.es\/ixuxu\/wp-json\/wp\/v2\/users\/117"}],"replies":[{"embeddable":true,"href":"https:\/\/edublog.educastur.es\/ixuxu\/wp-json\/wp\/v2\/comments?post=52775"}],"version-history":[{"count":3,"href":"https:\/\/edublog.educastur.es\/ixuxu\/wp-json\/wp\/v2\/posts\/52775\/revisions"}],"predecessor-version":[{"id":52778,"href":"https:\/\/edublog.educastur.es\/ixuxu\/wp-json\/wp\/v2\/posts\/52775\/revisions\/52778"}],"wp:attachment":[{"href":"https:\/\/edublog.educastur.es\/ixuxu\/wp-json\/wp\/v2\/media?parent=52775"}],"wp:term":[{"taxonomy":"category","embeddable":true,"href":"https:\/\/edublog.educastur.es\/ixuxu\/wp-json\/wp\/v2\/categories?post=52775"},{"taxonomy":"post_tag","embeddable":true,"href":"https:\/\/edublog.educastur.es\/ixuxu\/wp-json\/wp\/v2\/tags?post=52775"}],"curies":[{"name":"wp","href":"https:\/\/api.w.org\/{rel}","templated":true}]}}