{"id":52779,"date":"2025-07-12T16:00:23","date_gmt":"2025-07-12T14:00:23","guid":{"rendered":"https:\/\/edublog.educastur.es\/ixuxu\/?p=52779"},"modified":"2025-07-14T11:29:20","modified_gmt":"2025-07-14T09:29:20","slug":"festival-de-la-sidra-de-nava","status":"publish","type":"post","link":"https:\/\/edublog.educastur.es\/ixuxu\/2025\/07\/festival-de-la-sidra-de-nava\/","title":{"rendered":"Festival de la sidra de Nava"},"content":{"rendered":"<p><span style=\"color: #008080\"><strong><a href=\"https:\/\/www.instagram.com\/sidramzapatero\/?hl=es\">Sidra Zapatero, de Nava<\/a>,<\/strong><\/span> trunfa por partida doble nel Festival de Nava. La villa llagarera vive una animada xornada na celebraci\u00f3n dedicada a la nuesa b\u00e9bora rexonal na que&#8217;l premiu a la etiqueta &#8216;m\u00e1s guapina&#8217; del Festival de Nava, foi para <strong><span style=\"color: #008080\">Sidra Riestra, de Sariegu. <\/span><\/strong><a href=\"https:\/\/www.elcomercio.es\/area-metropolitana-asturias\/siero-centro\/mejor-sidra-asturias-zapatero-festival-nava-20250712153820-nt.html\"><span style=\"color: #008080\"><span style=\"color: #000000\">El Comercio<\/span><\/span><\/a><\/p>\n<p style=\"text-align: center\"><span class=\"html-span xexx8yu x4uap5 x18d9i69 xkhd6sd x1hl2dhg x16tdsg8 x1vvkbs x3nfvp2 x1j61x8r x1fcty0u xdj266r xat24cr xgzva0m xhhsvwb xxymvpz xlup9mm x1kky2od\">\n<!-- iframe plugin v.6.0 wordpress.org\/plugins\/iframe\/ -->\n<iframe loading=\"lazy\" src=\"https:\/\/www.instagram.com\/reel\/CXKHIdmMZKO\/embed\" width=\"460\" height=\"520\" 0=\"\/iframe\" scrolling=\"yes\" class=\"iframe-class\" frameborder=\"0\"><\/iframe>\n<\/span><\/p>\n<p><!--more--><\/p>\n<p style=\"text-align: center\"><a href=\"https:\/\/s1.ppllstatics.com\/elcomercio\/www\/multimedia\/2025\/07\/12\/mejor-sidra.jpg\"><img loading=\"lazy\" decoding=\"async\" class=\"aligncenter size-large\" src=\"https:\/\/s1.ppllstatics.com\/elcomercio\/www\/multimedia\/2025\/07\/12\/mejor-sidra.jpg\" width=\"1920\" height=\"1280\" \/><\/a><\/p>\n<p><a class=\"x1i10hfl xjbqb8w x1ejq31n x18oe1m7 x1sy0etr xstzfhl x972fbf x10w94by x1qhh985 x14e42zd x9f619 x1ypdohk xt0psk2 xe8uvvx xdj266r x14z9mp xat24cr x1lziwak xexx8yu xyri2b x18d9i69 x1c1uobl x16tdsg8 x1hl2dhg xggy1nq x1a2a7pz _aa9_ _a6hd\" role=\"link\" href=\"https:\/\/www.instagram.com\/explore\/tags\/sidramzapaterodop\/?hl=es\">#sidramzapaterodop<\/a><\/p>\n<p>&nbsp;<\/p>\n<p><span style=\"color: #008080\"><strong>Sidra Zapatero de Nava<\/strong><\/span> fixo hestoria proclam\u00e1ndose la meyor sidra d&#8217;Asturies y tami\u00e9n la del conceyu navetu nel concursu del Festival dedic\u00e1u a la nuesa b\u00e9bora aut\u00f3ctono na villa sidrera. Nel p\u00f3dium que premi\u00f3 los meyores palos de la rex\u00f3n quedar\u00eden na segunda posici\u00f3n Foncueva, de Sariegu y na tercera, <span style=\"color: #008080\"><strong>La Llarada, de Tin\u00e9u.<\/strong><\/span><\/p>\n<p>Ese foi la resultancia definitiva d&#8217;un certame al que se presentaren un total de 36 llagares de toa Asturies y que esti mediud\u00eda viv\u00eda na plaza del Conceyu de Nava una apostada final colos seis marques clasificaes para esta \u00faltima fase.<\/p>\n<p>N&#8217;una primer votaci\u00f3n rexistr\u00f3se un empate ente los dos llagares qu&#8217;optaben al tercer puestu, resueltu darr\u00e9u nuna nueva cata de dambes candidatures. Y la sorpresa prestosa pa tolos navetos llegar\u00eda cuando se desvel\u00f3 que<strong> Zapatero yera la meyor sidra asturiano y autom\u00e1ticamente tami\u00e9n el meyor local.<\/strong><\/p>\n<p style=\"text-align: center\"><span class=\"html-span xexx8yu x4uap5 x18d9i69 xkhd6sd x1hl2dhg x16tdsg8 x1vvkbs x3nfvp2 x1j61x8r x1fcty0u xdj266r xat24cr xgzva0m xhhsvwb xxymvpz xlup9mm x1kky2od\">\n<!-- iframe plugin v.6.0 wordpress.org\/plugins\/iframe\/ -->\n<iframe loading=\"lazy\" src=\"https:\/\/www.instagram.com\/reel\/CHKxwv_lPZk\/embed\" width=\"600\" height=\"620\" 0=\"\/iframe\" scrolling=\"yes\" class=\"iframe-class\" frameborder=\"0\"><\/iframe>\n<\/span><\/p>\n<p>Foi xuna allegr\u00eda m\u00e1s nun Festival de la Sidra de Nava que concit\u00f3 xuna gran animaci\u00f3n, mayor que n&#8217;ediciones anteriores y favorecida pola concentraci\u00f3n del mercad\u00edn nel mesmu espaciu onde se desenvuelven les actividaes del festival y nel que se xunten los puestos de los distintos llagares coles terraces de les sidrer\u00edes del centru de la villa.<\/p>\n<p>Una gran fiesta qu&#8217;esti domingu tien el so principal curiosu nel <strong>Concursu d&#8217;Escanciadores<\/strong> que se va celebrar dende&#8217;l mediud\u00eda, unu de los m\u00e1s prestixosos de la rex\u00f3n. Na categor\u00eda de Premiu a la<a href=\"https:\/\/www.sidrariestra.com\"> <strong>&#8216;Etiquetina m\u00e1s guapa&#8217; result\u00f3 ganadora Sidra Riestra, de Sariegu.<\/strong><\/a><\/p>\n<p style=\"text-align: center\"><a href=\"https:\/\/www.sidrariestra.com\/wp-content\/uploads\/2019\/05\/botella-sidrariestra.png\"><img loading=\"lazy\" decoding=\"async\" class=\"aligncenter \" src=\"https:\/\/www.sidrariestra.com\/wp-content\/uploads\/2019\/05\/botella-sidrariestra.png\" width=\"295\" height=\"1066\" \/><\/a><\/p>\n<p style=\"text-align: center\">\n<!-- iframe plugin v.6.0 wordpress.org\/plugins\/iframe\/ -->\n<iframe loading=\"lazy\" src=\"https:\/\/www.facebook.com\/plugins\/post.php?href=https%3A%2F%2Fwww.facebook.com%2Fphoto.php%3Ffbid%3D1161356509361742%26set%3Da.454561876707879%26type%3D3&#038;show_text=false&#038;width=500\" width=\"500\" height=\"831\" style=\"border:none;overflow:hidden\" scrolling=\"no\" frameborder=\"0\" allowfullscreen=\"true\" allow=\"autoplay; clipboard-write; encrypted-media; picture-in-picture; web-share\" 0=\"\/iframe\" class=\"iframe-class\"><\/iframe>\n<\/p>\n","protected":false},"excerpt":{"rendered":"<p>Sidra Zapatero, de Nava, trunfa por partida doble nel Festival de Nava. La villa llagarera vive una animada xornada na celebraci\u00f3n dedicada a la nuesa b\u00e9bora rexonal na que&#8217;l premiu a la etiqueta &#8216;m\u00e1s guapina&#8217; del Festival de Nava, foi para Sidra Riestra, de Sariegu. El Comercio<\/p>\n","protected":false},"author":117,"featured_media":0,"comment_status":"closed","ping_status":"open","sticky":false,"template":"","format":"standard","meta":{"footnotes":""},"categories":[204,156],"tags":[],"class_list":["post-52779","post","type-post","status-publish","format-standard","hentry","category-festivales","category-sidre"],"_links":{"self":[{"href":"https:\/\/edublog.educastur.es\/ixuxu\/wp-json\/wp\/v2\/posts\/52779","targetHints":{"allow":["GET"]}}],"collection":[{"href":"https:\/\/edublog.educastur.es\/ixuxu\/wp-json\/wp\/v2\/posts"}],"about":[{"href":"https:\/\/edublog.educastur.es\/ixuxu\/wp-json\/wp\/v2\/types\/post"}],"author":[{"embeddable":true,"href":"https:\/\/edublog.educastur.es\/ixuxu\/wp-json\/wp\/v2\/users\/117"}],"replies":[{"embeddable":true,"href":"https:\/\/edublog.educastur.es\/ixuxu\/wp-json\/wp\/v2\/comments?post=52779"}],"version-history":[{"count":12,"href":"https:\/\/edublog.educastur.es\/ixuxu\/wp-json\/wp\/v2\/posts\/52779\/revisions"}],"predecessor-version":[{"id":52881,"href":"https:\/\/edublog.educastur.es\/ixuxu\/wp-json\/wp\/v2\/posts\/52779\/revisions\/52881"}],"wp:attachment":[{"href":"https:\/\/edublog.educastur.es\/ixuxu\/wp-json\/wp\/v2\/media?parent=52779"}],"wp:term":[{"taxonomy":"category","embeddable":true,"href":"https:\/\/edublog.educastur.es\/ixuxu\/wp-json\/wp\/v2\/categories?post=52779"},{"taxonomy":"post_tag","embeddable":true,"href":"https:\/\/edublog.educastur.es\/ixuxu\/wp-json\/wp\/v2\/tags?post=52779"}],"curies":[{"name":"wp","href":"https:\/\/api.w.org\/{rel}","templated":true}]}}