{"id":52792,"date":"2025-07-12T17:24:36","date_gmt":"2025-07-12T15:24:36","guid":{"rendered":"https:\/\/edublog.educastur.es\/ixuxu\/?p=52792"},"modified":"2025-07-12T20:27:18","modified_gmt":"2025-07-12T18:27:18","slug":"candidatures-a-pueblu-exemplar-dasturies","status":"publish","type":"post","link":"https:\/\/edublog.educastur.es\/ixuxu\/2025\/07\/candidatures-a-pueblu-exemplar-dasturies\/","title":{"rendered":"Candidatures a Pueblu Exemplar d&#8217;Asturies 2025"},"content":{"rendered":"<p style=\"text-align: center\"><a href=\"https:\/\/estaticos-cdn.prensaiberica.es\/clip\/77c16693-6768-4e3c-ba22-c200be81674c_source-aspect-ratio_default_0.webp\"><img loading=\"lazy\" decoding=\"async\" class=\"aligncenter size-large\" src=\"https:\/\/estaticos-cdn.prensaiberica.es\/clip\/77c16693-6768-4e3c-ba22-c200be81674c_source-aspect-ratio_default_0.webp\" width=\"2000\" height=\"1404\" \/><\/a><\/p>\n<p><a href=\"https:\/\/www.lne.es\/asturias\/2025\/07\/11\/son-35-candidatos-pueblo-ejemplar-119593715.html\">LNE<\/a> \/<\/p>\n<p><strong>El Pueblu Exemplar llevanta pasiones.<\/strong> La reconocencia que concede la Fundaci\u00f3n Princesa d&#8217;Asturies<strong> recibi\u00f3 angua\u00f1o 35 candidatures, un r\u00e9cord dende la so creaci\u00f3n en 1990<\/strong> (ensin dir m\u00e1s all\u00e1, en 2024 hubo 29), cuando recay\u00f3 en San Esteban de Cu\u00f1aba, localid\u00e1 perteneciente al conceyu de Pe\u00f1amellera Baxa. El ganador va recibir la visita de la Princesa Leonor y, bien probablemente, de los sos padres, los Reyes Felipe VI y Sof\u00eda, y la so hermana, la Infanta Sof\u00eda.<\/p>\n<p><!--more--><br \/>\n<strong>Pero non solo eso.<\/strong> La localid\u00e1 que llogre la reconocencia va cuntar con 40.000 euros. Una cuant\u00eda qu&#8217;aument\u00f3 l&#8217;a\u00f1u pas\u00e1u dende los 25.000 que se conced\u00eden enantes. Ent\u00f3s, la localid\u00e1 cabraliega de Sotres foi la escoyida. Tami\u00e9n l&#8217;a\u00f1u pas\u00e1u hubo cambeos nes normes: para optar al premiu, les candidatures solo pueden proponer un \u00fanicu pueblu o n\u00facleu de poblaci\u00f3n (hasta ent\u00f3s, pod\u00eden ser m\u00e1s d&#8217;una mesma zona). Esta midida enllant\u00f3se para simplificar el procesu tres la edici\u00f3n de 2023, cuando&#8217;l xur\u00e1u reconoci\u00f3 al empar a tr\u00e9s parroquies de Villaviciosa: Arroes, Pion y Candamal.<\/p>\n<p><strong>Les bases dexar claro.<\/strong> Tratar d&#8217;una reconocencia destinada \u00abal pueblu, aldega, n\u00facleu de poblaci\u00f3n, espaciu paisax\u00edsticu o grupu humanu del Princip\u00e1u d&#8217;Asturies que destacara de manera notable na defensa y caltenimientu de la so redolada natural, ambiental, de patrimoniu hist\u00f3ricu, cultural o art\u00edsticu, n&#8217;iniciatives d&#8217;impulsu econ\u00f3micu y social o na realizaci\u00f3n d&#8217;obres comunales o otres manifestaciones de solidaridad sobresalientes\u00bb. El xur\u00e1u encarg\u00e1u de la decisi\u00f3n final va axuntase&#8217;l d\u00eda 2 de setiembre. La visita de los miembros de la Familia Real va llevar a cabu un d\u00eda dempu\u00e9s de la celebraci\u00f3n del actu d&#8217;entrega de los Premios \u00abPrincesa d&#8217;Asturies\u00bb, program\u00e1u angua\u00f1o para&#8217;l <strong>vienres 24 d&#8217;ochobre.<\/strong> El s\u00e1badu 25, poro, Leonor va percorrer el pueblu ganador y va conocer les peculiaridaes de cada llugar d&#8217;inter\u00e9s.<\/p>\n<p style=\"text-align: center\"><a href=\"https:\/\/estaticos-cdn.prensaiberica.es\/clip\/a50b2aaf-9d70-49bf-8fab-16f4485a370b_16-9-discover-aspect-ratio_default_0.webp\"><img loading=\"lazy\" decoding=\"async\" class=\"aligncenter size-large\" src=\"https:\/\/estaticos-cdn.prensaiberica.es\/clip\/a50b2aaf-9d70-49bf-8fab-16f4485a370b_16-9-discover-aspect-ratio_default_0.webp\" width=\"1200\" height=\"675\" \/><\/a><\/p>\n","protected":false},"excerpt":{"rendered":"<p>LNE \/ El Pueblu Exemplar llevanta pasiones. La reconocencia que concede la Fundaci\u00f3n Princesa d&#8217;Asturies recibi\u00f3 angua\u00f1o 35 candidatures, un r\u00e9cord dende la so creaci\u00f3n en 1990 (ensin dir m\u00e1s all\u00e1, en 2024 hubo 29), cuando recay\u00f3 en San Esteban de Cu\u00f1aba, localid\u00e1 perteneciente al conceyu de Pe\u00f1amellera Baxa. El ganador va recibir la visita [&hellip;]<\/p>\n","protected":false},"author":117,"featured_media":0,"comment_status":"closed","ping_status":"open","sticky":false,"template":"","format":"standard","meta":{"footnotes":""},"categories":[28,22],"tags":[],"class_list":["post-52792","post","type-post","status-publish","format-standard","hentry","category-premios-princesa-da","category-pueblos"],"_links":{"self":[{"href":"https:\/\/edublog.educastur.es\/ixuxu\/wp-json\/wp\/v2\/posts\/52792","targetHints":{"allow":["GET"]}}],"collection":[{"href":"https:\/\/edublog.educastur.es\/ixuxu\/wp-json\/wp\/v2\/posts"}],"about":[{"href":"https:\/\/edublog.educastur.es\/ixuxu\/wp-json\/wp\/v2\/types\/post"}],"author":[{"embeddable":true,"href":"https:\/\/edublog.educastur.es\/ixuxu\/wp-json\/wp\/v2\/users\/117"}],"replies":[{"embeddable":true,"href":"https:\/\/edublog.educastur.es\/ixuxu\/wp-json\/wp\/v2\/comments?post=52792"}],"version-history":[{"count":4,"href":"https:\/\/edublog.educastur.es\/ixuxu\/wp-json\/wp\/v2\/posts\/52792\/revisions"}],"predecessor-version":[{"id":52796,"href":"https:\/\/edublog.educastur.es\/ixuxu\/wp-json\/wp\/v2\/posts\/52792\/revisions\/52796"}],"wp:attachment":[{"href":"https:\/\/edublog.educastur.es\/ixuxu\/wp-json\/wp\/v2\/media?parent=52792"}],"wp:term":[{"taxonomy":"category","embeddable":true,"href":"https:\/\/edublog.educastur.es\/ixuxu\/wp-json\/wp\/v2\/categories?post=52792"},{"taxonomy":"post_tag","embeddable":true,"href":"https:\/\/edublog.educastur.es\/ixuxu\/wp-json\/wp\/v2\/tags?post=52792"}],"curies":[{"name":"wp","href":"https:\/\/api.w.org\/{rel}","templated":true}]}}