{"id":52797,"date":"2025-07-12T20:29:47","date_gmt":"2025-07-12T18:29:47","guid":{"rendered":"https:\/\/edublog.educastur.es\/ixuxu\/?p=52797"},"modified":"2025-07-12T20:32:43","modified_gmt":"2025-07-12T18:32:43","slug":"el-circo-del-sol-desata-la-llocura-en-xixon","status":"publish","type":"post","link":"https:\/\/edublog.educastur.es\/ixuxu\/2025\/07\/el-circo-del-sol-desata-la-llocura-en-xixon\/","title":{"rendered":"El \u00abCirco del Sol\u00bb desata la llocura en Xix\u00f3n"},"content":{"rendered":"<p>El nuevu espect\u00e1culu del Circu del Sol desamarra la llocura en Xix\u00f3n el d\u00eda del so estrenu: una ovaci\u00f3n de m\u00e1s de 2.000 almes. \u00abKurios\u00bb, qu&#8217;escos\u00f3 localidaes, conxel\u00f3&#8217;l tiempu nel aplausu con una funci\u00f3n qu&#8217;apuesta tou al plasmu.<\/p>\n<p style=\"text-align: center\"><a href=\"https:\/\/estaticos-cdn.prensaiberica.es\/clip\/354f1299-6441-4763-bf90-23a86ee8798a_source-aspect-ratio_default_0.jpg\"><img loading=\"lazy\" decoding=\"async\" class=\"aligncenter size-large\" src=\"https:\/\/estaticos-cdn.prensaiberica.es\/clip\/354f1299-6441-4763-bf90-23a86ee8798a_source-aspect-ratio_default_0.jpg\" width=\"2000\" height=\"1333\" \/><\/a><\/p>\n<p style=\"text-align: center\"><a href=\"https:\/\/www.lne.es\/fotos\/gijon\/2025\/07\/12\/imagenes-acrobacias-colores-circo-sol-119618666.html#foto=1\">Galer\u00eda semeyes LNE<\/a> \/<\/p>\n<p>Tami\u00e9n hubo sorpresa, col Sr. Microcosmos y la so compa\u00f1era, la peque\u00f1a Mademoiselle Lili, que surdi\u00f3 de dientro del so bombu. La famosa mano mec\u00e1nica nun se fixo esperar con un n\u00famberu nel que cuatro contorsionistes amarutaes de seres acu\u00e1ticos fixeron figures individuales y grupales ent\u00e1 desconoc\u00edes nos trataos de biomec\u00e1nica humana.<\/p>\n<p><!--more--><a href=\"https:\/\/estaticos-cdn.prensaiberica.es\/clip\/33e88167-6217-4b4b-9dda-493d3eecd783_source-aspect-ratio_default_0.jpg\"><img loading=\"lazy\" decoding=\"async\" class=\"aligncenter size-large\" src=\"https:\/\/estaticos-cdn.prensaiberica.es\/clip\/33e88167-6217-4b4b-9dda-493d3eecd783_source-aspect-ratio_default_0.jpg\" width=\"2000\" height=\"1333\" \/><\/a><\/p>\n<p><strong>Los n\u00famberos.\u00a0<\/strong>Con tou, la xente taba y\u00e1 soriella polos n\u00famberos que taben por venir. L&#8217;espect\u00e1culu arrinc\u00f3 con una escena coral que dex\u00f3 clara la est\u00e9tica de \u00abKurios\u00bb, que a\u00fana lo \u00absteampunk\u00bb y lo circense tradicional.<\/p>\n<p>Y un tren infinitu de que la so compuerta sali\u00f3 tol elencu para dar la bienvenida con un n\u00famberu musical qu&#8217;abri\u00f3 boca y convirti\u00f3 l&#8217;escenariu no que reflexa, un llaboratoriu d&#8217;idees imposibles. La referencia al viaxe vital y a lo que cada unu lleva en \u00abla so maleta\u00bb foi recurrente mientres l&#8217;espect\u00e1culu y dio pasu al primer n\u00famberu, porque d&#8217;una valija de ropa xigante apaecieron dos acr\u00f3bates.<\/p>\n","protected":false},"excerpt":{"rendered":"<p>El nuevu espect\u00e1culu del Circu del Sol desamarra la llocura en Xix\u00f3n el d\u00eda del so estrenu: una ovaci\u00f3n de m\u00e1s de 2.000 almes. \u00abKurios\u00bb, qu&#8217;escos\u00f3 localidaes, conxel\u00f3&#8217;l tiempu nel aplausu con una funci\u00f3n qu&#8217;apuesta tou al plasmu. Galer\u00eda semeyes LNE \/ Tami\u00e9n hubo sorpresa, col Sr. Microcosmos y la so compa\u00f1era, la peque\u00f1a Mademoiselle [&hellip;]<\/p>\n","protected":false},"author":117,"featured_media":0,"comment_status":"closed","ping_status":"open","sticky":false,"template":"","format":"standard","meta":{"footnotes":""},"categories":[272],"tags":[],"class_list":["post-52797","post","type-post","status-publish","format-standard","hentry","category-circu"],"_links":{"self":[{"href":"https:\/\/edublog.educastur.es\/ixuxu\/wp-json\/wp\/v2\/posts\/52797","targetHints":{"allow":["GET"]}}],"collection":[{"href":"https:\/\/edublog.educastur.es\/ixuxu\/wp-json\/wp\/v2\/posts"}],"about":[{"href":"https:\/\/edublog.educastur.es\/ixuxu\/wp-json\/wp\/v2\/types\/post"}],"author":[{"embeddable":true,"href":"https:\/\/edublog.educastur.es\/ixuxu\/wp-json\/wp\/v2\/users\/117"}],"replies":[{"embeddable":true,"href":"https:\/\/edublog.educastur.es\/ixuxu\/wp-json\/wp\/v2\/comments?post=52797"}],"version-history":[{"count":3,"href":"https:\/\/edublog.educastur.es\/ixuxu\/wp-json\/wp\/v2\/posts\/52797\/revisions"}],"predecessor-version":[{"id":52800,"href":"https:\/\/edublog.educastur.es\/ixuxu\/wp-json\/wp\/v2\/posts\/52797\/revisions\/52800"}],"wp:attachment":[{"href":"https:\/\/edublog.educastur.es\/ixuxu\/wp-json\/wp\/v2\/media?parent=52797"}],"wp:term":[{"taxonomy":"category","embeddable":true,"href":"https:\/\/edublog.educastur.es\/ixuxu\/wp-json\/wp\/v2\/categories?post=52797"},{"taxonomy":"post_tag","embeddable":true,"href":"https:\/\/edublog.educastur.es\/ixuxu\/wp-json\/wp\/v2\/tags?post=52797"}],"curies":[{"name":"wp","href":"https:\/\/api.w.org\/{rel}","templated":true}]}}