{"id":52854,"date":"2025-07-14T08:30:41","date_gmt":"2025-07-14T06:30:41","guid":{"rendered":"https:\/\/edublog.educastur.es\/ixuxu\/?p=52854"},"modified":"2025-07-14T10:53:25","modified_gmt":"2025-07-14T08:53:25","slug":"el-tiempu-el-comercio-92","status":"publish","type":"post","link":"https:\/\/edublog.educastur.es\/ixuxu\/2025\/07\/el-tiempu-el-comercio-92\/","title":{"rendered":"El tiempu (El Comercio)"},"content":{"rendered":"<p><img decoding=\"async\" src=\"https:\/\/s1.ppllstatics.com\/elcomercio\/www\/multimedia\/2025\/07\/13\/prevision-tiempo-asturias-k9PE-U2301948938566Ca-1200x860@El%20Comercio.jpg\" \/><\/p>\n<p><strong>Vamos amanecer<\/strong> con cielos nublos y nun se refuguen dellos orbayos pocu importantes especialmente escontra al oriente. <strong>A lo llargo del d\u00eda<\/strong> dir\u00e1n abri\u00e9ndose grandes claros. Van empezar pol occidente y depu\u00e9s tami\u00e9n pola mari\u00f1a, quedando ent\u00e1 nubes escontra&#8217;l sur y escontra l&#8217;oriente de la rex\u00f3n. <strong>Los vientos<\/strong> van ser fluexos predominando de noroeste-norte. L<strong>es temperatures m\u00e1ximes<\/strong> van caltener ensin cambeos salvu nel cordal y nel interior oriental onde, llixeramente, van baxar. <strong>Les m\u00ednimes<\/strong> nun van variar.<\/p>\n<p><!--more--><\/p>\n<p><strong> El martes<\/strong> preven cielos pocu nublos o estenos mientres gran parte del d\u00eda.<strong> Los vientos<\/strong> van ser fluexos predominando de nordeste y con posibilid\u00e1 de dalguna racha moderada na mari\u00f1a. <strong>Les temperatures m\u00e1ximes<\/strong> van xubir de forma significativa nel terciu sur, y de forma llixera nel restu del interior. <strong>Les m\u00ednimes<\/strong>, sicas\u00ed, van baxar, y dichu descensu va ser m\u00e1s importante nel interior oriental.<\/p>\n<p><strong>Tantu&#8217;l mi\u00e9rcoles como&#8217;l xueves<\/strong> van ser dos d\u00edes calorosos n&#8217;Asturies cuidao que se preve un ascensu de les temperatures tantu nun d\u00eda como nel otru. Am\u00e1s, va predominar los cielos soleyeros anque, nel casu del xueves, van poder aumentar les nubes medies y altes pela tarde dende&#8217;l cordal.<\/p>\n<p><strong>El vienres<\/strong> van baxar les temperatures.<\/p>\n<p>&nbsp;<\/p>\n","protected":false},"excerpt":{"rendered":"<p>Vamos amanecer con cielos nublos y nun se refuguen dellos orbayos pocu importantes especialmente escontra al oriente. A lo llargo del d\u00eda dir\u00e1n abri\u00e9ndose grandes claros. Van empezar pol occidente y depu\u00e9s tami\u00e9n pola mari\u00f1a, quedando ent\u00e1 nubes escontra&#8217;l sur y escontra l&#8217;oriente de la rex\u00f3n. Los vientos van ser fluexos predominando de noroeste-norte. Les [&hellip;]<\/p>\n","protected":false},"author":117,"featured_media":0,"comment_status":"closed","ping_status":"open","sticky":false,"template":"","format":"standard","meta":{"footnotes":""},"categories":[5],"tags":[],"class_list":["post-52854","post","type-post","status-publish","format-standard","hentry","category-tiempu"],"_links":{"self":[{"href":"https:\/\/edublog.educastur.es\/ixuxu\/wp-json\/wp\/v2\/posts\/52854","targetHints":{"allow":["GET"]}}],"collection":[{"href":"https:\/\/edublog.educastur.es\/ixuxu\/wp-json\/wp\/v2\/posts"}],"about":[{"href":"https:\/\/edublog.educastur.es\/ixuxu\/wp-json\/wp\/v2\/types\/post"}],"author":[{"embeddable":true,"href":"https:\/\/edublog.educastur.es\/ixuxu\/wp-json\/wp\/v2\/users\/117"}],"replies":[{"embeddable":true,"href":"https:\/\/edublog.educastur.es\/ixuxu\/wp-json\/wp\/v2\/comments?post=52854"}],"version-history":[{"count":1,"href":"https:\/\/edublog.educastur.es\/ixuxu\/wp-json\/wp\/v2\/posts\/52854\/revisions"}],"predecessor-version":[{"id":52855,"href":"https:\/\/edublog.educastur.es\/ixuxu\/wp-json\/wp\/v2\/posts\/52854\/revisions\/52855"}],"wp:attachment":[{"href":"https:\/\/edublog.educastur.es\/ixuxu\/wp-json\/wp\/v2\/media?parent=52854"}],"wp:term":[{"taxonomy":"category","embeddable":true,"href":"https:\/\/edublog.educastur.es\/ixuxu\/wp-json\/wp\/v2\/categories?post=52854"},{"taxonomy":"post_tag","embeddable":true,"href":"https:\/\/edublog.educastur.es\/ixuxu\/wp-json\/wp\/v2\/tags?post=52854"}],"curies":[{"name":"wp","href":"https:\/\/api.w.org\/{rel}","templated":true}]}}