{"id":52856,"date":"2025-07-14T10:56:13","date_gmt":"2025-07-14T08:56:13","guid":{"rendered":"https:\/\/edublog.educastur.es\/ixuxu\/?p=52856"},"modified":"2025-07-14T10:59:46","modified_gmt":"2025-07-14T08:59:46","slug":"naz-ayande-festival-una-cita-unica-que-combina-yoga-y-astronomia","status":"publish","type":"post","link":"https:\/\/edublog.educastur.es\/ixuxu\/2025\/07\/naz-ayande-festival-una-cita-unica-que-combina-yoga-y-astronomia\/","title":{"rendered":"Naz \u00abAyande Festival\u00bb, una cita \u00fanica que combina yoga y astronom\u00eda"},"content":{"rendered":"<p>Naz <a href=\"https:\/\/www.allandefestival.com\"><span style=\"color: #008080\"><strong>Ayande Festival<\/strong><\/span><\/a>, una cita \u00fanica que combina yoga y astronom\u00eda. La divulgaci\u00f3n cient\u00edfica, el contactu cola naturaleza y la busca del bienestar emocional sostienen esti proyectu empobin\u00e1u a families que se va desenvolver los d\u00edes 18 y 19 de xunetu nel conceyu suroccidental.\u00a0 \u2022<a href=\"https:\/\/www.elcomercio.es\/planes\/allande-festival-yoga-astronomia-20250707132344-nt.html\">El Comercio<\/a>\/ <a class=\"sqs-block-button-element--medium sqs-button-element--primary sqs-block-button-element\" href=\"https:\/\/www.allandefestival.com\/s\/programa-descargable-mnl5.pdf\" target=\"_blank\" rel=\"noopener\" data-sqsp-button=\"\" data-initialized=\"true\">descargar programa<\/a><\/p>\n<p style=\"text-align: center\"><a href=\"https:\/\/s2.ppllstatics.com\/elcomercio\/www\/multimedia\/2025\/07\/07\/allande-stars-kIDI-U2302301581067psC-1200x840@El%20Comercio.jpg\"><img loading=\"lazy\" decoding=\"async\" class=\"aligncenter size-large\" src=\"https:\/\/s2.ppllstatics.com\/elcomercio\/www\/multimedia\/2025\/07\/07\/allande-stars-kIDI-U2302301581067psC-1200x840@El%20Comercio.jpg\" width=\"1200\" height=\"840\" \/><\/a><\/p>\n<p>\u2022 ASTRONOM\u00cdA \u2022 TELESCOPIO \u2022 YOGA \u2022 CREATIVID\u00c1 \u2022 ARTE \u2022 NATURALEZA \u2022 TALLERES \u2022 ESTRELLES \u2022 CULTURA MINDFULNESS \u2022 M\u00daSICA \u2022 ACROYOGA \u2022 CIELO \u2022 INNOVACI\u00d3N \u2022 POES\u00cdA \u2022 PISCINA \u2022 ZONA D&#8217;ACAMPADA \u2022 GASTRONOM\u00cdA<\/p>\n<p><!--more--><\/p>\n<p style=\"text-align: center\"><a href=\"https:\/\/images.squarespace-cdn.com\/content\/v1\/67c03bcfe9a81b4ea6e65477\/c68b84c4-cf13-4f33-870a-f8a47282bd80\/1entrada_nueva.png?format=750w\"><img loading=\"lazy\" decoding=\"async\" class=\"aligncenter \" src=\"https:\/\/images.squarespace-cdn.com\/content\/v1\/67c03bcfe9a81b4ea6e65477\/c68b84c4-cf13-4f33-870a-f8a47282bd80\/1entrada_nueva.png?format=750w\" width=\"370\" height=\"463\" \/><\/a><\/p>\n","protected":false},"excerpt":{"rendered":"<p>Naz Ayande Festival, una cita \u00fanica que combina yoga y astronom\u00eda. La divulgaci\u00f3n cient\u00edfica, el contactu cola naturaleza y la busca del bienestar emocional sostienen esti proyectu empobin\u00e1u a families que se va desenvolver los d\u00edes 18 y 19 de xunetu nel conceyu suroccidental.\u00a0 \u2022El Comercio\/ descargar programa \u2022 ASTRONOM\u00cdA \u2022 TELESCOPIO \u2022 YOGA \u2022 [&hellip;]<\/p>\n","protected":false},"author":117,"featured_media":0,"comment_status":"closed","ping_status":"open","sticky":false,"template":"","format":"standard","meta":{"footnotes":""},"categories":[223,204],"tags":[],"class_list":["post-52856","post","type-post","status-publish","format-standard","hentry","category-astronomia","category-festivales"],"_links":{"self":[{"href":"https:\/\/edublog.educastur.es\/ixuxu\/wp-json\/wp\/v2\/posts\/52856","targetHints":{"allow":["GET"]}}],"collection":[{"href":"https:\/\/edublog.educastur.es\/ixuxu\/wp-json\/wp\/v2\/posts"}],"about":[{"href":"https:\/\/edublog.educastur.es\/ixuxu\/wp-json\/wp\/v2\/types\/post"}],"author":[{"embeddable":true,"href":"https:\/\/edublog.educastur.es\/ixuxu\/wp-json\/wp\/v2\/users\/117"}],"replies":[{"embeddable":true,"href":"https:\/\/edublog.educastur.es\/ixuxu\/wp-json\/wp\/v2\/comments?post=52856"}],"version-history":[{"count":5,"href":"https:\/\/edublog.educastur.es\/ixuxu\/wp-json\/wp\/v2\/posts\/52856\/revisions"}],"predecessor-version":[{"id":52861,"href":"https:\/\/edublog.educastur.es\/ixuxu\/wp-json\/wp\/v2\/posts\/52856\/revisions\/52861"}],"wp:attachment":[{"href":"https:\/\/edublog.educastur.es\/ixuxu\/wp-json\/wp\/v2\/media?parent=52856"}],"wp:term":[{"taxonomy":"category","embeddable":true,"href":"https:\/\/edublog.educastur.es\/ixuxu\/wp-json\/wp\/v2\/categories?post=52856"},{"taxonomy":"post_tag","embeddable":true,"href":"https:\/\/edublog.educastur.es\/ixuxu\/wp-json\/wp\/v2\/tags?post=52856"}],"curies":[{"name":"wp","href":"https:\/\/api.w.org\/{rel}","templated":true}]}}