{"id":52866,"date":"2025-07-14T11:06:08","date_gmt":"2025-07-14T09:06:08","guid":{"rendered":"https:\/\/edublog.educastur.es\/ixuxu\/?p=52866"},"modified":"2025-07-14T11:09:34","modified_gmt":"2025-07-14T09:09:34","slug":"52866","status":"publish","type":"post","link":"https:\/\/edublog.educastur.es\/ixuxu\/2025\/07\/52866\/","title":{"rendered":"Esposici\u00f3n: M\u00e1quines Dixitales, Tecnolox\u00eda, Industria, Socied\u00e1"},"content":{"rendered":"<p style=\"text-align: center\"><a href=\"https:\/\/migijon.com\/wp-content\/uploads\/2025\/03\/BANNER-MAQUINAS-MIGIJON_cuadrado-3.png\"><img loading=\"lazy\" decoding=\"async\" class=\"aligncenter \" src=\"https:\/\/migijon.com\/wp-content\/uploads\/2025\/03\/BANNER-MAQUINAS-MIGIJON_cuadrado-3.png\" width=\"696\" height=\"696\" \/><\/a><\/p>\n<p style=\"text-align: center\"><a href=\"https:\/\/laboralcentrodearte.org\/es\/exposiciones\/maquinas-digitales\/\">Info<\/a><\/p>\n<p style=\"text-align: center\"><span style=\"color: #008080\"><strong>M\u00e1quines Dixitales, Tecnolox\u00eda, Industria, Socied\u00e1<\/strong><\/span><br \/>\n<span style=\"color: #008080\"><strong>Del\u00a031 xineru 2025 \u2013 27 setiembre 2025<\/strong><\/span><\/p>\n<p><strong>Esta esposici\u00f3n presenta 13 obres reci\u00e9n d&#8217;artistes asturianos ya internacionales qu&#8217;imaxinen otres relaciones posibles ente tecnolox\u00eda, industria y socied\u00e1.<\/strong> L&#8217;amuesa incl\u00fai la pieza ganadora del Premiu de la Comisi\u00f3n Europea S+T+ARTS d&#8217;innovaci\u00f3n en ciencia y tecnolox\u00eda impulsada dende les artes.<\/p>\n<p><!--more--><\/p>\n<p>&nbsp;<\/p>\n<p><a href=\"https:\/\/laboralcentrodearte.org\/wp-content\/uploads\/2025\/01\/HEADER-WEB.webp\"><img loading=\"lazy\" decoding=\"async\" class=\"aligncenter size-large\" src=\"https:\/\/laboralcentrodearte.org\/wp-content\/uploads\/2025\/01\/HEADER-WEB.webp\" width=\"2000\" height=\"1000\" \/><\/a><\/p>\n<div class=\"wp-block-spacer\" aria-hidden=\"true\">\n<p><strong>Les m\u00e1quines, na so interacci\u00f3n con humanos y naturaleza, revolucionen el mundu.<\/strong> Dende&#8217;l telar mec\u00e1nicu y la m\u00e1quina de vapor, pasando pol xenerador el\u00e9ctricu y los microchips, hasta llegar a internet colos sos centros de datos y sistemes de computaci\u00f3n a escala planetaria que caractericen la d\u00f3mina actual.<\/p>\n<p><strong>Esta esposici\u00f3n convida a esquizar, de forma sorprendente, les m\u00e1quines dixitales que moldien la industria y la socied\u00e1 de g\u00fcei.<\/strong> Al travi\u00e9s de narratives visuales detallaes vamos afayar, por casu, como funciona l&#8217;algoritmu de la mayor rede social del mundu; qu\u00e9 esplotaci\u00f3n de recursos naturales y trabayu humanu sofiten un dispositivu d&#8217;intelixencia artificial; o c\u00f3mo evolucionaron los sistemes de c\u00e1lculu, comunicaci\u00f3n, clasificaci\u00f3n y control dende l&#8217;a\u00f1u 1500 hasta&#8217;l nuesu presente.<\/p>\n<p>Pero l&#8217;amuesa convida tami\u00e9n a afayar m\u00e1quines dixitales alternatives qu&#8217;imaxinen otres relaciones posibles ente tecnolox\u00eda, industria y socied\u00e1. De \u201cc\u00f3digos de la conciencia\u201d que torguen a la maquinaria pesada deforestar montes protex\u00edos, a sistemes de visi\u00f3n artificial que contabilicen xestos de ci\u00f1u nel espaciu p\u00fablicu. De m\u00e1quines de cartograf\u00eda especulativa activaes pola ciudadan\u00eda, a artefactos que recuperen la nuesa atenci\u00f3n dixital frente a la desinformaci\u00f3n.<\/p>\n<p>Nun sieglu 21 nel que democracia, industria y \u00e1mbitu dixital t\u00e1n cada vez m\u00e1s interconectaos, les trelce obres equ\u00ed espuestes cuestionen l&#8217;arquitectura actual de los procesos d&#8217;innovaci\u00f3n, defendiendo que&#8217;l dise\u00f1u de les m\u00e1quines dixitales del futuru tien de tener en cuenta les repercusiones ambiental y social al llargu plazu y apostar por tecnolox\u00edes xustes, \u00e9tiques y sostenibles.<\/p>\n<\/div>\n<p>Artistas:\u00a0<a href=\"https:\/\/laboralcentrodearte.org\/es\/artistas-e-investigadores\/vladan-joler-3\/\">Vladan Joler<\/a>,\u00a0<a href=\"https:\/\/laboralcentrodearte.org\/es\/artistas-e-investigadores\/kate-crawford\/\">Kate Crawford<\/a>,\u00a0<a href=\"https:\/\/laboralcentrodearte.org\/es\/artistas-e-investigadores\/calin-segal\/\">Calin Segal<\/a><a href=\"https:\/\/laboralcentrodearte.org\/es\/?p=47565&amp;preview=true\">,<\/a>\u00a0<a href=\"https:\/\/laboralcentrodearte.org\/es\/artistas-e-investigadores\/martyna-marciniak\/\">Martyna Marciniak<\/a>,\u00a0<a href=\"https:\/\/laboralcentrodearte.org\/es\/artistas-e-investigadores\/akqa\/\">AKQA<\/a>,\u00a0<a href=\"https:\/\/laboralcentrodearte.org\/es\/artistas-e-investigadores\/noemi-iglesias-3\/\">Noemi Iglesias<\/a>\u00a0<a href=\"https:\/\/laboralcentrodearte.org\/es\/artistas-e-investigadores\/noemi-iglesias-3\/\">Barrios<\/a>,\u00a0<a href=\"https:\/\/laboralcentrodearte.org\/es\/artistas-e-investigadores\/space-popular\/\">Space Popular<\/a>,\u00a0<a href=\"https:\/\/laboralcentrodearte.org\/es\/artistas-e-investigadores\/sonya-isupova\/\">Sonya Isupova<\/a>,\u00a0<a href=\"https:\/\/laboralcentrodearte.org\/es\/artistas-e-investigadores\/gordan-savicic-y-felix-stalder\/\">Gordan Savi\u010di\u0107 y Felix Stalder<\/a>,\u00a0<a href=\"https:\/\/laboralcentrodearte.org\/es\/artistas-e-investigadores\/elisa-cuesta-5\/\">Elisa Cuesta<\/a>,\u00a0<a href=\"https:\/\/laboralcentrodearte.org\/es\/artistas-e-investigadores\/juan-canada-y-juan-gamma\/\">Juan Ca\u00f1ada<\/a><a href=\"https:\/\/laboralcentrodearte.org\/es\/?p=47586&amp;preview=true\">\u00a0y Juan Gama<\/a>,\u00a0<a href=\"https:\/\/laboralcentrodearte.org\/es\/artistas-e-investigadores\/katarzyna-szymielewicz\/\">Katarzyna Szymielewicz<\/a>.<\/p>\n<p>Comisariado:\u00a0<a href=\"https:\/\/laboralcentrodearte.org\/pablo-de-soto\/\">Pablo de Soto<\/a><\/p>\n<p style=\"text-align: center\"><a href=\"https:\/\/laboralcentrodearte.org\/wp-content\/uploads\/2025\/01\/MD-Poster-A3_page-0001-1086x1536.webp\"><img loading=\"lazy\" decoding=\"async\" class=\"aligncenter size-large\" src=\"https:\/\/laboralcentrodearte.org\/wp-content\/uploads\/2025\/01\/MD-Poster-A3_page-0001-1086x1536.webp\" width=\"1086\" height=\"1536\" \/><\/a><\/p>\n","protected":false},"excerpt":{"rendered":"<p>Info M\u00e1quines Dixitales, Tecnolox\u00eda, Industria, Socied\u00e1 Del\u00a031 xineru 2025 \u2013 27 setiembre 2025 Esta esposici\u00f3n presenta 13 obres reci\u00e9n d&#8217;artistes asturianos ya internacionales qu&#8217;imaxinen otres relaciones posibles ente tecnolox\u00eda, industria y socied\u00e1. L&#8217;amuesa incl\u00fai la pieza ganadora del Premiu de la Comisi\u00f3n Europea S+T+ARTS d&#8217;innovaci\u00f3n en ciencia y tecnolox\u00eda impulsada dende les artes.<\/p>\n","protected":false},"author":117,"featured_media":0,"comment_status":"closed","ping_status":"open","sticky":false,"template":"","format":"standard","meta":{"footnotes":""},"categories":[14],"tags":[],"class_list":["post-52866","post","type-post","status-publish","format-standard","hentry","category-esposiciones"],"_links":{"self":[{"href":"https:\/\/edublog.educastur.es\/ixuxu\/wp-json\/wp\/v2\/posts\/52866","targetHints":{"allow":["GET"]}}],"collection":[{"href":"https:\/\/edublog.educastur.es\/ixuxu\/wp-json\/wp\/v2\/posts"}],"about":[{"href":"https:\/\/edublog.educastur.es\/ixuxu\/wp-json\/wp\/v2\/types\/post"}],"author":[{"embeddable":true,"href":"https:\/\/edublog.educastur.es\/ixuxu\/wp-json\/wp\/v2\/users\/117"}],"replies":[{"embeddable":true,"href":"https:\/\/edublog.educastur.es\/ixuxu\/wp-json\/wp\/v2\/comments?post=52866"}],"version-history":[{"count":5,"href":"https:\/\/edublog.educastur.es\/ixuxu\/wp-json\/wp\/v2\/posts\/52866\/revisions"}],"predecessor-version":[{"id":52871,"href":"https:\/\/edublog.educastur.es\/ixuxu\/wp-json\/wp\/v2\/posts\/52866\/revisions\/52871"}],"wp:attachment":[{"href":"https:\/\/edublog.educastur.es\/ixuxu\/wp-json\/wp\/v2\/media?parent=52866"}],"wp:term":[{"taxonomy":"category","embeddable":true,"href":"https:\/\/edublog.educastur.es\/ixuxu\/wp-json\/wp\/v2\/categories?post=52866"},{"taxonomy":"post_tag","embeddable":true,"href":"https:\/\/edublog.educastur.es\/ixuxu\/wp-json\/wp\/v2\/tags?post=52866"}],"curies":[{"name":"wp","href":"https:\/\/api.w.org\/{rel}","templated":true}]}}