{"id":529,"date":"2020-04-07T08:46:33","date_gmt":"2020-04-07T08:46:33","guid":{"rendered":"https:\/\/edublog.educastur.es\/ixuxu\/?p=529"},"modified":"2020-08-24T19:46:58","modified_gmt":"2020-08-24T19:46:58","slug":"dia-mundial-de-la-salu","status":"publish","type":"post","link":"https:\/\/edublog.educastur.es\/ixuxu\/2020\/04\/dia-mundial-de-la-salu\/","title":{"rendered":"D\u00eda Mundial de la Sal\u00fa"},"content":{"rendered":"<p><img loading=\"lazy\" decoding=\"async\" class=\"\" src=\"https:\/\/n24assets.nyc3.digitaloceanspaces.com\/2020\/04\/dia-salud-mundial4.jpg\" width=\"416\" height=\"277\" \/><\/p>\n<p><em>Nel a\u00f1u 1948, l\u2019Asamblea Mundial de la Sal\u00fa proclam\u00f3\u2019l 7 d\u2019abril como <strong>D\u00eda Mundial de la Sal\u00fa.<\/strong> Esta fecha foi escoyida en conmemoraci\u00f3n a la fundaci\u00f3n de la OMS y cola necesid\u00e1 <\/em><em>de crear conciencia sobro les enfermedaes mortales mundiales y crear vezos sanos nes persones. <a href=\"https:\/\/www.who.int\/es\/news-room\/events\/detail\/2020\/04\/07\/default-calendar\/world-health-day\" target=\"_blank\" rel=\"noopener noreferrer\">P\u00e1xina de la OMS<\/a><br \/>\n<\/em><\/p>\n<h4><em>La celebraci\u00f3n d\u2019esti d\u00eda ll\u00e9vase a cabu <u>dende\u2019l 7 d\u2019abril de 1950<\/u> y a\u00f1almente escu\u00e9yese una tema que tea bas\u00e1u nes necesidaes y suxerencies que realicen los Estaos miembros.<\/em><\/h4>\n<p><em><br \/>\n2020: Nel <u><strong>A\u00f1u Internacional del Personal d\u2019Enfermer\u00eda y de Parter\u00eda.<\/strong><\/u><\/em><\/p>\n<p><a href=\"https:\/\/www.elconfidencialdigital.com\/asset\/zoomcrop,1366,800,center,center\/\/media\/elconfidencialdigital\/images\/2020\/04\/07\/2020040710542890924.png\" target=\"_blank\" rel=\"noopener noreferrer\"><img loading=\"lazy\" decoding=\"async\" class=\"\" src=\"https:\/\/www.elconfidencialdigital.com\/asset\/zoomcrop,1366,800,center,center\/\/media\/elconfidencialdigital\/images\/2020\/04\/07\/2020040710542890924.png\" width=\"459\" height=\"268\" \/><\/a><\/p>\n<p><em>Va dedicase a poner de relieve\u2019l papel fundamental que desempe\u00f1en estos profesionales na prestaci\u00f3n de servicios de sal\u00fa en tol mundu, y a faer un llamamientu para fortalecelo. <\/em><em>Nos \u00faltimos a\u00f1os, les campa\u00f1es de la<\/em><em>\u00a0 <u>OMS trabayaron pa fomentar que la<\/u><\/em><em><u> sanid\u00e1 llegue a tolos rincones del planeta<\/u>,<\/em><em> faciendo posible que les persones puedan<\/em><em> tener l\u2019atenci\u00f3n sanitaria cuando la precisen<\/em><em><br \/>\nnel senu de la so comunid\u00e1, que nun tengan<\/em><em> que movese llargues distancies pa llograla,<\/em><em> y que s\u00ed <\/em><em>a algamadiza pa les families.<\/em><\/p>\n<p><!--more--><\/p>\n<h4><em>A pesar d\u2019ello, <u>munches persones siguen ensin tener accesu a una atenci\u00f3n <\/u><\/em><em><u>sanitaria\u00a0 <\/u><u>calidable<\/u>, ya inclusive asocede que munches persones vense obligaes a escoyer ente la sal\u00fa, y otros gastos cotidianos, como alimentos ya inclusive un techu.<\/em><\/h4>\n<p><a href=\"https:\/\/www.larepublica.net\/storage\/images\/2020\/04\/06\/20200406173447.salud.jpg\" target=\"_blank\" rel=\"noopener noreferrer\"><img loading=\"lazy\" decoding=\"async\" class=\"\" src=\"https:\/\/www.larepublica.net\/storage\/images\/2020\/04\/06\/20200406173447.salud.jpg\" width=\"425\" height=\"223\" \/><\/a><\/p>\n","protected":false},"excerpt":{"rendered":"<p>Nel a\u00f1u 1948, l\u2019Asamblea Mundial de la Sal\u00fa proclam\u00f3\u2019l 7 d\u2019abril como D\u00eda Mundial de la Sal\u00fa. Esta fecha foi escoyida en conmemoraci\u00f3n a la fundaci\u00f3n de la OMS y cola necesid\u00e1 de crear conciencia sobro les enfermedaes mortales mundiales y crear vezos sanos nes persones. P\u00e1xina de la OMS La celebraci\u00f3n d\u2019esti d\u00eda ll\u00e9vase [&hellip;]<\/p>\n","protected":false},"author":117,"featured_media":0,"comment_status":"closed","ping_status":"open","sticky":false,"template":"","format":"standard","meta":{"footnotes":""},"categories":[6],"tags":[],"class_list":["post-529","post","type-post","status-publish","format-standard","hentry","category-dia-de"],"_links":{"self":[{"href":"https:\/\/edublog.educastur.es\/ixuxu\/wp-json\/wp\/v2\/posts\/529","targetHints":{"allow":["GET"]}}],"collection":[{"href":"https:\/\/edublog.educastur.es\/ixuxu\/wp-json\/wp\/v2\/posts"}],"about":[{"href":"https:\/\/edublog.educastur.es\/ixuxu\/wp-json\/wp\/v2\/types\/post"}],"author":[{"embeddable":true,"href":"https:\/\/edublog.educastur.es\/ixuxu\/wp-json\/wp\/v2\/users\/117"}],"replies":[{"embeddable":true,"href":"https:\/\/edublog.educastur.es\/ixuxu\/wp-json\/wp\/v2\/comments?post=529"}],"version-history":[{"count":1,"href":"https:\/\/edublog.educastur.es\/ixuxu\/wp-json\/wp\/v2\/posts\/529\/revisions"}],"predecessor-version":[{"id":530,"href":"https:\/\/edublog.educastur.es\/ixuxu\/wp-json\/wp\/v2\/posts\/529\/revisions\/530"}],"wp:attachment":[{"href":"https:\/\/edublog.educastur.es\/ixuxu\/wp-json\/wp\/v2\/media?parent=529"}],"wp:term":[{"taxonomy":"category","embeddable":true,"href":"https:\/\/edublog.educastur.es\/ixuxu\/wp-json\/wp\/v2\/categories?post=529"},{"taxonomy":"post_tag","embeddable":true,"href":"https:\/\/edublog.educastur.es\/ixuxu\/wp-json\/wp\/v2\/tags?post=529"}],"curies":[{"name":"wp","href":"https:\/\/api.w.org\/{rel}","templated":true}]}}