{"id":52921,"date":"2025-07-14T10:00:10","date_gmt":"2025-07-14T08:00:10","guid":{"rendered":"https:\/\/edublog.educastur.es\/ixuxu\/?p=52921"},"modified":"2025-07-14T21:40:59","modified_gmt":"2025-07-14T19:40:59","slug":"15-candidatures-pa-la-xerencia-nueva-de-la-ospa","status":"publish","type":"post","link":"https:\/\/edublog.educastur.es\/ixuxu\/2025\/07\/15-candidatures-pa-la-xerencia-nueva-de-la-ospa\/","title":{"rendered":"15 candidatures pa la xerencia nueva de la OSPA"},"content":{"rendered":"<div class=\"html-div xdj266r x14z9mp xat24cr x1lziwak xexx8yu x1a8lsjc xf7dkkf xv54qhq\">\n<div class=\"html-div xdj266r x14z9mp xat24cr x1lziwak xexx8yu xyri2b x18d9i69 x1c1uobl x1jx94hy x78zum5 x1q0g3np\">\n<div class=\"x78zum5 xdt5ytf xz62fqu x16ldp7u\">\n<div class=\"xu06os2 x1ok221b\">\n<div class=\"html-div xdj266r x14z9mp xat24cr x1lziwak xexx8yu xyri2b x18d9i69 x1c1uobl\" data-ad-rendering-role=\"profile_name\">\n<ul>\n<li class=\"html-h3 x14z9mp xat24cr x1lziwak xexx8yu xyri2b x18d9i69 x1c1uobl x1vvkbs x1heor9g x1qlqyl8 x1pd3egz x1a2a7pz x1gslohp x1yc453h\"><span class=\"x1lliihq x6ikm8r x10wlt62 x1n2onr6\"><span class=\"xt0psk2\"><a class=\"x1i10hfl xjbqb8w x1ejq31n x18oe1m7 x1sy0etr xstzfhl x972fbf x10w94by x1qhh985 x14e42zd x9f619 x1ypdohk xt0psk2 xe8uvvx xdj266r x14z9mp xat24cr x1lziwak xexx8yu xyri2b x18d9i69 x1c1uobl x16tdsg8 x1hl2dhg xggy1nq x1a2a7pz xkrqix3 x1sur9pj xzsf02u x1s688f\" role=\"link\" href=\"https:\/\/www.facebook.com\/culturaAST?__cft__[0]=AZWwFLjOOVEIsmXS5hb2JPSdC107Hgx3jP0iOKNdPnfuE5Q8nLNssRYiPBYpYVNgUNZehoWxeH1jzxIS_Rp8Eve2b5o9oCquAxDJz6Elc5rxZn2Zf8Sbawu5PLR1au-JJCXAFYjmuOconGxv1B3juvhTSsv3MPnEfcWQrchMiDKG1ru0bO_8o6vXQaPThLtXNgjEDn-lca8GejS_5qRpUEa4mUtj5IKmS1aFgjd64ca--A&amp;__tn__=-UC%2CP-y-R\"><strong class=\"html-strong xdj266r x14z9mp xat24cr x1lziwak xexx8yu xyri2b x18d9i69 x1c1uobl x1hl2dhg x16tdsg8 x1vvkbs x1s688f\"><span class=\"html-span xdj266r x14z9mp xat24cr x1lziwak xexx8yu xyri2b x18d9i69 x1c1uobl x1hl2dhg x16tdsg8 x1vvkbs\">Conseyer\u00eda de Cultura, Pol\u00edtica Lling\u00fc\u00edstica y Deporte<\/span><\/strong><\/a><\/span><\/span><\/li>\n<\/ul>\n<p style=\"text-align: center\"><a href=\"https:\/\/actualidad.asturias.es\/documents\/537115\/2687783\/2025_07_14+Ospa.jpg\/63259cac-3f70-b2a7-7e76-677a6e8bbf88?t=1752501138167\"><img loading=\"lazy\" decoding=\"async\" class=\"aligncenter size-large\" src=\"https:\/\/actualidad.asturias.es\/documents\/537115\/2687783\/2025_07_14+Ospa.jpg\/63259cac-3f70-b2a7-7e76-677a6e8bbf88?t=1752501138167\" width=\"2046\" height=\"935\" \/><\/a><\/p>\n<\/div>\n<\/div>\n<div class=\"xu06os2 x1ok221b\">\n<div class=\"html-div xdj266r x14z9mp xat24cr x1lziwak xexx8yu xyri2b x18d9i69 x1c1uobl x1q0g3np\"><\/div>\n<\/div>\n<\/div>\n<\/div>\n<\/div>\n<div class=\"html-div xdj266r x14z9mp xat24cr x1lziwak xexx8yu xyri2b x18d9i69 x1c1uobl\" dir=\"auto\">\n<div class=\"html-div xdj266r x14z9mp xat24cr x1lziwak xexx8yu xyri2b x18d9i69 x1c1uobl\" dir=\"auto\">\n<div class=\"html-div xdj266r x14z9mp xat24cr x1lziwak xexx8yu xyri2b x18d9i69 x1c1uobl\" data-ad-rendering-role=\"story_message\">\n<div class=\"x1l90r2v x1iorvi4 x1g0dm76 xpdmqnj\" data-ad-comet-preview=\"message\" data-ad-preview=\"message\">\n<div class=\"x78zum5 xdt5ytf xz62fqu x16ldp7u\">\n<div class=\"xu06os2 x1ok221b\">\n<div class=\"html-div xdj266r x14z9mp xat24cr x1lziwak xexx8yu xyri2b x18d9i69 x1c1uobl\">\n<div class=\"xdj266r x14z9mp xat24cr x1lziwak x1vvkbs x126k92a\">\n<div dir=\"auto\"><span class=\"html-span xexx8yu xyri2b x18d9i69 x1c1uobl x1hl2dhg x16tdsg8 x1vvkbs x3nfvp2 x1j61x8r x1fcty0u xdj266r xat24cr xm2jcoa x1mpyi22 xxymvpz xlup9mm x1kky2od\"><img loading=\"lazy\" decoding=\"async\" class=\"xz74otr x15mokao x1ga7v0g x16uus16 xbiv7yw\" src=\"https:\/\/static.xx.fbcdn.net\/images\/emoji.php\/v9\/t4b\/1\/16\/1f3bb.png\" alt=\"\ud83c\udfbb\" width=\"16\" height=\"16\" \/><\/span> 15 candidatures pa la xerencia nueva de la <a href=\"https:\/\/ospa.es\"><strong>OSPA. La Orquesta Sinf\u00f3nica del Princip\u00e1u d\u2019Asturies<\/strong> <\/a>recibi\u00f3 15 solicit\u00faes pa ocupar la plaza de xerencia, una medr\u00eda al respective de la convocatoria anterior. La comisi\u00f3n de valoraci\u00f3n ta compuesta por representantes del Conseyu Rector y 5 profesionales del mundu musical.<\/div>\n<\/div>\n<div class=\"x14z9mp xat24cr x1lziwak x1vvkbs xtlvy1s x126k92a\">\n<div dir=\"auto\"><!--more--><\/div>\n<ul>\n<li dir=\"auto\"><span class=\"html-span xexx8yu xyri2b x18d9i69 x1c1uobl x1hl2dhg x16tdsg8 x1vvkbs x3nfvp2 x1j61x8r x1fcty0u xdj266r xat24cr xm2jcoa x1mpyi22 xxymvpz xlup9mm x1kky2od\"><img loading=\"lazy\" decoding=\"async\" class=\"xz74otr x15mokao x1ga7v0g x16uus16 xbiv7yw\" src=\"https:\/\/static.xx.fbcdn.net\/images\/emoji.php\/v9\/t42\/1\/16\/1f50e.png\" alt=\"\ud83d\udd0e\" width=\"16\" height=\"16\" \/><\/span> La evaluaci\u00f3n de m\u00e9ritos y proyectos, y les entrevistes individuales, van celebrase a finales de xunetu.<\/li>\n<li dir=\"auto\"><img loading=\"lazy\" decoding=\"async\" class=\"xz74otr x15mokao x1ga7v0g x16uus16 xbiv7yw\" src=\"https:\/\/static.xx.fbcdn.net\/images\/emoji.php\/v9\/t2d\/1\/16\/1f4cd.png\" alt=\"\ud83d\udccd\" width=\"16\" height=\"16\" \/> La propuesta final va presentala la conseyera de Cultura, Vanessa Guti\u00e9rrez, al Conseyu de Gobiernu.<\/li>\n<li dir=\"auto\"><img loading=\"lazy\" decoding=\"async\" class=\"xz74otr x15mokao x1ga7v0g x16uus16 xbiv7yw\" src=\"https:\/\/static.xx.fbcdn.net\/images\/emoji.php\/v9\/t8e\/1\/16\/2139.png\" alt=\"\u2139\ufe0f\" width=\"16\" height=\"16\" \/><span class=\"html-span xexx8yu xyri2b x18d9i69 x1c1uobl x1hl2dhg x16tdsg8 x1vvkbs x3nfvp2 x1j61x8r x1fcty0u xdj266r xat24cr xm2jcoa x1mpyi22 xxymvpz xlup9mm x1kky2od\"><img loading=\"lazy\" decoding=\"async\" class=\"xz74otr x15mokao x1ga7v0g x16uus16 xbiv7yw\" src=\"https:\/\/static.xx.fbcdn.net\/images\/emoji.php\/v9\/tca\/1\/16\/2795.png\" alt=\"\u2795\" width=\"16\" height=\"16\" \/><\/span>Info: <span class=\"html-span xdj266r x14z9mp xat24cr x1lziwak xexx8yu xyri2b x18d9i69 x1c1uobl x1hl2dhg x16tdsg8 x1vvkbs\"><a class=\"x1i10hfl xjbqb8w x1ejq31n x18oe1m7 x1sy0etr xstzfhl x972fbf x10w94by x1qhh985 x14e42zd x9f619 x1ypdohk xt0psk2 xe8uvvx xdj266r x14z9mp xat24cr x1lziwak xexx8yu xyri2b x18d9i69 x1c1uobl x16tdsg8 x1hl2dhg xggy1nq x1a2a7pz xkrqix3 x1sur9pj x1fey0fg x1s688f\" role=\"link\" href=\"https:\/\/acortar.link\/MRKHIV?fbclid=IwZXh0bgNhZW0CMTAAYnJpZBExNlBDVlBrVDFHWEZ4NXRzQQEeX1-fTJiQy_CpVPMic3FFmMLx7j97jlmrjhyiGesyS7Jt8pIxfXTeD1ZXmro_aem_aO24IMsjHSOcb-XJE7vixA\" target=\"_blank\" rel=\"nofollow noopener noreferrer\">https:\/\/acortar.link\/MRKHIV<\/a><\/span><\/li>\n<\/ul>\n<\/div>\n<\/div>\n<\/div>\n<\/div>\n<\/div>\n<\/div>\n<\/div>\n<\/div>\n<p>L\u2019actual convocatoria aprob\u00f3la\u2019l Conseyu Rector de la OSPA el 9 de xunu del 2025 y public\u00f3se nel Bolet\u00edn Oficial del Princip\u00e1u d\u2019Asturies (BOPA) el d\u00eda 18 del mesmu mes. Estes bases introducieron axustes cola mira d\u2019ameyorar el procedimientu y reforciar el procesu selectivu.<\/p>\n<p>La comisi\u00f3n de valoraci\u00f3n ta formada polos mesmos miembros que na convocatoria anterior, 2 representantes del Conseyu Rector y 5 profesionales de prestixu reconoc\u00edu n\u2019\u00e1mbitu de la m\u00fasica y la xesti\u00f3n cultural.<\/p>\n<p>Los miembros del Conseyu Rector que formen parte d\u2019esti xur\u00e1u son Ant\u00f3n Garc\u00eda, director xeneral d\u2019Acci\u00f3n Cultural y Normalizaci\u00f3n Lling\u00fc\u00edstica, y Jaime Hidalgo, secretariu xeneral t\u00e9cnicu de la Conseyer\u00eda de Cultura, Pol\u00edtica Lling\u00fc\u00edstica y Deporte. Tocante a les 5 persones de prestixu reconoc\u00edu, estes son: Encarna Rodr\u00edguez Ca\u00f1as, quien foi xerente de la OSPA y conseyera de Cultura; Cosme Marina, director art\u00edsticu de la OFIL; Myra Pearce, profesora de la OSPA; Roberto Ugarte, xerente de la Euskadiko Orkestra; y Nieves Pascual, intendente de la Orquesta de Valencia.<\/p>\n<p>De la mesma, la comisi\u00f3n y\u00e1 defini\u00f3\u2019l calendariu de trabayu, estableciendo\u2019l desenvolvimientu de la primer fase de m\u00e9ritos y la segunda de proyectu estrat\u00e9xicu y de xesti\u00f3n pa \u00faltimos d\u2019esti mes de xunetu. Les cinco candidatures con mayor puntuaci\u00f3n van pasar a la tercer y \u00faltima prueba, que va consistir nuna entrevista individual y por competencies, prevista tami\u00e9n pa los \u00faltimos d\u00edes d\u2019esti mes n\u2019Uvi\u00e9u.<\/p>\n<p>Remataes les tr\u00e9s fases, los integrantes del ment\u00e1u comit\u00e9 evaluador van proponer al Conseyu Rector de la OSPA la candidatura con mayor puntuaci\u00f3n global. Col informe favorable del Conseyu Rector, va ser la conseyera de Cultura, Pol\u00edtica Lling\u00fc\u00edstica y Deporte, Vanessa Guti\u00e9rrez, quien presente la propuesta al Conseyu de Gobiernu pal so nomamientu por decretu.<\/p>\n<p>&nbsp;<\/p>\n","protected":false},"excerpt":{"rendered":"<p>Conseyer\u00eda de Cultura, Pol\u00edtica Lling\u00fc\u00edstica y Deporte 15 candidatures pa la xerencia nueva de la OSPA. La Orquesta Sinf\u00f3nica del Princip\u00e1u d\u2019Asturies recibi\u00f3 15 solicit\u00faes pa ocupar la plaza de xerencia, una medr\u00eda al respective de la convocatoria anterior. La comisi\u00f3n de valoraci\u00f3n ta compuesta por representantes del Conseyu Rector y 5 profesionales del mundu [&hellip;]<\/p>\n","protected":false},"author":117,"featured_media":0,"comment_status":"closed","ping_status":"open","sticky":false,"template":"","format":"standard","meta":{"footnotes":""},"categories":[35],"tags":[],"class_list":["post-52921","post","type-post","status-publish","format-standard","hentry","category-musica"],"_links":{"self":[{"href":"https:\/\/edublog.educastur.es\/ixuxu\/wp-json\/wp\/v2\/posts\/52921","targetHints":{"allow":["GET"]}}],"collection":[{"href":"https:\/\/edublog.educastur.es\/ixuxu\/wp-json\/wp\/v2\/posts"}],"about":[{"href":"https:\/\/edublog.educastur.es\/ixuxu\/wp-json\/wp\/v2\/types\/post"}],"author":[{"embeddable":true,"href":"https:\/\/edublog.educastur.es\/ixuxu\/wp-json\/wp\/v2\/users\/117"}],"replies":[{"embeddable":true,"href":"https:\/\/edublog.educastur.es\/ixuxu\/wp-json\/wp\/v2\/comments?post=52921"}],"version-history":[{"count":1,"href":"https:\/\/edublog.educastur.es\/ixuxu\/wp-json\/wp\/v2\/posts\/52921\/revisions"}],"predecessor-version":[{"id":52922,"href":"https:\/\/edublog.educastur.es\/ixuxu\/wp-json\/wp\/v2\/posts\/52921\/revisions\/52922"}],"wp:attachment":[{"href":"https:\/\/edublog.educastur.es\/ixuxu\/wp-json\/wp\/v2\/media?parent=52921"}],"wp:term":[{"taxonomy":"category","embeddable":true,"href":"https:\/\/edublog.educastur.es\/ixuxu\/wp-json\/wp\/v2\/categories?post=52921"},{"taxonomy":"post_tag","embeddable":true,"href":"https:\/\/edublog.educastur.es\/ixuxu\/wp-json\/wp\/v2\/tags?post=52921"}],"curies":[{"name":"wp","href":"https:\/\/api.w.org\/{rel}","templated":true}]}}