{"id":52939,"date":"2025-07-14T10:03:43","date_gmt":"2025-07-14T08:03:43","guid":{"rendered":"https:\/\/edublog.educastur.es\/ixuxu\/?p=52939"},"modified":"2025-07-14T22:05:20","modified_gmt":"2025-07-14T20:05:20","slug":"mas-de-22-000-escedencies-llaborales-pol-cuidau-de-los-fios","status":"publish","type":"post","link":"https:\/\/edublog.educastur.es\/ixuxu\/2025\/07\/mas-de-22-000-escedencies-llaborales-pol-cuidau-de-los-fios\/","title":{"rendered":"M\u00e1s de 22.000 escedencies llaborales pol cuid\u00e1u de los f\u00edos"},"content":{"rendered":"<div class=\"padding-t-35\">\n<p>Pel branu tram\u00edtense m\u00e1s de 22.000 escedencies llaborales pol cuid\u00e1u de los f\u00edos. El preciu de los campamentos de branu crez un 5% nos postreros dos a\u00f1os. Los campamentos de branu pasaron de ser una simple opci\u00f3n d&#8217;ociu a una necesid\u00e1 pa munches families que busquen conciliar la vida llaboral coles vacaciones escolares. <a href=\"https:\/\/www.rtpa.es\/noticias-asturias-ast\/2025-07-13\/Pel-branu-tramitense-mas-de-22.000-escedencies-llaborales-pol-cuidau-de-los-fios_111752397954.html\">TPA<\/a><\/p>\n<p style=\"text-align: center\"><a href=\"https:\/\/www.rtpa.es\/fotos\/\/25\/07\/20250713111327_RTPA6848381.webp\"><img loading=\"lazy\" decoding=\"async\" class=\"aligncenter size-large\" src=\"https:\/\/www.rtpa.es\/fotos\/\/25\/07\/20250713111327_RTPA6848381.webp\" width=\"853\" height=\"480\" \/><\/a><\/p>\n<p>&nbsp;<\/p>\n<\/div>\n<p><!--more--><\/p>\n<div id=\"noticiacompleta\" class=\"parragraph-padding font-c-conent\">\n<p>Los precios medraron m\u00e1s d&#8217;un 5% nos dos \u00faltimos a\u00f1os. Seg\u00fan un estudiu de la EAE Business School, el gastu mediu por f\u00edu varia ente los 200 y 2.000 euros, daqu\u00e9 inasumible pa la mayor\u00eda de los llares espa\u00f1oles<\/p>\n<p>Por ello son munches les families y na so mayor\u00eda muyeres, el 90%, que se ven obligaes a tener que pidir una escedencia pa poder conciliar.<\/p>\n<p>Pa Miguel \u00c1ngel L\u00f3pez, profesor d\u2019EAE Business School la ufierta p\u00fablica ye insuficiente porque solo cubre&#8217;l 30% de la demanda. Por ello 7 de cada 10 families tuvieron que retayar n&#8217;otres \u00e1rees, como nes sos propies vacaciones, pa poder unviar a los sos f\u00edos a un campamentu.<\/p>\n<p>N&#8217;Asturies el preciu mediu m\u00e1s baxu d&#8217;estos campamentos ta sobre los 100 euros, pero los precios medren si s\u2019incluyen com\u00edes, idiomes o inmersi\u00f3n en nueves tecnolox\u00edes.<\/p>\n<\/div>\n","protected":false},"excerpt":{"rendered":"<p>Pel branu tram\u00edtense m\u00e1s de 22.000 escedencies llaborales pol cuid\u00e1u de los f\u00edos. El preciu de los campamentos de branu crez un 5% nos postreros dos a\u00f1os. Los campamentos de branu pasaron de ser una simple opci\u00f3n d&#8217;ociu a una necesid\u00e1 pa munches families que busquen conciliar la vida llaboral coles vacaciones escolares. TPA &nbsp;<\/p>\n","protected":false},"author":117,"featured_media":0,"comment_status":"closed","ping_status":"open","sticky":false,"template":"","format":"standard","meta":{"footnotes":""},"categories":[1],"tags":[],"class_list":["post-52939","post","type-post","status-publish","format-standard","hentry","category-sin-categoria"],"_links":{"self":[{"href":"https:\/\/edublog.educastur.es\/ixuxu\/wp-json\/wp\/v2\/posts\/52939","targetHints":{"allow":["GET"]}}],"collection":[{"href":"https:\/\/edublog.educastur.es\/ixuxu\/wp-json\/wp\/v2\/posts"}],"about":[{"href":"https:\/\/edublog.educastur.es\/ixuxu\/wp-json\/wp\/v2\/types\/post"}],"author":[{"embeddable":true,"href":"https:\/\/edublog.educastur.es\/ixuxu\/wp-json\/wp\/v2\/users\/117"}],"replies":[{"embeddable":true,"href":"https:\/\/edublog.educastur.es\/ixuxu\/wp-json\/wp\/v2\/comments?post=52939"}],"version-history":[{"count":1,"href":"https:\/\/edublog.educastur.es\/ixuxu\/wp-json\/wp\/v2\/posts\/52939\/revisions"}],"predecessor-version":[{"id":52940,"href":"https:\/\/edublog.educastur.es\/ixuxu\/wp-json\/wp\/v2\/posts\/52939\/revisions\/52940"}],"wp:attachment":[{"href":"https:\/\/edublog.educastur.es\/ixuxu\/wp-json\/wp\/v2\/media?parent=52939"}],"wp:term":[{"taxonomy":"category","embeddable":true,"href":"https:\/\/edublog.educastur.es\/ixuxu\/wp-json\/wp\/v2\/categories?post=52939"},{"taxonomy":"post_tag","embeddable":true,"href":"https:\/\/edublog.educastur.es\/ixuxu\/wp-json\/wp\/v2\/tags?post=52939"}],"curies":[{"name":"wp","href":"https:\/\/api.w.org\/{rel}","templated":true}]}}