{"id":52941,"date":"2025-07-14T22:07:54","date_gmt":"2025-07-14T20:07:54","guid":{"rendered":"https:\/\/edublog.educastur.es\/ixuxu\/?p=52941"},"modified":"2025-07-14T22:08:11","modified_gmt":"2025-07-14T20:08:11","slug":"el-samu-atiende-unes-1-000-llamaes-caldia-nasturies","status":"publish","type":"post","link":"https:\/\/edublog.educastur.es\/ixuxu\/2025\/07\/el-samu-atiende-unes-1-000-llamaes-caldia-nasturies\/","title":{"rendered":"El SAMU atiende unes 1.000 llamaes cald\u00eda n&#8217;Asturies"},"content":{"rendered":"<div class=\"padding-t-35\">\n<p class=\"font-size-xxl margin-b-5 font-weight-b color-b-050 letter-spacing--1 fuente-corporativa\"><span style=\"font-size: 16px\"><strong>Xix\u00f3n encabeza les asistencies, que medren en branu pol turismu.<\/strong> <\/span><span style=\"font-size: 16px\">Xix\u00f3n ye\u2019l conceyu con m\u00e1s asistencies m\u00e9diques urxentes. Cald\u00eda atienden ente cinco y diez. Un serviciu, el del SAMU, que medra m\u00e1s ent\u00e1 la so demanda en branu. En toa Asturies hai 216 profesionales y nueve bases d\u2019UVI m\u00f3vil. <a href=\"https:\/\/www.rtpa.es\/noticias-asturias-ast\/2025-07-13\/El-SAMU-atiende-unes-1.000-llamaes-caldia-n'Asturies_111752402629.html\"><strong>TPA<\/strong><\/a><\/span><\/p>\n<p style=\"text-align: center\"><a href=\"https:\/\/www.rtpa.es\/fotos\/\/25\/07\/20250713133329_RTPA6848959.webp\"><img loading=\"lazy\" decoding=\"async\" class=\"aligncenter size-large\" src=\"https:\/\/www.rtpa.es\/fotos\/\/25\/07\/20250713133329_RTPA6848959.webp\" width=\"853\" height=\"480\" \/><\/a><\/p>\n<\/div>\n<div id=\"noticiacompleta\" class=\"parragraph-padding font-c-conent\">\n<p>TPA Noticies acompa\u00f1\u00f3 a los <strong>profesionales que s\u2019encarguen d\u2019esta atenci\u00f3n a la ciudadan\u00eda qu\u2019acaba de cumplir 25 a\u00f1os n\u2019Asturies<\/strong>. La ma\u00f1ana arranca comprobando y revisando l\u2019ambulancia, una aut\u00e9ntica sala de paraes que replica les de los hospitales p\u2019atender a cr\u00edticos de forma m\u00f3vil. Too tien que tar preparao y llisto pa cualquier emerxencia. <strong>En toa Asturies el SAMU atiende unes 1.000 llamaes cald\u00eda.<\/strong> Xix\u00f3n encabeza les asistencies. Am\u00e1s en branu medren pol turismu.\u00a0Cada llamada tresf\u00f3rmase n\u2019esperanza y oportunid\u00e1. Una profesi\u00f3n vocacional acostumada al impactu de casos graves.<\/p>\n<\/div>\n","protected":false},"excerpt":{"rendered":"<p>Xix\u00f3n encabeza les asistencies, que medren en branu pol turismu. Xix\u00f3n ye\u2019l conceyu con m\u00e1s asistencies m\u00e9diques urxentes. Cald\u00eda atienden ente cinco y diez. Un serviciu, el del SAMU, que medra m\u00e1s ent\u00e1 la so demanda en branu. En toa Asturies hai 216 profesionales y nueve bases d\u2019UVI m\u00f3vil. TPA TPA Noticies acompa\u00f1\u00f3 a los [&hellip;]<\/p>\n","protected":false},"author":117,"featured_media":0,"comment_status":"closed","ping_status":"open","sticky":false,"template":"","format":"standard","meta":{"footnotes":""},"categories":[48],"tags":[],"class_list":["post-52941","post","type-post","status-publish","format-standard","hentry","category-salu"],"_links":{"self":[{"href":"https:\/\/edublog.educastur.es\/ixuxu\/wp-json\/wp\/v2\/posts\/52941","targetHints":{"allow":["GET"]}}],"collection":[{"href":"https:\/\/edublog.educastur.es\/ixuxu\/wp-json\/wp\/v2\/posts"}],"about":[{"href":"https:\/\/edublog.educastur.es\/ixuxu\/wp-json\/wp\/v2\/types\/post"}],"author":[{"embeddable":true,"href":"https:\/\/edublog.educastur.es\/ixuxu\/wp-json\/wp\/v2\/users\/117"}],"replies":[{"embeddable":true,"href":"https:\/\/edublog.educastur.es\/ixuxu\/wp-json\/wp\/v2\/comments?post=52941"}],"version-history":[{"count":2,"href":"https:\/\/edublog.educastur.es\/ixuxu\/wp-json\/wp\/v2\/posts\/52941\/revisions"}],"predecessor-version":[{"id":52943,"href":"https:\/\/edublog.educastur.es\/ixuxu\/wp-json\/wp\/v2\/posts\/52941\/revisions\/52943"}],"wp:attachment":[{"href":"https:\/\/edublog.educastur.es\/ixuxu\/wp-json\/wp\/v2\/media?parent=52941"}],"wp:term":[{"taxonomy":"category","embeddable":true,"href":"https:\/\/edublog.educastur.es\/ixuxu\/wp-json\/wp\/v2\/categories?post=52941"},{"taxonomy":"post_tag","embeddable":true,"href":"https:\/\/edublog.educastur.es\/ixuxu\/wp-json\/wp\/v2\/tags?post=52941"}],"curies":[{"name":"wp","href":"https:\/\/api.w.org\/{rel}","templated":true}]}}