{"id":52945,"date":"2025-07-13T20:00:12","date_gmt":"2025-07-13T18:00:12","guid":{"rendered":"https:\/\/edublog.educastur.es\/ixuxu\/?p=52945"},"modified":"2025-07-15T10:51:19","modified_gmt":"2025-07-15T08:51:19","slug":"la-instalacion-speculum-zarrase-con-6-000-visites-nel-pozu-santa-barbara","status":"publish","type":"post","link":"https:\/\/edublog.educastur.es\/ixuxu\/2025\/07\/la-instalacion-speculum-zarrase-con-6-000-visites-nel-pozu-santa-barbara\/","title":{"rendered":"La instalaci\u00f3n &#8216;Speculum&#8217; z\u00e1rrase con 6.000 visites nel Pozu Santa B\u00e1rbara"},"content":{"rendered":"<ul>\n<li class=\"font-size-m padding-b-20 font-weight-b margin-t-16\">El para\u00edsu, el Xard\u00edn del Ed\u00e9n y l&#8217;infiernu cu\u00e9lense nel pozu. <a href=\"https:\/\/www.rtpa.es\/noticias-sociedad-ast\/2025-07-13\/La-instalacion-'Speculum'-zarrase-con-6.000-visites-nel-Pozu-Santa-Barbara_111752404257.html\">TPA<\/a><\/li>\n<\/ul>\n<p style=\"text-align: center\"><a href=\"https:\/\/www.rtpa.es\/fotos\/\/25\/07\/20250713141730_RTPA6849122.webp\"><img loading=\"lazy\" decoding=\"async\" class=\"aligncenter size-large\" src=\"https:\/\/www.rtpa.es\/fotos\/\/25\/07\/20250713141730_RTPA6849122.webp\" width=\"853\" height=\"480\" \/><\/a><\/p>\n<p>La instalaci\u00f3n &#8216;Speculum&#8217; z\u00e1rrase g\u00fcei con 6.000 visitantes, algamando\u2019l r\u00e9cor d\u2019asistencia a una intervenci\u00f3n nel Pozu Santa B\u00e1rbara. Coles cinco intervenciones desendolcaes hasta agora, superen los 20.000 visitantes. <strong>El para\u00edsu, el Xard\u00edn del Ed\u00e9n y l\u2019infiernu cu\u00e9lense nel Pozu Santa B\u00e1rbara, pero, esta vegada, aplic\u00e1u al sieglu XXI.<\/strong><\/p>\n<p><!--more--><\/p>\n<p>Quiciabes nes sensaciones tea\u2019l so gran \u00e9xitu. Con 6.000 visites, algama\u2019l r\u00e9cor de les cinco intervenciones nel pozu hasta agora. Destacando\u2019l perfil nacional y internacional, llegando de Taiw\u00e1n o Nueva Zelanda.<\/p>\n<p>L\u2019afayamientu de la sala de m\u00e1quines I y II, del Economatu y el subsuelu del edificiu de compresores ta na redacci\u00f3n del proyectu y presentar\u00e1se pa finales d\u2019esti 2025. El ministeriu de Cultura invertir\u00e1 1 mill\u00f3n d\u2019euros.<\/p>\n<p>Dempu\u00e9s d\u2019esti \u00e9xitu, n\u2019ochobre, Santa B\u00e1rbara acoyer\u00e1 la intervenci\u00f3n viniente.<\/p>\n","protected":false},"excerpt":{"rendered":"<p>El para\u00edsu, el Xard\u00edn del Ed\u00e9n y l&#8217;infiernu cu\u00e9lense nel pozu. TPA La instalaci\u00f3n &#8216;Speculum&#8217; z\u00e1rrase g\u00fcei con 6.000 visitantes, algamando\u2019l r\u00e9cor d\u2019asistencia a una intervenci\u00f3n nel Pozu Santa B\u00e1rbara. Coles cinco intervenciones desendolcaes hasta agora, superen los 20.000 visitantes. El para\u00edsu, el Xard\u00edn del Ed\u00e9n y l\u2019infiernu cu\u00e9lense nel Pozu Santa B\u00e1rbara, pero, esta [&hellip;]<\/p>\n","protected":false},"author":117,"featured_media":0,"comment_status":"closed","ping_status":"open","sticky":false,"template":"","format":"standard","meta":{"footnotes":""},"categories":[14],"tags":[],"class_list":["post-52945","post","type-post","status-publish","format-standard","hentry","category-esposiciones"],"_links":{"self":[{"href":"https:\/\/edublog.educastur.es\/ixuxu\/wp-json\/wp\/v2\/posts\/52945","targetHints":{"allow":["GET"]}}],"collection":[{"href":"https:\/\/edublog.educastur.es\/ixuxu\/wp-json\/wp\/v2\/posts"}],"about":[{"href":"https:\/\/edublog.educastur.es\/ixuxu\/wp-json\/wp\/v2\/types\/post"}],"author":[{"embeddable":true,"href":"https:\/\/edublog.educastur.es\/ixuxu\/wp-json\/wp\/v2\/users\/117"}],"replies":[{"embeddable":true,"href":"https:\/\/edublog.educastur.es\/ixuxu\/wp-json\/wp\/v2\/comments?post=52945"}],"version-history":[{"count":1,"href":"https:\/\/edublog.educastur.es\/ixuxu\/wp-json\/wp\/v2\/posts\/52945\/revisions"}],"predecessor-version":[{"id":52946,"href":"https:\/\/edublog.educastur.es\/ixuxu\/wp-json\/wp\/v2\/posts\/52945\/revisions\/52946"}],"wp:attachment":[{"href":"https:\/\/edublog.educastur.es\/ixuxu\/wp-json\/wp\/v2\/media?parent=52945"}],"wp:term":[{"taxonomy":"category","embeddable":true,"href":"https:\/\/edublog.educastur.es\/ixuxu\/wp-json\/wp\/v2\/categories?post=52945"},{"taxonomy":"post_tag","embeddable":true,"href":"https:\/\/edublog.educastur.es\/ixuxu\/wp-json\/wp\/v2\/tags?post=52945"}],"curies":[{"name":"wp","href":"https:\/\/api.w.org\/{rel}","templated":true}]}}