{"id":52976,"date":"2025-07-17T14:00:41","date_gmt":"2025-07-17T12:00:41","guid":{"rendered":"https:\/\/edublog.educastur.es\/ixuxu\/?p=52976"},"modified":"2025-07-17T17:52:27","modified_gmt":"2025-07-17T15:52:27","slug":"xviii-festival-intercelticu-aviles-y-comarca-19-27-xunetu","status":"publish","type":"post","link":"https:\/\/edublog.educastur.es\/ixuxu\/2025\/07\/xviii-festival-intercelticu-aviles-y-comarca-19-27-xunetu\/","title":{"rendered":"XVIII Festival Interc\u00e9lticu Avil\u00e9s y Comarca: 19-27 xunetu"},"content":{"rendered":"<p class=\"elementor-heading-title elementor-size-default\">Avil\u00e9s convi\u00e9rtese durante ocho d\u00edes na capital folk d\u2019Asturies col XXVIII Festival Interc\u00e9lticu. Del 19 al 27 de xunetu van actuar quince artistes y agrupaciones asturianes xunto a otres d&#8217;Escocia, Irlanda, Breta\u00f1a y Galicia.<\/p>\n<p style=\"text-align: center\"><a href=\"https:\/\/musicasturiana.com\/wp-content\/uploads\/2025\/07\/510950566_1494717421499661_7547180808641744472_n-768x1311.jpg\"><img loading=\"lazy\" decoding=\"async\" class=\"aligncenter \" src=\"https:\/\/musicasturiana.com\/wp-content\/uploads\/2025\/07\/510950566_1494717421499661_7547180808641744472_n-768x1311.jpg\" width=\"447\" height=\"763\" \/><\/a><\/p>\n<p style=\"text-align: center\"><em>Cartelu de la XXVIII edici\u00f3n<\/em><\/p>\n<div class=\"x1xegmmw\">\n<div class=\"\"><\/div>\n<\/div>\n<div class=\"html-div xdj266r x14z9mp xat24cr x1lziwak xexx8yu xyri2b x18d9i69 x1c1uobl x9f619 xjbqb8w x78zum5 x15mokao x1ga7v0g x16uus16 xbiv7yw x1uhb9sk x1plvlek xryxfnj x1iyjqo2 x2lwn1j xeuugli x1q0g3np xqjyukv x1qjc9v5 x1oa3qoh x1nhvcw1\">\n<div class=\"html-div xdj266r x14z9mp xat24cr x1lziwak xexx8yu xyri2b x18d9i69 x1c1uobl x9f619 xjbqb8w x78zum5 x15mokao x1ga7v0g x16uus16 xbiv7yw x1uhb9sk x1plvlek xryxfnj x1iyjqo2 x2lwn1j xeuugli xdt5ytf xqjyukv x1qjc9v5 x1oa3qoh x1nhvcw1\">\n<ul>\n<li class=\"html-div xdj266r x14z9mp xat24cr x1lziwak xexx8yu xyri2b x18d9i69 x1c1uobl x9f619 xjbqb8w x78zum5 x15mokao x1ga7v0g x16uus16 xbiv7yw x1uhb9sk x1plvlek xryxfnj x1c4vz4f x2lah0s xdt5ytf xqjyukv x1qjc9v5 x1oa3qoh x1nhvcw1\"><span class=\"x193iq5w xeuugli x13faqbe x1vvkbs xt0psk2 x1i0vuye xvs91rp xo1l8bm x5n08af x10wh9bi xpm28yp x8viiok x1o7cslx x126k92a\">Fonte: <a href=\"https:\/\/musicasturiana.com\/\">Musicasturiana.com<\/a> \/ <a href=\"https:\/\/musicasturiana.com\/aviles-conviertese-durante-ocho-dies-na-capital-folk-dasturies-col-xxviii-festival-intercelticu\/\">entrada<\/a> \/<\/span><\/li>\n<\/ul>\n<p><!--more--><\/p>\n<p><span class=\"x193iq5w xeuugli x13faqbe x1vvkbs xt0psk2 x1i0vuye xvs91rp xo1l8bm x5n08af x10wh9bi xpm28yp x8viiok x1o7cslx x126k92a\"> Del 19 al 27 de xunetu va desendolcase\u2019l <a class=\"x1i10hfl xjbqb8w x1ejq31n x18oe1m7 x1sy0etr xstzfhl x972fbf x10w94by x1qhh985 x14e42zd x9f619 x1ypdohk xt0psk2 xe8uvvx xdj266r x14z9mp xat24cr x1lziwak xexx8yu xyri2b x18d9i69 x1c1uobl x16tdsg8 x1hl2dhg xggy1nq x1a2a7pz notranslate _a6hd\" role=\"link\" href=\"https:\/\/www.instagram.com\/festivalintercelticu\/\">@festivalintercelticu<\/a> a nel que participen 15 agrupaciones y artistes d\u2019Asturies xunto a otres d\u2019Escocia, Irlanda, Breta\u00f1a y Galicia \ud83c\udf40 La representaci\u00f3n d\u2019Asturies ye L\u2019Andecha Turcipi\u00e9, <a class=\"x1i10hfl xjbqb8w x1ejq31n x18oe1m7 x1sy0etr xstzfhl x972fbf x10w94by x1qhh985 x14e42zd x9f619 x1ypdohk xt0psk2 xe8uvvx xdj266r x14z9mp xat24cr x1lziwak xexx8yu xyri2b x18d9i69 x1c1uobl x16tdsg8 x1hl2dhg xggy1nq x1a2a7pz notranslate _a6hd\" role=\"link\" href=\"https:\/\/www.instagram.com\/pandereterasdesomiedo2024\/\">@pandereterasdesomiedo2024<\/a> , <a class=\"x1i10hfl xjbqb8w x1ejq31n x18oe1m7 x1sy0etr xstzfhl x972fbf x10w94by x1qhh985 x14e42zd x9f619 x1ypdohk xt0psk2 xe8uvvx xdj266r x14z9mp xat24cr x1lziwak xexx8yu xyri2b x18d9i69 x1c1uobl x16tdsg8 x1hl2dhg xggy1nq x1a2a7pz notranslate _a6hd\" role=\"link\" href=\"https:\/\/www.instagram.com\/herbamora\/\">@herbamora<\/a> , <a class=\"x1i10hfl xjbqb8w x1ejq31n x18oe1m7 x1sy0etr xstzfhl x972fbf x10w94by x1qhh985 x14e42zd x9f619 x1ypdohk xt0psk2 xe8uvvx xdj266r x14z9mp xat24cr x1lziwak xexx8yu xyri2b x18d9i69 x1c1uobl x16tdsg8 x1hl2dhg xggy1nq x1a2a7pz notranslate _a6hd\" role=\"link\" href=\"https:\/\/www.instagram.com\/bglatarabica\/\">@bglatarabica<\/a> , DJ Fon-T, <a class=\"x1i10hfl xjbqb8w x1ejq31n x18oe1m7 x1sy0etr xstzfhl x972fbf x10w94by x1qhh985 x14e42zd x9f619 x1ypdohk xt0psk2 xe8uvvx xdj266r x14z9mp xat24cr x1lziwak xexx8yu xyri2b x18d9i69 x1c1uobl x16tdsg8 x1hl2dhg xggy1nq x1a2a7pz notranslate _a6hd\" role=\"link\" href=\"https:\/\/www.instagram.com\/losgascones\/\">@losgascones<\/a> , <a class=\"x1i10hfl xjbqb8w x1ejq31n x18oe1m7 x1sy0etr xstzfhl x972fbf x10w94by x1qhh985 x14e42zd x9f619 x1ypdohk xt0psk2 xe8uvvx xdj266r x14z9mp xat24cr x1lziwak xexx8yu xyri2b x18d9i69 x1c1uobl x16tdsg8 x1hl2dhg xggy1nq x1a2a7pz notranslate _a6hd\" role=\"link\" href=\"https:\/\/www.instagram.com\/hector_braga\/\">@hector_braga<\/a> , <a class=\"x1i10hfl xjbqb8w x1ejq31n x18oe1m7 x1sy0etr xstzfhl x972fbf x10w94by x1qhh985 x14e42zd x9f619 x1ypdohk xt0psk2 xe8uvvx xdj266r x14z9mp xat24cr x1lziwak xexx8yu xyri2b x18d9i69 x1c1uobl x16tdsg8 x1hl2dhg xggy1nq x1a2a7pz notranslate _a6hd\" role=\"link\" href=\"https:\/\/www.instagram.com\/esbardu_\/\">@esbardu_<\/a> , Mentobardi, <a class=\"x1i10hfl xjbqb8w x1ejq31n x18oe1m7 x1sy0etr xstzfhl x972fbf x10w94by x1qhh985 x14e42zd x9f619 x1ypdohk xt0psk2 xe8uvvx xdj266r x14z9mp xat24cr x1lziwak xexx8yu xyri2b x18d9i69 x1c1uobl x16tdsg8 x1hl2dhg xggy1nq x1a2a7pz notranslate _a6hd\" role=\"link\" href=\"https:\/\/www.instagram.com\/orquestacelticaasturiana\/\">@orquestacelticaasturiana<\/a> , <a class=\"x1i10hfl xjbqb8w x1ejq31n x18oe1m7 x1sy0etr xstzfhl x972fbf x10w94by x1qhh985 x14e42zd x9f619 x1ypdohk xt0psk2 xe8uvvx xdj266r x14z9mp xat24cr x1lziwak xexx8yu xyri2b x18d9i69 x1c1uobl x16tdsg8 x1hl2dhg xggy1nq x1a2a7pz notranslate _a6hd\" role=\"link\" href=\"https:\/\/www.instagram.com\/bandagaitescorvera\/\">@bandagaitescorvera<\/a> , <a class=\"x1i10hfl xjbqb8w x1ejq31n x18oe1m7 x1sy0etr xstzfhl x972fbf x10w94by x1qhh985 x14e42zd x9f619 x1ypdohk xt0psk2 xe8uvvx xdj266r x14z9mp xat24cr x1lziwak xexx8yu xyri2b x18d9i69 x1c1uobl x16tdsg8 x1hl2dhg xggy1nq x1a2a7pz notranslate _a6hd\" role=\"link\" href=\"https:\/\/www.instagram.com\/soipanderetera\/\">@soipanderetera<\/a> y <a class=\"x1i10hfl xjbqb8w x1ejq31n x18oe1m7 x1sy0etr xstzfhl x972fbf x10w94by x1qhh985 x14e42zd x9f619 x1ypdohk xt0psk2 xe8uvvx xdj266r x14z9mp xat24cr x1lziwak xexx8yu xyri2b x18d9i69 x1c1uobl x16tdsg8 x1hl2dhg xggy1nq x1a2a7pz notranslate _a6hd\" role=\"link\" href=\"https:\/\/www.instagram.com\/bgguestia\/\">@bgguestia<\/a> .<\/span><\/p>\n<p style=\"text-align: center\"><span class=\"x193iq5w xeuugli x13faqbe x1vvkbs xt0psk2 x1i0vuye xvs91rp xo1l8bm x5n08af x10wh9bi xpm28yp x8viiok x1o7cslx x126k92a\"><span class=\"html-span xexx8yu x4uap5 x18d9i69 xkhd6sd x1hl2dhg x16tdsg8 x1vvkbs x3nfvp2 x1j61x8r x1fcty0u xdj266r xat24cr xgzva0m xhhsvwb xxymvpz xlup9mm x1kky2od\">\n<!-- iframe plugin v.6.0 wordpress.org\/plugins\/iframe\/ -->\n<iframe loading=\"lazy\" src=\"https:\/\/www.instagram.com\/p\/DMLfyaHsQ89\/embed\" width=\"460\" height=\"620\" 0=\"\/iframe\" scrolling=\"yes\" class=\"iframe-class\" frameborder=\"0\"><\/iframe>\n<\/span><\/span><\/p>\n<figure class=\"wp-block-image aligncenter size-large is-resized\"><figcaption class=\"wp-element-caption\"><\/figcaption><\/figure>\n<p>A les doce la ma\u00f1ana del <strong>s\u00e1badu 19 <\/strong>arranca la programaci\u00f3n cola III Edici\u00f3n de los<strong> premios <em>Gaus\u00f3n<\/em><\/strong> nel Palaciu de Valdecarnaza. Nella van participar la<strong> Banda Gaites La Tarabica <\/strong>-formaci\u00f3n asturmadrile\u00f1a creada en al rodiu la Casa d\u2019Asturies de Guadarrama-; y <strong>Mentobardi<\/strong>, proyectu folk de Mento Hevia nel qu\u2019interpreta la viola de gamba. Esi mesmu d\u00eda la BG La Tarabica act\u00faa a les 14h nel Parque\u2019l Muelle y a les 19 hai un pasucais de bandes de gaites de la Comarca d\u2019Avil\u00e9s. La xornada compl\u00e9tase a les 20h cola<strong> <em>Esbilla de Bandes de Gaites de la Comarca d\u2019Avil\u00e9s<\/em><\/strong> na que participen les d\u2019<strong>Esbardu<\/strong> -organizadora del eventu-, <strong>La Tarabica<\/strong> y <strong>Corvera d\u2019Asturies <\/strong>y, a les 22h, cola <em><strong>Nueche en Danza<\/strong> <\/em>na que toquen <strong>Soi Panderetera<\/strong>, <strong>L\u2019Andecha Turcipi\u00e9<\/strong>, am\u00e1s d\u2019haber escenariu abiertu. Dambes cites son nel Parque\u2019l Muelle.<\/p>\n<p>Pal <strong>domingu 20 Los Gascones <\/strong>toquen a les 13h nel Parque\u2019l Muelle; La Tarabica fai dellos pases y<strong> Pandereteras de Somiedo <\/strong>act\u00faen a les 20h na Plaza Pedro Men\u00e9ndez. Los conciertos asturianos rematen esi d\u00eda cola <strong>Orquesta C\u00e9ltica Asturiana<\/strong> (22h, Plaza Pedro Men\u00e9ndez) y <strong>DJ Fon-T<\/strong> (23.30h, Parque\u2019l Muelle), proyectu qu\u2019entemez cantares populares, mu\u00f1eires y xotas con bases r\u00edtmiques actualizaes.<\/p>\n<h2 class=\"wp-block-heading\"><mark class=\"has-inline-color\">H\u00e9ctor Braga y Herbamora<\/mark><\/h2>\n<p>La programaci\u00f3n contin\u00faa\u2019l <strong>llunes 21<\/strong> con pasucais d\u2019Esbardu pela ma\u00f1ana y les actuaciones y pasucais pela tarde de les bandes de gaites Esbardu, <strong>Picos d\u2019Europa <\/strong>y <strong>G\u00fcestia<\/strong>. Pela nueche ye\u2019l conciertu d\u2019<strong>H\u00e9ctor Braga<\/strong>, que va interpretar a les 22h nel escenariu de la Plaza Pedro Men\u00e9ndez l\u2019espect\u00e1culu del so discu nuevu, <em><strong>Rabil<\/strong><\/em>. Nesi mesmu espaciu y hora, pero\u2019l martes 22, tami\u00e9n amuesen <strong>Herbamora<\/strong>\u2018l so trabayu \u00faltimu, <em><strong>286 Llunes<\/strong><\/em>.<\/p>\n<p>Les agrupaciones d<strong>\u2018Escocia, Irlanda, Breta\u00f1a y Galicia <\/strong>protagonicen los d\u00edes vinientes con delles actuaciones. Les formaciones d\u2019Asturies van compartir espaciu con elles nos desfiles <em><strong>El Trunfu de los Pa\u00edses Celtes<\/strong><\/em> (participa Esbardu\u2019l vienres 25) y nel espect\u00e1culu <em><strong>Nueche M\u00e1xica Lluna Celta<\/strong><\/em> (22h na Plaza Pedro Men\u00e9ndez)<\/p>\n<p>El<strong> s\u00e1badu 26<\/strong> <strong>Corvera <\/strong>va acoyer delles actuaciones nes que la Banda Gaites Corvera d\u2019Asturies va ser l\u2019anfitriona y esa mesma nueche ax\u00fantense nel Parque\u2019l Muelle (23.45h) un <em>Fest-Noz<\/em> bret\u00f3n y una <em>Foliada<\/em> gallega. La <a href=\"https:\/\/www.intercelticu.com\/images\/fia2025\/Programa_FIA_2025.pdf\" target=\"_blank\" rel=\"noopener\">programaci\u00f3n <\/a>compl\u00e9tase\u2019l <strong>domingu 27<\/strong> colos <strong>desfiles y ceremonies<\/strong> d\u2019Esbardu xunto a les agrupaciones visitantes y cola actuaci\u00f3n de la Orquesta C\u00e9ltica Asturiana interpretando<strong> l\u2019himnu del F.I.A<\/strong>. Un pieslle que tien llugar a les 19.30h na Plaza Pedro Men\u00e9ndez.<\/p>\n<div class=\"wp-block-spacer\" aria-hidden=\"true\"><\/div>\n<p>&nbsp;<\/p>\n<\/div>\n<\/div>\n<p style=\"text-align: center\">\n","protected":false},"excerpt":{"rendered":"<p>Avil\u00e9s convi\u00e9rtese durante ocho d\u00edes na capital folk d\u2019Asturies col XXVIII Festival Interc\u00e9lticu. Del 19 al 27 de xunetu van actuar quince artistes y agrupaciones asturianes xunto a otres d&#8217;Escocia, Irlanda, Breta\u00f1a y Galicia. Cartelu de la XXVIII edici\u00f3n Fonte: Musicasturiana.com \/ entrada \/<\/p>\n","protected":false},"author":117,"featured_media":0,"comment_status":"closed","ping_status":"open","sticky":false,"template":"","format":"standard","meta":{"footnotes":""},"categories":[204,35,125],"tags":[],"class_list":["post-52976","post","type-post","status-publish","format-standard","hentry","category-festivales","category-musica","category-musicasturiana-com"],"_links":{"self":[{"href":"https:\/\/edublog.educastur.es\/ixuxu\/wp-json\/wp\/v2\/posts\/52976","targetHints":{"allow":["GET"]}}],"collection":[{"href":"https:\/\/edublog.educastur.es\/ixuxu\/wp-json\/wp\/v2\/posts"}],"about":[{"href":"https:\/\/edublog.educastur.es\/ixuxu\/wp-json\/wp\/v2\/types\/post"}],"author":[{"embeddable":true,"href":"https:\/\/edublog.educastur.es\/ixuxu\/wp-json\/wp\/v2\/users\/117"}],"replies":[{"embeddable":true,"href":"https:\/\/edublog.educastur.es\/ixuxu\/wp-json\/wp\/v2\/comments?post=52976"}],"version-history":[{"count":3,"href":"https:\/\/edublog.educastur.es\/ixuxu\/wp-json\/wp\/v2\/posts\/52976\/revisions"}],"predecessor-version":[{"id":53162,"href":"https:\/\/edublog.educastur.es\/ixuxu\/wp-json\/wp\/v2\/posts\/52976\/revisions\/53162"}],"wp:attachment":[{"href":"https:\/\/edublog.educastur.es\/ixuxu\/wp-json\/wp\/v2\/media?parent=52976"}],"wp:term":[{"taxonomy":"category","embeddable":true,"href":"https:\/\/edublog.educastur.es\/ixuxu\/wp-json\/wp\/v2\/categories?post=52976"},{"taxonomy":"post_tag","embeddable":true,"href":"https:\/\/edublog.educastur.es\/ixuxu\/wp-json\/wp\/v2\/tags?post=52976"}],"curies":[{"name":"wp","href":"https:\/\/api.w.org\/{rel}","templated":true}]}}