{"id":53015,"date":"2025-07-15T18:36:27","date_gmt":"2025-07-15T16:36:27","guid":{"rendered":"https:\/\/edublog.educastur.es\/ixuxu\/?p=53015"},"modified":"2025-07-16T22:35:51","modified_gmt":"2025-07-16T20:35:51","slug":"asina-yel-llobu-iberico","status":"publish","type":"post","link":"https:\/\/edublog.educastur.es\/ixuxu\/2025\/07\/asina-yel-llobu-iberico\/","title":{"rendered":"Asina ye&#8217;l Llobu Ib\u00e9rico"},"content":{"rendered":"<ul>\n<li><a href=\"https:\/\/scontent-bcn1-1.xx.fbcdn.net\/v\/t39.30808-6\/518168225_1263763995759781_5584502653207966417_n.jpg?_nc_cat=107&amp;ccb=1-7&amp;_nc_sid=127cfc&amp;_nc_ohc=N0MjFQGxpQkQ7kNvwExniW6&amp;_nc_oc=AdmFGUlNm8EWTrCg3NWVZ5kZUP-kUjt8LIU0MFjn3icVdGy2r8IpBzZvsMf-RtkufD8rNK8nFhzrxXroTTaMUqgv&amp;_nc_zt=23&amp;_nc_ht=scontent-bcn1-1.xx&amp;_nc_gid=SY-h_OfdAkLpZNrljUt_3A&amp;oh=00_AfTfnwRTjyOxpzQ8vRc_VPkId8WfA6KT1euX_6Nyz0UJhA&amp;oe=687C82DC\">Imaxe<\/a> \/<\/li>\n<li>lobo ib\u00e9rico (Canis lupus signatus):<a href=\"https:\/\/es.wikipedia.org\/wiki\/Canis_lupus_signatus\"> wiki<\/a> \/<\/li>\n<\/ul>\n<p style=\"text-align: center\"><a href=\"https:\/\/upload.wikimedia.org\/wikipedia\/commons\/thumb\/7\/75\/Iberian_Wolf_AdF_001.jpg\/1280px-Iberian_Wolf_AdF_001.jpg\"><img loading=\"lazy\" decoding=\"async\" class=\"aligncenter size-large\" src=\"https:\/\/upload.wikimedia.org\/wikipedia\/commons\/thumb\/7\/75\/Iberian_Wolf_AdF_001.jpg\/1280px-Iberian_Wolf_AdF_001.jpg\" width=\"1280\" height=\"852\" \/><\/a><\/p>\n<p><!--more--><\/p>\n<p>El llobu ib\u00e9ricu (Canis lupus signatus) ye una subespecie de llobu reinal de la pen\u00ednsula ib\u00e9rica. La so proximid\u00e1 filogen\u00e9tica con otres poblaciones de llobu europ\u00e9u llev\u00f3 a munchos zo\u00f3logos fora de la pen\u00ednsula ib\u00e9rica a incluyilo dientro de la subespecie nominal C. l. lupus.<\/p>\n<p>Anat\u00f3micamente ye un llobu de tama\u00f1u mediu; los machos algamen hasta setenta cent\u00edmetros d&#8217;altor y cincuenta kilogramos de pesu. La pelame tien llurdios escuros na cola, parte anterior y cruz que dieron nome a la subespecie.<\/p>\n<p style=\"text-align: center\"><a href=\"https:\/\/upload.wikimedia.org\/wikipedia\/commons\/5\/57\/IberianWolf-Map.png\"><img loading=\"lazy\" decoding=\"async\" class=\"aligncenter size-large\" src=\"https:\/\/upload.wikimedia.org\/wikipedia\/commons\/5\/57\/IberianWolf-Map.png\" width=\"692\" height=\"535\" \/><\/a><\/p>\n<p>Anque hist\u00f3ricamente distribuy\u00edase abondosamente por tola pen\u00ednsula ib\u00e9rica, en 2018 caltiense con poblaciones relativamente estables al norte del Duero, ente que al sur la so poblaci\u00f3n ye fr\u00e1xil y ta estazada.<\/p>\n<p style=\"text-align: center\"><a href=\"https:\/\/upload.wikimedia.org\/wikipedia\/commons\/thumb\/f\/f9\/Canis_lupus_signatus_-_01.jpg\/1920px-Canis_lupus_signatus_-_01.jpg\"><img loading=\"lazy\" decoding=\"async\" class=\"aligncenter size-large\" src=\"https:\/\/upload.wikimedia.org\/wikipedia\/commons\/thumb\/f\/f9\/Canis_lupus_signatus_-_01.jpg\/1920px-Canis_lupus_signatus_-_01.jpg\" width=\"1920\" height=\"1152\" \/><\/a><\/p>\n<p style=\"text-align: center\">\n<!-- iframe plugin v.6.0 wordpress.org\/plugins\/iframe\/ -->\n<iframe loading=\"lazy\" src=\"https:\/\/www.facebook.com\/plugins\/post.php?href=https%3A%2F%2Fwww.facebook.com%2Fiberianwildlife1%2Fposts%2Fpfbid02TfMb9gY7bx2VouQ8bHS1nrwM19Gzk63fR13o97k66kYxQR8sh8pDZsdd5TczsZZAl&#038;show_text=false&#038;width=500\" width=\"500\" height=\"497\" style=\"border:none;overflow:hidden\" scrolling=\"no\" frameborder=\"0\" allowfullscreen=\"true\" allow=\"autoplay; clipboard-write; encrypted-media; picture-in-picture; web-share\" 0=\"\/iframe\" class=\"iframe-class\"><\/iframe>\n<\/p>\n<p style=\"text-align: center\">\n<!-- iframe plugin v.6.0 wordpress.org\/plugins\/iframe\/ -->\n<iframe loading=\"lazy\" src=\"https:\/\/www.facebook.com\/plugins\/video.php?height=476&#038;href=https%3A%2F%2Fwww.facebook.com%2FWWFEspana%2Fvideos%2F1635546470473484%2F&#038;show_text=false&#038;width=476&#038;t=0\" width=\"476\" height=\"476\" style=\"border:none;overflow:hidden\" scrolling=\"no\" frameborder=\"0\" allowfullscreen=\"true\" allow=\"autoplay; clipboard-write; encrypted-media; picture-in-picture; web-share\" 0=\"\/iframe\" class=\"iframe-class\"><\/iframe>\n<\/p>\n","protected":false},"excerpt":{"rendered":"<p>Imaxe \/ lobo ib\u00e9rico (Canis lupus signatus): wiki \/<\/p>\n","protected":false},"author":117,"featured_media":0,"comment_status":"closed","ping_status":"open","sticky":false,"template":"","format":"standard","meta":{"footnotes":""},"categories":[1],"tags":[],"class_list":["post-53015","post","type-post","status-publish","format-standard","hentry","category-sin-categoria"],"_links":{"self":[{"href":"https:\/\/edublog.educastur.es\/ixuxu\/wp-json\/wp\/v2\/posts\/53015","targetHints":{"allow":["GET"]}}],"collection":[{"href":"https:\/\/edublog.educastur.es\/ixuxu\/wp-json\/wp\/v2\/posts"}],"about":[{"href":"https:\/\/edublog.educastur.es\/ixuxu\/wp-json\/wp\/v2\/types\/post"}],"author":[{"embeddable":true,"href":"https:\/\/edublog.educastur.es\/ixuxu\/wp-json\/wp\/v2\/users\/117"}],"replies":[{"embeddable":true,"href":"https:\/\/edublog.educastur.es\/ixuxu\/wp-json\/wp\/v2\/comments?post=53015"}],"version-history":[{"count":3,"href":"https:\/\/edublog.educastur.es\/ixuxu\/wp-json\/wp\/v2\/posts\/53015\/revisions"}],"predecessor-version":[{"id":53139,"href":"https:\/\/edublog.educastur.es\/ixuxu\/wp-json\/wp\/v2\/posts\/53015\/revisions\/53139"}],"wp:attachment":[{"href":"https:\/\/edublog.educastur.es\/ixuxu\/wp-json\/wp\/v2\/media?parent=53015"}],"wp:term":[{"taxonomy":"category","embeddable":true,"href":"https:\/\/edublog.educastur.es\/ixuxu\/wp-json\/wp\/v2\/categories?post=53015"},{"taxonomy":"post_tag","embeddable":true,"href":"https:\/\/edublog.educastur.es\/ixuxu\/wp-json\/wp\/v2\/tags?post=53015"}],"curies":[{"name":"wp","href":"https:\/\/api.w.org\/{rel}","templated":true}]}}